{"id":198837,"date":"2025-10-24T17:56:13","date_gmt":"2025-10-24T17:56:13","guid":{"rendered":"https:\/\/www.europesays.com\/es\/198837\/"},"modified":"2025-10-24T17:56:13","modified_gmt":"2025-10-24T17:56:13","slug":"el-picasso-encontrado-en-madrid-nunca-salio-del-edificio-porque-lo-recogio-una-vecina-pensando-que-era-un-paquete","status":"publish","type":"post","link":"https:\/\/www.europesays.com\/es\/198837\/","title":{"rendered":"El &#8216;picasso&#8217; encontrado en Madrid nunca sali\u00f3 del edificio porque lo recogi\u00f3 una vecina pensando que era un paquete"},"content":{"rendered":"<p style=\"\">La Polic\u00eda Nacional ha confirmado este viernes que el <strong>cuadro de Pablo Picasso &#8216;Naturaleza muerta con guitarra&#8217;<\/strong> ha sido localizado en Madrid y cree nunca lleg\u00f3 a subir al cami\u00f3n de transporte para ser trasladado desde la capital para una exposici\u00f3n en Granada. Seg\u00fan  &#8230; ha informado la Polic\u00eda Nacional, agentes de la Brigada de Patrimonio Hist\u00f3rico mantienen abierta la investigaci\u00f3n una vez que agentes de Polic\u00eda Cient\u00edfica han inspeccionado el paquete que conten\u00eda el cuadro, comprobando que es la obra original del artista malague\u00f1o. La desaparici\u00f3n llev\u00f3 a la Polic\u00eda Nacional a introducir en la base de datos internacional de obras de arte sustra\u00eddas la informaci\u00f3n sobre el cuadro &#8216;Naturaleza muerta con guitarra&#8217; de Pablo Ruiz Picasso.<\/p>\n<p class=\"voc-p\" style=\"\">Todo surgi\u00f3 tras la denuncia por su desaparici\u00f3n cuando ten\u00eda que ser trasladada a principios de octubre junto con otras 56 obras desde Madrid a Granada para la exposici\u00f3n &#8216;Bodeg\u00f3n | La eternidad de lo inerte&#8217; del Centro Cultural CajaGranada. Seg\u00fan las primeras hip\u00f3tesis, el lienzo fue olvidado en el portal a los transportistas y una vecina lo subi\u00f3 a su casa <strong>pensado que era el paquete de un pedido<\/strong>. La cuesti\u00f3n es que la mujer nunca lo lleg\u00f3 a abrir y qued\u00f3 olvidado en una estancia de su domicilio. La irrupci\u00f3n de la noticia de la desaparici\u00f3n del cuadro en los medios alert\u00f3 a la familia, que busc\u00f3 el paquete hasta que lo encontr\u00f3.<\/p>\n<p class=\"voc-p\" style=\"\">En la investigaci\u00f3n han participado agentes del Grupo de Robos de la Polic\u00eda Nacional de Granada, en coordinaci\u00f3n con la Brigada de Patrimonio Hist\u00f3rico de este cuerpo seguridad para el \u00e1mbito estatal.<\/p>\n<p class=\"voc-p\" style=\"\">El 25 de septiembre esta obra de Picasso estaba <strong>supuestamente<\/strong>\u00a0<strong>almacenada en unas dependencias de Madrid<\/strong> con el resto de las que hab\u00edan de ser trasladadas a la ciudad de la Alhambra para la exposici\u00f3n. El traslado lo efectuaba una empresa de transporte que hizo noche en la localidad de Deifontes. Nunca lleg\u00f3 a cargar este elemento.<\/p>\n<p class=\"voc-p\" style=\"\">CajaGranada Fundaci\u00f3n comprob\u00f3 el pasado 6 de octubre, tras la llegada a la capital granadina de la mercanc\u00eda, que no estaba &#8216;Naturaleza muerta con guitarra&#8217;, cuadro de unas dimensiones de 12,7 x 9,8 cent\u00edmetros y procedente de una colecci\u00f3n particular, una obra asegurada en unos 600.000 euros.<\/p>\n","protected":false},"excerpt":{"rendered":"La Polic\u00eda Nacional ha confirmado este viernes que el cuadro de Pablo Picasso &#8216;Naturaleza muerta con guitarra&#8217; ha&hellip;\n","protected":false},"author":2,"featured_media":198838,"comment_status":"","ping_status":"","sticky":false,"template":"","format":"standard","meta":{"footnotes":""},"categories":[173],"tags":[229,233,231,230,29240,1779,11668,5835,232,234,37848,146,147,981,25,24,205,559,586,20577,23],"class_list":{"0":"post-198837","1":"post","2":"type-post","3":"status-publish","4":"format-standard","5":"has-post-thumbnail","7":"category-arte-y-diseno","8":"tag-arte","9":"tag-arte-y-diseno","10":"tag-arts","11":"tag-arts-and-design","12":"tag-ayer","13":"tag-confirma","14":"tag-creia","15":"tag-cuadro","16":"tag-design","17":"tag-diseno","18":"tag-encontrado","19":"tag-entertainment","20":"tag-entretenimiento","21":"tag-era","22":"tag-es","23":"tag-espana","24":"tag-madrid","25":"tag-picasso","26":"tag-policia","27":"tag-robado","28":"tag-spain"},"share_on_mastodon":{"url":"https:\/\/pubeurope.com\/@es\/115430436678290125","error":""},"_links":{"self":[{"href":"https:\/\/www.europesays.com\/es\/wp-json\/wp\/v2\/posts\/198837","targetHints":{"allow":["GET"]}}],"collection":[{"href":"https:\/\/www.europesays.com\/es\/wp-json\/wp\/v2\/posts"}],"about":[{"href":"https:\/\/www.europesays.com\/es\/wp-json\/wp\/v2\/types\/post"}],"author":[{"embeddable":true,"href":"https:\/\/www.europesays.com\/es\/wp-json\/wp\/v2\/users\/2"}],"replies":[{"embeddable":true,"href":"https:\/\/www.europesays.com\/es\/wp-json\/wp\/v2\/comments?post=198837"}],"version-history":[{"count":0,"href":"https:\/\/www.europesays.com\/es\/wp-json\/wp\/v2\/posts\/198837\/revisions"}],"wp:featuredmedia":[{"embeddable":true,"href":"https:\/\/www.europesays.com\/es\/wp-json\/wp\/v2\/media\/198838"}],"wp:attachment":[{"href":"https:\/\/www.europesays.com\/es\/wp-json\/wp\/v2\/media?parent=198837"}],"wp:term":[{"taxonomy":"category","embeddable":true,"href":"https:\/\/www.europesays.com\/es\/wp-json\/wp\/v2\/categories?post=198837"},{"taxonomy":"post_tag","embeddable":true,"href":"https:\/\/www.europesays.com\/es\/wp-json\/wp\/v2\/tags?post=198837"}],"curies":[{"name":"wp","href":"https:\/\/api.w.org\/{rel}","templated":true}]}}