{"id":198839,"date":"2025-10-24T17:57:33","date_gmt":"2025-10-24T17:57:33","guid":{"rendered":"https:\/\/www.europesays.com\/es\/198839\/"},"modified":"2025-10-24T17:57:33","modified_gmt":"2025-10-24T17:57:33","slug":"la-novela-deja-de-ser-del-autor-cuando-pasa-a-las-librerias","status":"publish","type":"post","link":"https:\/\/www.europesays.com\/es\/198839\/","title":{"rendered":"La novela deja de ser del autor cuando pasa a las librer\u00edas"},"content":{"rendered":"<p class=\"ft-text\">Fascinado por la Sagrada Familia y Barcelona desde su juventud, Jes\u00fas Bastante presenta en el foro del peri\u00f3dico su \u00faltima novela, \u00abEl aprendiz de Gaud\u00ed\u00bb, donde la figura del arquitecto modernista y su obra m\u00e1s conocida se entrelazan con una historia de amor en el que es el cuarto trabajo literario de este periodista.<\/p>\n<p><strong>Cumple con su tradici\u00f3n de venir a Zamora a presentar su novela, la cuarta, con el t\u00edtulo \u00abEl aprendiz de Gaud\u00ed\u00bb. \u00bfC\u00f3mo surgi\u00f3 la historia?<\/strong><\/p>\n<p>Nace de varias fuentes. La primera es muy personal, porque yo tengo familia en Catalu\u00f1a e incluso he vivido all\u00ed un tiempo. En mi adolescencia, adem\u00e1s, visit\u00e9 las obras de la Sagrada Familia justo antes de los Juegos Ol\u00edmpicos de Barcelona, cuando estaban casi en punto muerto. Me enamor\u00e9 de la torre de San Bernab\u00e9 y tuve la suerte de conocer a gente de mi edad que era del barrio y usaba esa torre como su particular casa del \u00e1rbol. Formaba parte de su lugar de juegos y de aprendizaje. De ah\u00ed surgi\u00f3 la idea de narrar en ese lugar una historia de amor, pero no solo en ese escenario, sino dentro de la construcci\u00f3n de una bas\u00edlica, de una ciudad y de un mundo que estaba cambiando. La verdad es que tanto la Sagrada Familia como Gaud\u00ed y Barcelona aportaban mucho a la historia.<\/p>\n<p><img decoding=\"async\" src=\"https:\/\/www.europesays.com\/es\/wp-content\/uploads\/2025\/10\/597e0947-7bdd-4e23-b347-043cadf333c6_alta-libre-aspect-ratio_default_0.jpg\" width=\"1200\" height=\"800\" alt=\"CLUB LA OPINI\u00d3N-EL CORREO DE ZAMORA Presentaci\u00f3n literaria. &quot;El aprendiz de Gaud\u00ed &quot;, de Jes\u00fas Bastante\" class=\"ft-helper-img-rd\" loading=\"lazy\" hasdataaida=\"true\"\/><\/p>\n<p class=\"ft-helper-fontColor-quaternary ft-helper-fontSize-body-S ft-helper-spacer-t-xxs\">CLUB LA OPINI\u00d3N-EL CORREO DE ZAMORA Presentaci\u00f3n literaria. \u00abEl aprendiz de Gaud\u00ed \u00ab, de Jes\u00fas Bastante  \/ Victor Garrido \/ LZA<\/p>\n<p><strong>\u00bfTener de escenario un espacio real le oblig\u00f3 a realizar una exhaustiva labor de documentaci\u00f3n?<\/strong><\/p>\n<p>Siempre me preocupa mucho estar bien documentado, porque la mayor\u00eda de mis novelas son ficci\u00f3n hist\u00f3rica y cualquier error te desacredita el texto. Para esta novela tambi\u00e9n me he documentado mucho en el \u00e1mbito arquitect\u00f3nico, consultando con expertos no solo en arquitectura, sino tambi\u00e9n en historia de la \u00e9poca o en el lenguaje que se utilizaba, porque no quer\u00eda que hubiera ning\u00fan error de ese tipo. En este sentido, me ocurri\u00f3 una an\u00e9cdota curiosa: cuando le ped\u00ed al cardenal Omella poder visitar la Sagrada Familia de una manera m\u00e1s privada, uno de los gu\u00edas era uno de aquellos chavales con los que hab\u00eda hecho amistad en mi adolescencia y que se hab\u00eda hecho historiador del arte. Todo este trabajo tambi\u00e9n lo hago para ayudar al lector a meterse en la historia, sin que nada le pueda sonar raro, sobre todo si es de Barcelona.<\/p>\n<p>Segunda edici\u00f3n y una gran acogida<\/p>\n<p><strong>Alcanzada la segunda edici\u00f3n, \u00bfc\u00f3mo ha sido la acogida del libro?<\/strong><\/p>\n<p>La presentaci\u00f3n la pude hacer en la propia Sagrada Familia, era la primera vez que dejaban presentar una novela all\u00ed y lo hizo Carmen Juan, subdirectora del programa \u00abJulia en la Onda\u00bb, porque es vecina del barrio. Me confes\u00f3 que le hab\u00eda encantado leerlo, descubriendo aspectos de la Sagrada Familia que ella misma desconoc\u00eda, a pesar de haberla visto durante toda su infancia y juventud. As\u00ed que creo que algo significa si un relato, al menos, es preciso y puede ense\u00f1ar cosas incluso a quienes han vivido durante tantos a\u00f1os frente a este monumento. La cr\u00edtica est\u00e1 siendo muy amable y tambi\u00e9n la participaci\u00f3n de los lectores. Me escribe mucha gente que incluso me obliga a releerme la novela, porque descubren cosas que no estaban en mi intenci\u00f3n ni en mis pensamientos. Est\u00e1 claro que, al final, las novelas dejan de ser de los autores cuando pasan a las librer\u00edas, lo que es algo maravilloso. El lector la completa y te ofrece otras perspectivas de tu propia obra. Yo no quiero darle todo mascado ni obligarle a que vea lo mismo que yo, eso ser\u00eda muy aburrido e, incluso, limitante.<\/p>\n<p><img decoding=\"async\" src=\"https:\/\/www.europesays.com\/es\/wp-content\/uploads\/2025\/10\/ed80b1eb-e557-42f0-9e42-6e2e6f467335_alta-libre-aspect-ratio_default_0.jpg\" width=\"1200\" height=\"800\" alt=\"CLUB LA OPINI\u00d3N-EL CORREO DE ZAMORA Presentaci\u00f3n literaria. &quot;El aprendiz de Gaud\u00ed &quot;, de Jes\u00fas Bastante\" class=\"ft-helper-img-rd\" loading=\"lazy\" hasdataaida=\"true\"\/><\/p>\n<p class=\"ft-helper-fontColor-quaternary ft-helper-fontSize-body-S ft-helper-spacer-t-xxs\">CLUB LA OPINI\u00d3N-EL CORREO DE ZAMORA Presentaci\u00f3n literaria. \u00abEl aprendiz de Gaud\u00ed \u00ab, de Jes\u00fas Bastante  \/ Victor Garrido \/ LZA<\/p>\n<p><strong>\u00bfConf\u00eda en que la novela pueda viajar m\u00e1s all\u00e1 de Espa\u00f1a, teniendo en cuenta que la Sagrada Familia es mundialmente conocida?<\/strong><\/p>\n<p>Tambi\u00e9n el propio Gaud\u00ed es una figura universal que llama la atenci\u00f3n a personalidades de todo tipo. Yo me he topado con una lectora japonesa que es traductora y que se ofreci\u00f3 a traducir la novela a su idioma, por ejemplo. Acercarse ahora a la Sagrada Familia es ciertamente complicado, me refiero a poder hacer una visita tranquila, sin aglomeraciones de turistas, intentando buscar los ecos que hay detr\u00e1s del sue\u00f1o de Gaud\u00ed. Pero he intentado evocar las ilusiones que le hicieron construir esta maravilla y las razones por las que quiso levantar el templo.<\/p>\n<p>Todos los protagonistas de la novela<\/p>\n<p><strong>Aunque Gaud\u00ed no es protagonista, s\u00ed que es un personaje secundario importante, pero, \u00bfqu\u00e9 puede decir del verdadero h\u00e9roe de la historia?<\/strong><\/p>\n<p>El arquitecto aparece much\u00edsimo en las p\u00e1ginas de la novela, as\u00ed como la Sagrada Familia y la propia ciudad de Barcelona, pero los verdaderos protagonistas son Pau, un chico de la calle, y Rosetta, que fue un personaje real, la sobrina del arquitecto, con una personalidad y un car\u00e1cter muy complicados.<\/p>\n<p><strong>\u00bfDisfruta m\u00e1s escribiendo novelas o elaborando ensayos?<\/strong><\/p>\n<p>Hace ya tiempo decid\u00ed que, a no ser que fuera absolutamente necesario, iba a dejar a un lado los ensayos, porque los periodistas bastante hacemos cuando escribimos, intentando contar verdades. A m\u00ed me oxigena escribir novela y, modestamente, creo que tengo un recorrido ya en este \u00e1mbito y quiero seguir potenci\u00e1ndolo.<\/p>\n<p>La forma de escribir de un periodista<\/p>\n<p><strong>\u00bfSe escribe de otra manera siendo periodista?<\/strong><\/p>\n<p>Creo que uno sigue intentando ofrecer datos fiables, hablar con todo el mundo para informarse, aunque sin pervertir esa parte de imaginaci\u00f3n y de fantas\u00eda que creo que debe tener toda novela. Y, en concreto, las novelas hist\u00f3ricas ahora tienden no solo a contar una historia del pasado, sino permitir que el lector se meta en un mundo que existi\u00f3, aunque no as\u00ed la trama.<\/p>\n<p><img decoding=\"async\" src=\"https:\/\/www.europesays.com\/es\/wp-content\/uploads\/2025\/10\/e3af6e85-89eb-408a-a260-fa4459a3ede5_alta-libre-aspect-ratio_default_0.jpg\" width=\"1200\" height=\"800\" alt=\"CLUB LA OPINI\u00d3N-EL CORREO DE ZAMORA Presentaci\u00f3n literaria. &quot;El aprendiz de Gaud\u00ed &quot;, de Jes\u00fas Bastante\" class=\"ft-helper-img-rd\" loading=\"lazy\" hasdataaida=\"true\"\/><\/p>\n<p class=\"ft-helper-fontColor-quaternary ft-helper-fontSize-body-S ft-helper-spacer-t-xxs\">CLUB LA OPINI\u00d3N-EL CORREO DE ZAMORA Presentaci\u00f3n literaria. \u00abEl aprendiz de Gaud\u00ed \u00ab, de Jes\u00fas Bastante  \/ Victor Garrido \/ LZA<\/p>\n<p><strong>En su labor de periodista, \u00bfqu\u00e9 papel desarrolla su medio, Religi\u00f3n Digital, en el panorama nacional?<\/strong><\/p>\n<p>Suelo decir que somos cabeza de rat\u00f3n. En un \u00e1mbito como el de la religi\u00f3n, que no es precisamente el que copa todos los titulares, excepto si hay esc\u00e1ndalos o fallece un papa, tenemos una presencia y una influencia muy estable e importante en nuestro \u00e1mbito, no solo en Espa\u00f1a, sino a nivel mundial. Nos leen en 194 pa\u00edses, estamos presentes en todas partes y somos bastante influyentes, dentro de todo lo influyente que debe ser un periodista, pero ese es otro debate. Intentamos hacer una informaci\u00f3n profesional sin pertenecer org\u00e1nicamente a ninguna instituci\u00f3n de la Iglesia.<\/p>\n<p>Un medio de comunicaci\u00f3n centrado en la religi\u00f3n<\/p>\n<p><strong>\u00bfC\u00f3mo se mantiene?<\/strong><\/p>\n<p>Religi\u00f3n Digital es una empresa familiar, con cinco accionistas que intentamos ser lo m\u00e1s profesionales posible. Evidentemente, yo soy creyente, pero intento que no me tamice eso m\u00e1s all\u00e1 de poder perseguir la verdad desde el punto de vista cristiano, que tambi\u00e9n es muy period\u00edstico. Pero no estamos concernidos a que una di\u00f3cesis determinada o una congregaci\u00f3n nos prohiba escribir alg\u00fan tema.<\/p>\n<p><strong>La visi\u00f3n que se plantea en los art\u00edculos de este medio, \u00bfayuda a que la sociedad pueda tener una imagen m\u00e1s cercana de la Iglesia?<\/strong><\/p>\n<p>No es un objetivo buscado en s\u00ed, pero se convierte en una realidad, porque nosotros hacemos entre treinta y cuarenta informaciones al d\u00eda, aunque no solo de temas lit\u00fargicos y cat\u00f3licos. Hablamos de cultura, de turismo, de la vida en la di\u00f3cesis, hacemos cr\u00edtica de libros, hay opini\u00f3n de te\u00f3logos\u2026 Intentamos dignificar el hecho religioso como elemento informativo. Y ah\u00ed s\u00ed que hacemos una labor que creo que no hace nadie m\u00e1s, a trav\u00e9s de una informaci\u00f3n profesional en un \u00e1mbito donde no siempre se ha hecho.<\/p>\n","protected":false},"excerpt":{"rendered":"Fascinado por la Sagrada Familia y Barcelona desde su juventud, Jes\u00fas Bastante presenta en el foro del peri\u00f3dico&hellip;\n","protected":false},"author":2,"featured_media":198840,"comment_status":"","ping_status":"","sticky":false,"template":"","format":"standard","meta":{"footnotes":""},"categories":[172],"tags":[224,54889,51,146,147,25,5235,24,5782,54888,225,1645,2151,5398,11600,23],"class_list":{"0":"post-198839","1":"post","2":"type-post","3":"status-publish","4":"format-standard","5":"has-post-thumbnail","7":"category-libros","8":"tag-books","9":"tag-club-la-opinion-el-correo-de-zamora","10":"tag-deja","11":"tag-entertainment","12":"tag-entretenimiento","13":"tag-es","14":"tag-escritor","15":"tag-espana","16":"tag-jesus","17":"tag-jesus-bastante","18":"tag-libros","19":"tag-novela","20":"tag-periodismo","21":"tag-periodista","22":"tag-sagrada-familia","23":"tag-spain"},"share_on_mastodon":{"url":"https:\/\/pubeurope.com\/@es\/115430440736104062","error":""},"_links":{"self":[{"href":"https:\/\/www.europesays.com\/es\/wp-json\/wp\/v2\/posts\/198839","targetHints":{"allow":["GET"]}}],"collection":[{"href":"https:\/\/www.europesays.com\/es\/wp-json\/wp\/v2\/posts"}],"about":[{"href":"https:\/\/www.europesays.com\/es\/wp-json\/wp\/v2\/types\/post"}],"author":[{"embeddable":true,"href":"https:\/\/www.europesays.com\/es\/wp-json\/wp\/v2\/users\/2"}],"replies":[{"embeddable":true,"href":"https:\/\/www.europesays.com\/es\/wp-json\/wp\/v2\/comments?post=198839"}],"version-history":[{"count":0,"href":"https:\/\/www.europesays.com\/es\/wp-json\/wp\/v2\/posts\/198839\/revisions"}],"wp:featuredmedia":[{"embeddable":true,"href":"https:\/\/www.europesays.com\/es\/wp-json\/wp\/v2\/media\/198840"}],"wp:attachment":[{"href":"https:\/\/www.europesays.com\/es\/wp-json\/wp\/v2\/media?parent=198839"}],"wp:term":[{"taxonomy":"category","embeddable":true,"href":"https:\/\/www.europesays.com\/es\/wp-json\/wp\/v2\/categories?post=198839"},{"taxonomy":"post_tag","embeddable":true,"href":"https:\/\/www.europesays.com\/es\/wp-json\/wp\/v2\/tags?post=198839"}],"curies":[{"name":"wp","href":"https:\/\/api.w.org\/{rel}","templated":true}]}}