{"id":198841,"date":"2025-10-24T17:58:10","date_gmt":"2025-10-24T17:58:10","guid":{"rendered":"https:\/\/www.europesays.com\/es\/198841\/"},"modified":"2025-10-24T17:58:10","modified_gmt":"2025-10-24T17:58:10","slug":"frankie-muniz-se-salta-las-normas-y-comparte-una-nueva-imagen-del-revival-de-malcolm-in-the-middle","status":"publish","type":"post","link":"https:\/\/www.europesays.com\/es\/198841\/","title":{"rendered":"Frankie Muniz &#8216;se salta las normas&#8217; y comparte una nueva imagen del revival de &#8216;Malcolm in the Middle&#8217;"},"content":{"rendered":"<p class=\"article-text\">\n        La nostalgia vuelve a llamar a la puerta de los seguidores de <strong>Malcolm in the Middle<\/strong>. <strong>Frankie Muniz<\/strong>, el actor que dio vida al m\u00edtico Malcolm, ha compartido una <strong>nueva imagen<\/strong> del esperado <a href=\"https:\/\/www.eldiario.es\/vertele\/series\/vuelve-malcolm-in-the-middle-disney-anuncia-regreso-serie-frankie-muniz-bryan-cranston-jane-kaczmarek_1_11901140.html\" target=\"_blank\" data-mrf-recirculation=\"links-noticia\" class=\"link\" rel=\"nofollow noopener\"><strong>revival<\/strong><\/a><a href=\"https:\/\/www.eldiario.es\/vertele\/series\/vuelve-malcolm-in-the-middle-disney-anuncia-regreso-serie-frankie-muniz-bryan-cranston-jane-kaczmarek_1_11901140.html\" target=\"_blank\" data-mrf-recirculation=\"links-noticia\" class=\"link\" rel=\"nofollow noopener\"> de la serie<\/a> de los 2000: aparece junto a <strong>Christopher Masterson<\/strong> (Francis) y <strong>Justin Berfield<\/strong> (Reese), sus hermanos en la ficci\u00f3n. Aunque reconoci\u00f3 que le hab\u00eda pedido no ense\u00f1ar nada en sus redes, el actor no pudo contenerse: \u201cEstoy muy emocionado\u201d.\n    <\/p>\n<p>    <a href=\"https:\/\/www.eldiario.es\/vertele\/series\/nueva-serie-malcolm-in-the-middle-disney-nuevos-fichajes-actores-dewy-erik-per-sullivan_1_12169252.html\" data-mrf-recirculation=\"saber-mas\" data-dl-event=\"saber-mas\" rel=\"nofollow noopener\" target=\"_blank\"><\/p>\n<p class=\"know-more__title\">La nueva serie de &#8216;Malcolm in the Middle&#8217; en Disney+ anuncia nuevos fichajes y confirma la baja de un importante actor<\/p>\n<p>            <img decoding=\"async\" class=\"lazy\" loading=\"lazy\" data-src=\"https:\/\/static.eldiario.es\/clip\/28be61c3-3733-4924-a43d-18c02dc70618_16-9-aspect-ratio_default_0.png\" src=\"data:image\/svg+xml,%3Csvg xmlns=\" http:=\"\" viewbox=\"0 0 880 495\" alt=\"La nueva serie de 'Malcolm in the Middle' en Disney+ anuncia nuevos fichajes y confirma la baja de un importante actor\"\/><\/p>\n<p>                        <\/a><\/p>\n<p class=\"article-text\">\n        Cuando han pasado 18 a\u00f1os del desenlace, la ficticia familia Wilkerson volver\u00e1 a nuestra peque\u00f1a pantalla con el revival que <strong>Disney+<\/strong> est\u00e1 preparando. <strong>Malcolm: Life&#8217;s Still Unfair<\/strong><strong> <\/strong>contar\u00e1 con <strong>cuatro episodios<\/strong> especiales que mostrar\u00e1n c\u00f3mo es la vida actual de cada uno de sus protagonistas. En esta ocasi\u00f3n, la historia arranca con Malcolm y su hija viviendo el habitual caos que siempre form\u00f3 parte de estos personajes tan queridos por el p\u00fablico.\n    <\/p>\n<p class=\"article-text\">\n        Sus grabaciones ya est\u00e1n en marcha y, para sorpresa de sus seguidores, Muniz comparti\u00f3 una imagen para abrir boca y mostrar c\u00f3mo ha cambiado el tr\u00edo de hermanos. \u201c<strong>Me dijeron que no publicara esto todav\u00eda<\/strong>, pero he recordado la canci\u00f3n de cabecera y estoy muy emocionado porque ve\u00e1is los nuevos episodios. <strong>Echo de menos a mis hermanos<\/strong>\u201d, asegur\u00f3 a trav\u00e9s de su perfil de X.\n    <\/p>\n<p class=\"article-text\">\n        Como era de esperar, la publicaci\u00f3n se convirti\u00f3 en viral. El regreso de Malcolm in the Middle lleva generando gran expectaci\u00f3n desde que Disney+ diese luz verde al proyecto en noviembre de 2024. Poco a poco, la plataforma fue compartiendo <strong>detalles clave <\/strong>para que la audiencia supiese cu\u00e1l iba a ser el punto de partida en esta nueva etapa de los Wilkerson. Cabe recordar la <strong>ausencia de Erik Per Sullivan<\/strong>, quien dio vida al peque\u00f1o Dewey.\n    <\/p>\n<blockquote class=\"twitter-tweet\" data-lang=\"es\"><p><a href=\"https:\/\/twitter.com\/X\/status\/1981443471597609081?ref_src=twsrc%5Etfw\" rel=\"nofollow noopener\" target=\"_blank\"><\/p><\/blockquote>\n<p>    Todos los detalles sobre el revival de &#8216;Malcolm&#8217;<\/p>\n<p class=\"article-text\">\n        El revival de Malcolm contar\u00e1 con la participaci\u00f3n de <strong>Frankie Muniz\u00a0<\/strong>(Malcolm),\u00a0<strong>Bryan Cranston\u00a0<\/strong>(Hal) y\u00a0<strong>Jane Kaczmarek\u00a0<\/strong>(Lois), a quienes tambi\u00e9n se han sumado tambi\u00e9n\u00a0<strong>Christopher Masterson\u00a0<\/strong>(Francis) y\u00a0<strong>Justin Berfield\u00a0<\/strong>(Reese). <strong>Keeley Karsten<\/strong>, quien da vida a Leah, la hija del protagonista. La joven ha heredado la impulsividad, el humor sarc\u00e1stico y la inteligencia que tanto caracteriz\u00f3 a su padre en la serie. Pero no es la \u00fanica incorporaci\u00f3n que ya se ha desvelado.\n    <\/p>\n<p>    <a href=\"https:\/\/www.eldiario.es\/vertele\/audiencias-tv\/jueves-23-octubre-2025-el-hormiguero-bate-dos-records-isabel-presyler-supervivientes-all-stars-abre-otro-semana-final_1_12710731.html\" data-mrf-recirculation=\"saber-mas-abajo\" data-dl-event=\"saber-mas-abajo\" rel=\"nofollow noopener\" target=\"_blank\"><\/p>\n<p class=\"know-more__title\">&#8216;El Hormiguero&#8217; (20.1%) bate dos r\u00e9cords con Isabel Preysler y &#8216;Supervivientes&#8217; (18.9%) abre con otro su semana final<\/p>\n<p>            <img decoding=\"async\" class=\"lazy\" loading=\"lazy\" data-src=\"https:\/\/static.eldiario.es\/clip\/a0715fb2-2631-4012-89e0-6e309c385b4b_16-9-aspect-ratio_default_0.jpg\" src=\"data:image\/svg+xml,%3Csvg xmlns=\" http:=\"\" viewbox=\"0 0 880 495\" alt=\"'El Hormiguero' (20.1%) bate dos r\u00e9cords con Isabel Preysler y 'Supervivientes' (18.9%) abre con otro su semana final\"\/><\/p>\n<p>                        <\/a><\/p>\n<p class=\"article-text\">\n        Se confirm\u00f3 tambi\u00e9n la incorporaci\u00f3n de <strong>Caleb Ellsworth-Clark<\/strong> para dar vida a Dewy, junto con <strong>Vaughan Murrae<\/strong>, interpretando a\u00a0Kelly, el nuevo hijo menor de Hal y Lois. Asimismo,\u00a0<strong>Anthony Timpano<\/strong>\u00a0se pondr\u00e1 en la piel de\u00a0Jamie, el benjam\u00edn de la familia, al que la audiencia conoci\u00f3 en la cuarta temporada de la ficci\u00f3n original. El <strong>estreno <\/strong>de Malcolm: Life&#8217;s Still Unfair est\u00e1 previsto para <strong>abril de 2026<\/strong>.\n    <\/p>\n<p>                                    <script async src=\"https:\/\/platform.twitter.com\/widgets.js\" charset=\"utf-8\"><\/script><\/p>\n","protected":false},"excerpt":{"rendered":"La nostalgia vuelve a llamar a la puerta de los seguidores de Malcolm in the Middle. Frankie Muniz,&hellip;\n","protected":false},"author":2,"featured_media":198842,"comment_status":"","ping_status":"","sticky":false,"template":"","format":"standard","meta":{"footnotes":""},"categories":[171],"tags":[38868,1994,146,147,25,24,17171,54890,1157,3390,54891,54892,51364,795,21180,23,3498,214],"class_list":{"0":"post-198841","1":"post","2":"type-post","3":"status-publish","4":"format-standard","5":"has-post-thumbnail","7":"category-tv","8":"tag-aviva","9":"tag-comparte","10":"tag-entertainment","11":"tag-entretenimiento","12":"tag-es","13":"tag-espana","14":"tag-expectacion","15":"tag-frankie","16":"tag-imagen","17":"tag-in","18":"tag-malcolm","19":"tag-middle","20":"tag-muniz","21":"tag-nueva","22":"tag-revival","23":"tag-spain","24":"tag-the","25":"tag-tv"},"share_on_mastodon":{"url":"https:\/\/pubeurope.com\/@es\/115430444673476982","error":""},"_links":{"self":[{"href":"https:\/\/www.europesays.com\/es\/wp-json\/wp\/v2\/posts\/198841","targetHints":{"allow":["GET"]}}],"collection":[{"href":"https:\/\/www.europesays.com\/es\/wp-json\/wp\/v2\/posts"}],"about":[{"href":"https:\/\/www.europesays.com\/es\/wp-json\/wp\/v2\/types\/post"}],"author":[{"embeddable":true,"href":"https:\/\/www.europesays.com\/es\/wp-json\/wp\/v2\/users\/2"}],"replies":[{"embeddable":true,"href":"https:\/\/www.europesays.com\/es\/wp-json\/wp\/v2\/comments?post=198841"}],"version-history":[{"count":0,"href":"https:\/\/www.europesays.com\/es\/wp-json\/wp\/v2\/posts\/198841\/revisions"}],"wp:featuredmedia":[{"embeddable":true,"href":"https:\/\/www.europesays.com\/es\/wp-json\/wp\/v2\/media\/198842"}],"wp:attachment":[{"href":"https:\/\/www.europesays.com\/es\/wp-json\/wp\/v2\/media?parent=198841"}],"wp:term":[{"taxonomy":"category","embeddable":true,"href":"https:\/\/www.europesays.com\/es\/wp-json\/wp\/v2\/categories?post=198841"},{"taxonomy":"post_tag","embeddable":true,"href":"https:\/\/www.europesays.com\/es\/wp-json\/wp\/v2\/tags?post=198841"}],"curies":[{"name":"wp","href":"https:\/\/api.w.org\/{rel}","templated":true}]}}