{"id":198845,"date":"2025-10-24T18:00:11","date_gmt":"2025-10-24T18:00:11","guid":{"rendered":"https:\/\/www.europesays.com\/es\/198845\/"},"modified":"2025-10-24T18:00:11","modified_gmt":"2025-10-24T18:00:11","slug":"el-instituto-de-cultura-tradicional-preestrena-el-documental-madera-para-este-fuego","status":"publish","type":"post","link":"https:\/\/www.europesays.com\/es\/198845\/","title":{"rendered":"El Instituto de Cultura Tradicional preestrena el documental &#8216;Madera para este fuego&#8217;"},"content":{"rendered":"<p>El Teatro Juan Bravo de la Diputaci\u00f3n acogi\u00f3 ayer el preestreno del documental &#8216;Madera para este fuego&#8217;, un largometraje impulsado gracias a la Beca de Investigaci\u00f3n del a\u00f1o 2022 del Instituto de la Cultura Tradicional Segoviana Manuel Gonz\u00e1lez Herrero.<\/p>\n<p>Al acto acudi\u00f3 el vicepresidente primero y titular de Cultura, Juventud y Deportes, Jos\u00e9 Mar\u00eda Bravo, quien afirm\u00f3 en el coloquio posterior que \u00abse decidi\u00f3 apostar por este trabajo debido a su relevancia en cuanto a la promoci\u00f3n de la cultura tradicional segoviana a trav\u00e9s de la artesan\u00eda, los ritos y la gastronom\u00eda\u00bb.<\/p>\n<p>Durante ochenta y dos minutos, producidos por \u00a1Qu\u00e9 maja! Pel\u00edculas, el espectador recorre las localidades segovianas de Arcones, Arroyo de Cu\u00e9llar, Pinarnegrillo y Rebollar. En ellas, el documental refleja desde c\u00f3mo una hija cuestiona la herencia familiar de ser tejedora de gorros de paja hasta c\u00f3mo un horno de le\u00f1a en ruinas puede suponer una sentencia de muerte para la elaboraci\u00f3n de una receta tradicional.<\/p>\n<p>En sus palabras, Bravo tambi\u00e9n quiso destacar el impulso de la instituci\u00f3n provincial, \u00abque ha destinado casi treinta mil euros a un proyecto que promete revelar por qu\u00e9 se siguen manteniendo ciertos saberes tradicionales ante un mundo tan globalizado\u00bb.<\/p>\n<p>En palabras de la directora de la pel\u00edcula, Celia de Coca &#8211; recientemente destacada en el Festival de Cine de Alcances y L&#8217;Alternativa de Barcelona -, el documental se erige como \u00abla primera vez en la cual las tradiciones se observan como una necesidad social\u00bb. Asimismo, De Coca incide en que \u00abse pretende dar un punto de vista diferente en el que, en vez de poner el foco en la descripci\u00f3n del rito, se persigue adentrarse en las relaciones humanas que garantizan su supervivencia\u00bb.<\/p>\n","protected":false},"excerpt":{"rendered":"El Teatro Juan Bravo de la Diputaci\u00f3n acogi\u00f3 ayer el preestreno del documental &#8216;Madera para este fuego&#8217;, un&hellip;\n","protected":false},"author":2,"featured_media":198846,"comment_status":"","ping_status":"","sticky":false,"template":"","format":"standard","meta":{"footnotes":""},"categories":[169],"tags":[54896,210,177,8359,6084,146,147,25,24,176,54893,175,54894,23,54895],"class_list":{"0":"post-198845","1":"post","2":"type-post","3":"status-publish","4":"format-standard","5":"has-post-thumbnail","7":"category-cine","8":"tag-arcones","9":"tag-barcelona","10":"tag-cine","11":"tag-cuellar","12":"tag-documental","13":"tag-entertainment","14":"tag-entretenimiento","15":"tag-es","16":"tag-espana","17":"tag-film","18":"tag-jose-maria-bravo","19":"tag-movies","20":"tag-municipio-de-coca","21":"tag-spain","22":"tag-teatro-juan-bravo"},"share_on_mastodon":{"url":"https:\/\/pubeurope.com\/@es\/115430452391370161","error":""},"_links":{"self":[{"href":"https:\/\/www.europesays.com\/es\/wp-json\/wp\/v2\/posts\/198845","targetHints":{"allow":["GET"]}}],"collection":[{"href":"https:\/\/www.europesays.com\/es\/wp-json\/wp\/v2\/posts"}],"about":[{"href":"https:\/\/www.europesays.com\/es\/wp-json\/wp\/v2\/types\/post"}],"author":[{"embeddable":true,"href":"https:\/\/www.europesays.com\/es\/wp-json\/wp\/v2\/users\/2"}],"replies":[{"embeddable":true,"href":"https:\/\/www.europesays.com\/es\/wp-json\/wp\/v2\/comments?post=198845"}],"version-history":[{"count":0,"href":"https:\/\/www.europesays.com\/es\/wp-json\/wp\/v2\/posts\/198845\/revisions"}],"wp:featuredmedia":[{"embeddable":true,"href":"https:\/\/www.europesays.com\/es\/wp-json\/wp\/v2\/media\/198846"}],"wp:attachment":[{"href":"https:\/\/www.europesays.com\/es\/wp-json\/wp\/v2\/media?parent=198845"}],"wp:term":[{"taxonomy":"category","embeddable":true,"href":"https:\/\/www.europesays.com\/es\/wp-json\/wp\/v2\/categories?post=198845"},{"taxonomy":"post_tag","embeddable":true,"href":"https:\/\/www.europesays.com\/es\/wp-json\/wp\/v2\/tags?post=198845"}],"curies":[{"name":"wp","href":"https:\/\/api.w.org\/{rel}","templated":true}]}}