{"id":198855,"date":"2025-10-24T18:05:17","date_gmt":"2025-10-24T18:05:17","guid":{"rendered":"https:\/\/www.europesays.com\/es\/198855\/"},"modified":"2025-10-24T18:05:17","modified_gmt":"2025-10-24T18:05:17","slug":"santana-vendera-3-000-coches-en-2026-tras-su-renacer-como-marca-expansion","status":"publish","type":"post","link":"https:\/\/www.europesays.com\/es\/198855\/","title":{"rendered":"Santana vender\u00e1 3.000 coches en 2026 tras su renacer como marca &#8211; Expansi\u00f3n"},"content":{"rendered":"<ol>\n<li><a href=\"https:\/\/news.google.com\/rss\/articles\/CBMiiAFBVV95cUxQUzlFRWhPWXVqLW9KOU1JWTRobDYtSTdIYUx1Ni12TUdwSVgxc21xRXpNcmdxdTd0OHhFdnBwVGk2SEc1MHhad3d3MEp1Z1NuaXc2XzY3U0JERk0yZ2RBUWZEUXIzM0RNQmhsX00zQVlaUUdCeXZmdGpqU040cklYOGtjUThfS0h60gGIAUFVX3lxTE1kR0k0Z0tEV0tRTm52aEk2YnJyUzNnZ3BVRWNPTTdCa1p2MUI1ZGFoZ3NWcGZzOU9UbkxhVEp4VmNGMW84SFRnMFdOcVZKa21Dc2hJLXpHcGRnUGxiMWY2dkJwQnczTzdxMHNWak1WUGFLVExpSFNGT1VrUkY2d1hJNHJRYlhFV2M?oc=5\" target=\"_blank\" rel=\"nofollow noopener\">Santana vender\u00e1 3.000 coches en 2026 tras su renacer como marca<\/a>&nbsp;&nbsp;Expansi\u00f3n<\/li>\n<li><a href=\"https:\/\/news.google.com\/rss\/articles\/CBMi6wFBVV95cUxQWWM3WG9CTm5XUmEwVXByWi1ra2J6aGVhbUFqVGdjZ0NZZk5VbXF5UVdCTlM4ZVJMQkpIVlc3aEdqSnJHUmFqWkY1dzZPRWNLai1NMFZjZDZYTzZ0NV9pTVRhMlM4V1diUUN1MHM0TXJUZm10NE5UbkRCRGRhNjc2R2FOR3piYVNBeldtME5iZlBwTWh0X2dDSWhwMmtwMHVIRHh3VEhoSy1JbE1rV0l6MGdGdUE5SHFueUZPWHRFWHF0YXVEU1RVMzVsbUNKUXM4NjhfZk1fSG43SlVDRUFkUThDVmdSYXRMN3FB0gHWAUFVX3lxTE9yOG5Ddlh4MkZ4Y1VaWkpMSnotVHg4VFg3LXBqSHQ0TUt6RjNDN2I5ejZnMlg3MC1IVkxQcHpscHBVVVVFbG1mY3BDYTkyTFJsdlBYT2dySzZSRmZPNjVBUWU3d0ktM2YySGsybDY0Ry1OeFk4bVBwRnFJNnBQUEpvRDA5Mi1KWmFRS0NVTkcyR0YtUEJLWGVNYmJNYlZ0c3ZrSGNIOWl6OWV4NllZRlBNcktVLWRlYW1jdWtxRzhQcGxCRHdBZVQ5c0pCQS1tRTN5OGo5YVE?oc=5\" target=\"_blank\" rel=\"nofollow noopener\">Santana Motors arranca sus operaciones con el objetivo vender cerca de 3.000 unidades en 2026<\/a>&nbsp;&nbsp;El Economista<\/li>\n<li><a href=\"https:\/\/news.google.com\/rss\/articles\/CBMiuwFBVV95cUxQRVpFMElVZWZtY0Via096VThIZF96S1loWXA5dmQwaXJRMFRDcmdIUk9NSkNxbmcxSmlZX3VsRXUta1RnZ2t0SHVoYXc0SUhkTmFpM2E0ZUo0dHRhLUlWQnZrU0NnZWx1b0h1b0UwYWhXU1BzVndIc0pUWWFzaTVTY2wzUUc0OFRYRGctUG9BdWZlZ1BxR3NkaU9PbUJiamdhUUJVeVlXancyVzgyelBraTBxakw0azRvU2l30gHAAUFVX3lxTFBXNG1QQm55akdZeW1iWmduUUpaNE02MWRSVHp2LVhqdzZmOGMwdGZ5R2lQdkVENlZCb1ZlMkFUMThRaTZGSnQ3MjFYZ1hYdTdIdmFvY2JUUWlUR21BM2pBTlZHQnNiT1hNRks2b1l3QnBXMUZGMHpNRVhMQ29lLXpSV1UwZjBZZkJFT3RUVm9sUG03aGd1dUxjVGwxN0E3VjE3Rnc1R0F6QTc3dU1HLXZHaFFmamtCNTRYQy01akFkZQ?oc=5\" target=\"_blank\" rel=\"nofollow noopener\">El 28 de octubre la f\u00e1brica de Santana en Linares vuelve a producir coches<\/a>&nbsp;&nbsp;El Debate<\/li>\n<li><a href=\"https:\/\/news.google.com\/rss\/articles\/CBMijAFBVV95cUxQR09zQ0p3R2RtbnB2eHlCT3JQUF95WjNaM2hBeGVKa2J1cXJWRjJlelRSR3o0YTcyb2FzWklBUlhPNDh5MXZScFpTQXdPdDhUUmtObDFuRWFVUUZ0ZmZSUTJyQzdkNGZ6blk5MGtZQS1ZWjRVNG9FWDY0OFdHZ1FBNVg1UzlZWUtzVnlPWA?oc=5\" target=\"_blank\" rel=\"nofollow noopener\">El todoterreno de Santana, fabricado en Espa\u00f1a y capaz de hacer 100 km sin encender el motor de gasolina, ya tiene \u00abuna copia\u00bb japonesa<\/a>&nbsp;&nbsp;Diariomotor<\/li>\n<li><a href=\"https:\/\/news.google.com\/rss\/articles\/CBMi1gFBVV95cUxPaWxZa0hnTFB4THpaQzlVV0hkcE5IaEVBSFlKOEU3QWp1MmpRQlN0YzhYa3FmZUlMbW1aaHh1bl9haWRmTndsUG10WUFBeFRhclIyUTNXU2U4OS0xVmtxdHh4cGhlMHF5YnBrU3RKUENzaE1lYmgtNFJZc18wS1NaRlpqUHdvVzNLTk1EbmhVTTN4dFNOZmNuSW1iejg4TS0yYTJLTzlUckJyemtueG0taWR6U1BBYUtBWnFaaEE0bVppRG92cklJNHZnM2FIckRaUFdlVFpB0gHqAUFVX3lxTE1KWGZfN1BERWE1YzlLYXdUMktZTDhlemY0SF9odnBSdHk3RmtJREtUdTFMc1ZtNVVHZUltR3A2NTFobWI5UHIwX0Y1LS1GRXFUd2hrWnBIdmRXOWRqUjc3U19rR2lreUVzMU9zS19CNnRBR3pxSVlDTFNtbk9lcVBNaEVFcnVKZU5URkZDMHB6bnJYb01Cci16SlN4dGRacjRxR1lONXkwRkQ3b2tsR0RqeWFjSVc3OXdjRWpoQlE1cm0wNnlnZ3pWc1YySE95OS1QdG1QRHhkc2h6T3F3QTRNYVRnTkZuSF82UQ?oc=5\" target=\"_blank\" rel=\"nofollow noopener\">Santana comenzar\u00e1 a vender sus primeros veh\u00edculos a principios del a\u00f1o que viene<\/a>&nbsp;&nbsp;La Raz\u00f3n<\/li>\n<\/ol>\n","protected":false},"excerpt":{"rendered":"Santana vender\u00e1 3.000 coches en 2026 tras su renacer como marca&nbsp;&nbsp;Expansi\u00f3n Santana Motors arranca sus operaciones con el&hellip;\n","protected":false},"author":2,"featured_media":198856,"comment_status":"","ping_status":"","sticky":false,"template":"","format":"standard","meta":{"footnotes":""},"categories":[80],"tags":[82,95,94,2308,32085,25,24,2362,23],"class_list":{"0":"post-198855","1":"post","2":"type-post","3":"status-publish","4":"format-standard","5":"has-post-thumbnail","7":"category-economia","8":"tag-business","9":"tag-economia","10":"tag-economy","11":"tag-empresas","12":"tag-empresas-motor","13":"tag-es","14":"tag-espana","15":"tag-motor","16":"tag-spain"},"share_on_mastodon":{"url":"https:\/\/pubeurope.com\/@es\/115430472098688765","error":""},"_links":{"self":[{"href":"https:\/\/www.europesays.com\/es\/wp-json\/wp\/v2\/posts\/198855","targetHints":{"allow":["GET"]}}],"collection":[{"href":"https:\/\/www.europesays.com\/es\/wp-json\/wp\/v2\/posts"}],"about":[{"href":"https:\/\/www.europesays.com\/es\/wp-json\/wp\/v2\/types\/post"}],"author":[{"embeddable":true,"href":"https:\/\/www.europesays.com\/es\/wp-json\/wp\/v2\/users\/2"}],"replies":[{"embeddable":true,"href":"https:\/\/www.europesays.com\/es\/wp-json\/wp\/v2\/comments?post=198855"}],"version-history":[{"count":0,"href":"https:\/\/www.europesays.com\/es\/wp-json\/wp\/v2\/posts\/198855\/revisions"}],"wp:featuredmedia":[{"embeddable":true,"href":"https:\/\/www.europesays.com\/es\/wp-json\/wp\/v2\/media\/198856"}],"wp:attachment":[{"href":"https:\/\/www.europesays.com\/es\/wp-json\/wp\/v2\/media?parent=198855"}],"wp:term":[{"taxonomy":"category","embeddable":true,"href":"https:\/\/www.europesays.com\/es\/wp-json\/wp\/v2\/categories?post=198855"},{"taxonomy":"post_tag","embeddable":true,"href":"https:\/\/www.europesays.com\/es\/wp-json\/wp\/v2\/tags?post=198855"}],"curies":[{"name":"wp","href":"https:\/\/api.w.org\/{rel}","templated":true}]}}