{"id":198859,"date":"2025-10-24T18:07:10","date_gmt":"2025-10-24T18:07:10","guid":{"rendered":"https:\/\/www.europesays.com\/es\/198859\/"},"modified":"2025-10-24T18:07:10","modified_gmt":"2025-10-24T18:07:10","slug":"sanchez-rescata-el-debate-del-catalan-en-la-ue-con-el-apoyo-de-alemania-tras-el-ultimatum-de-junts","status":"publish","type":"post","link":"https:\/\/www.europesays.com\/es\/198859\/","title":{"rendered":"S\u00e1nchez rescata el debate del catal\u00e1n en la UE con el apoyo de Alemania tras el ultim\u00e1tum de Junts"},"content":{"rendered":"<p style=\"\">\u00abEste es un Gobierno que quiere y aspira a cumplir con los compromisos pactados\u00bb. Moncloa acelera para tratar de demostrar su voluntad de avanzar en las <a href=\"https:\/\/www.abc.es\/espana\/ultimatum-alcaldes-junts-puigdemont-proyecto-20251023214736-nt.html\" target=\"_self\" data-voc-vtm-id=\"in-text-traffic\" title=\"promesas adquiridas y pendientes con Junts\" rel=\"nofollow noopener\">promesas adquiridas y pendientes con Junts<\/a>, en pleno proceso de reflexi\u00f3n del partido de Carles Puigdemont sobre  &#8230; la idoneidad de seguir sosteniendo a Pedro S\u00e1nchez. En este contexto, en el que la formaci\u00f3n independentista someter\u00e1 al criterio de su militancia el apoyo a la coalici\u00f3n, Espa\u00f1a y Alemania han aprobado una declaraci\u00f3n conjunta en la que acuerdan trabajar para hacer oficiales en la UE el catal\u00e1n, el euskera y el gallego. Esta fue una de las contrapartidas que <a href=\"https:\/\/www.abc.es\/espana\/ultimatum-alcaldes-junts-puigdemont-proyecto-20251023214736-nt.html\" target=\"_self\" data-voc-vtm-id=\"in-text-traffic\" title=\"Junts\" rel=\"nofollow noopener\">Junts<\/a> impuso a cambio de permitir que, en agosto de 2023, Francina Armengol fuera elegida presidenta del Congreso, otorgando as\u00ed al Gobierno la mayor\u00eda en la Mesa de la C\u00e1mara baja, un poder clave en el desarrollo de una legislatura en minor\u00eda. <\/p>\n<p class=\"voc-p\" style=\"\">En Moncloa presentan el gesto como la prueba de que \u00abel Gobierno no ha dejado de mostrar su determinaci\u00f3n para avanzar hacia la oficialidad del catal\u00e1n, el euskera y el gallego\u00bb. \u00abEl de hoy es un paso importante para hacerlo posible\u00bb, dicen, defendiendo que \u00abla incorporaci\u00f3n de estas lenguas constituye una parte esencial de la identidad nacional pluriling\u00fce de Espa\u00f1a\u00bb. En el documento bilateral se recoge, no obstante, una mera declaraci\u00f3n de intenciones: que ambos gobiernos acuerdan \u00ababrir un di\u00e1logo con el objetivo de encontrar una respuesta a la solicitud espa\u00f1ola de que sus lenguas oficiales distintas del espa\u00f1ol sean reconocidas como oficiales en la Uni\u00f3n Europea de forma que sea aceptable para todos los Estados Miembros\u00bb. Alemania hace suya la reivindicaci\u00f3n espa\u00f1ola de que \u00abla incorporaci\u00f3n de dichas lenguas constituye una parte esencial de la identidad nacional pluriling\u00fce de Espa\u00f1a\u00bb en un momento clave para S\u00e1nchez, cuando se est\u00e1 jugando <strong>la viabilidad de la mayor\u00eda que lo sostiene en el poder.<\/strong><\/p>\n<p class=\"voc-p\" style=\"\">Lo rubricado se traduce en el inicio de \u00abconversaciones bilaterales a partir de las cuales Espa\u00f1a presentar\u00e1 un texto para debate y decisi\u00f3n de los 27 estados miembros en una futura reuni\u00f3n del Consejo de Asuntos Generales\u00bb prevista para las pr\u00f3ximas semanas. Un nuevo intento, tras los previos fracasados, que hab\u00edan hecho que el Ejecutivo espa\u00f1ol aparcase la cuesti\u00f3n en las \u00faltimas ocasiones. Este di\u00e1logo bilateral \u00abcomenzar\u00e1 a la mayor brevedad a cargo de nuestros respectivos ministerios de Asuntos Exteriores\u00bb, se comprometen.<\/p>\n<p class=\"voc-p\" style=\"\">En todo caso, el acercamiento -a la espera de ver si se traduce realmente en un avance- tiene otra lectura y es el impacto sobre Alberto N\u00fa\u00f1ez Feij\u00f3o, que tiene al canciller como uno de sus principales socios. De hecho, la noticia de esta declaraci\u00f3n conjunta fue una sorpresa may\u00fascula en la direcci\u00f3n nacional y entre los eurodiputados m\u00e1s implicados en este debate.<\/p>\n<p>\nUn golpe para el PP\n<\/p>\n<p class=\"voc-p\" style=\"\">Feij\u00f3o estuvo precisamente este jueves en Bruselas, donde se reuni\u00f3 con los principales <a href=\"https:\/\/www.abc.es\/espana\/madrid\/asamblea-madrid-aprueba-plan-inmigracion-pp-ayuso-20251023134726-nt.html\" target=\"_self\" data-voc-vtm-id=\"in-text-traffic\" title=\"l\u00edderes del PP\" rel=\"nofollow noopener\">l\u00edderes del PP<\/a> europeo antes de que comenzara el Consejo con todos los primeros ministros. Un encuentro habitual que mantiene la familia conservadora, pero que tambi\u00e9n permite testar todo lo que est\u00e1 en el ambiente europeo. Varias fuentes consultadas insisten en que durante la visita de Feij\u00f3o a la capital europea \u00abno se habl\u00f3 nada\u00bb que tuviera que ver con la oficialidad del catal\u00e1n, ni tampoco exist\u00eda \u00abun runr\u00fan\u00bb que hiciera pensar en algo similar. <\/p>\n<p class=\"voc-p\" style=\"\">Fuentes de G\u00e9nova minimizan lo pactado entre los dos pa\u00edses, asegurando que, tras consultar directamente a miembros de la CDU (el partido de Merz) \u00aben ning\u00fan caso su posicionamiento ha cambiado\u00bb, dejando entrever que en la votaci\u00f3n Alemania continuar\u00eda oponi\u00e9ndose. Seg\u00fan el PP, se trata del \u00abdi\u00e1logo\u00bb habitual entre dos Estados que, en ocasiones, conlleva cerrar acuerdos como este.<\/p>\n<p class=\"voc-p\" style=\"\">Sin embargo, se trata de un gesto que da ox\u00edgeno a S\u00e1nchez en un momento de debilidad para el socialista y que deja en mal lugar a Feij\u00f3o, teniendo en cuenta que Merz es su principal aliado, y se ha apoyado en \u00e9l en otros momentos para, precisamente, frenar esta iniciativa. Dolors Montserrat es la secretaria general del PP europeo, que est\u00e1 presidido por otro alem\u00e1n, Manfred Weber. Fuentes europeas no esconden que el acuerdo, por muy superficial que sea, \u00abjuega una mala pasada\u00bb a Feij\u00f3o en un momento clave. \u00ab<strong>Han primado otros intereses y Feij\u00f3o<\/strong>, al final, lidera la oposici\u00f3n\u00bb, se resignan algunos dirigentes consultados, reconociendo el golpe pol\u00edtico para su l\u00edder.<\/p>\n<p>\nDeclaraci\u00f3n an\u00f3mala\n<\/p>\n<p class=\"voc-p\" style=\"\">Para sorpresa de la diplomacia alemana, el Gobierno espa\u00f1ol ya plante\u00f3 la cuesti\u00f3n del catal\u00e1n en la \u00faltima reuni\u00f3n bilateral de S\u00e1nchez y Merz, el pasado 20 de septiembre. El canciller alem\u00e1n ironiz\u00f3 entonces sobre una petici\u00f3n de car\u00e1cter tan superficial, en un contexto en el que mantiene reiteradas reuniones con jefes de Estado en la que se tratan asuntos de mucho mayor calado, como el rearme, la crisis comercial o el estancamiento de la industria, y aludi\u00f3 que bastar\u00eda la inteligencia artificial para resolverlos. \u00abCreo que de aqu\u00ed a medio plazo podr\u00eda haber una buena soluci\u00f3n por medio de la inteligencia artificial, porque gracias a la IA ya no necesitaremos int\u00e9rpretes, vamos a poder entender y hablar en todos los idiomas de la UE\u00bb, sugiri\u00f3, mirando a la soluci\u00f3n tecnol\u00f3gica, aunque dej\u00f3 la puerta abierta a una negociaci\u00f3n al respecto, al a\u00f1adir que \u00abhe entendido bien el inter\u00e9s del Gobierno espa\u00f1ol y del presidente del Gobierno con respecto a los desaf\u00edos ling\u00fc\u00edsticos: que son idiomas muy distintos, no se entienden todos entre s\u00ed. C\u00f3mo resolverlo, eso lo tendremos que ver\u00bb.<\/p>\n","protected":false},"excerpt":{"rendered":"\u00abEste es un Gobierno que quiere y aspira a cumplir con los compromisos pactados\u00bb. Moncloa acelera para tratar&hellip;\n","protected":false},"author":2,"featured_media":198860,"comment_status":"","ping_status":"","sticky":false,"template":"","format":"standard","meta":{"footnotes":""},"categories":[8],"tags":[17,18,6061,25,24,13,14,11,5022,5216,19,20,9,10,15,16,40726,199,23,12,575,943,21,22,10983],"class_list":{"0":"post-198859","1":"post","2":"type-post","3":"status-publish","4":"format-standard","5":"has-post-thumbnail","7":"category-espana","8":"tag-breaking-news","9":"tag-breakingnews","10":"tag-catalan","11":"tag-es","12":"tag-espana","13":"tag-featured-news","14":"tag-featurednews","15":"tag-headlines","16":"tag-impulsa","17":"tag-junts","18":"tag-latest-news","19":"tag-latestnews","20":"tag-news","21":"tag-noticias","22":"tag-noticias-destacadas","23":"tag-noticiasdestacadas","24":"tag-oficialidad","25":"tag-sanchez","26":"tag-spain","27":"tag-titulares","28":"tag-tras","29":"tag-ue","30":"tag-ultimas-noticias","31":"tag-ultimasnoticias","32":"tag-ultimatum"},"share_on_mastodon":{"url":"https:\/\/pubeurope.com\/@es\/115430479910016901","error":""},"_links":{"self":[{"href":"https:\/\/www.europesays.com\/es\/wp-json\/wp\/v2\/posts\/198859","targetHints":{"allow":["GET"]}}],"collection":[{"href":"https:\/\/www.europesays.com\/es\/wp-json\/wp\/v2\/posts"}],"about":[{"href":"https:\/\/www.europesays.com\/es\/wp-json\/wp\/v2\/types\/post"}],"author":[{"embeddable":true,"href":"https:\/\/www.europesays.com\/es\/wp-json\/wp\/v2\/users\/2"}],"replies":[{"embeddable":true,"href":"https:\/\/www.europesays.com\/es\/wp-json\/wp\/v2\/comments?post=198859"}],"version-history":[{"count":0,"href":"https:\/\/www.europesays.com\/es\/wp-json\/wp\/v2\/posts\/198859\/revisions"}],"wp:featuredmedia":[{"embeddable":true,"href":"https:\/\/www.europesays.com\/es\/wp-json\/wp\/v2\/media\/198860"}],"wp:attachment":[{"href":"https:\/\/www.europesays.com\/es\/wp-json\/wp\/v2\/media?parent=198859"}],"wp:term":[{"taxonomy":"category","embeddable":true,"href":"https:\/\/www.europesays.com\/es\/wp-json\/wp\/v2\/categories?post=198859"},{"taxonomy":"post_tag","embeddable":true,"href":"https:\/\/www.europesays.com\/es\/wp-json\/wp\/v2\/tags?post=198859"}],"curies":[{"name":"wp","href":"https:\/\/api.w.org\/{rel}","templated":true}]}}