{"id":198869,"date":"2025-10-24T18:18:10","date_gmt":"2025-10-24T18:18:10","guid":{"rendered":"https:\/\/www.europesays.com\/es\/198869\/"},"modified":"2025-10-24T18:18:10","modified_gmt":"2025-10-24T18:18:10","slug":"antonio-tejero-se-encuentra-estable-y-recibe-el-alta-hospitalaria-para-continuar-su-recuperacion-con-su-familia","status":"publish","type":"post","link":"https:\/\/www.europesays.com\/es\/198869\/","title":{"rendered":"Antonio Tejero se encuentra estable y recibe el alta hospitalaria para continuar su recuperaci\u00f3n con su familia"},"content":{"rendered":"<p class=\"paragraph\" id=\"paragraph_1\">El exteniente coronel de la Guardia Civil <strong>Antonio Tejero<\/strong>, autor del golpe de Estado de 1981, <strong>ha recibido este viernes <a href=\"https:\/\/www.elespanol.com\/espana\/20170917\/247475627_0.html?utm_cmp_rs=linksinline\" rel=\"nofollow noopener\" target=\"_blank\">el alta hospitalaria para continuar con su \u00abrecuperaci\u00f3n\u00bb<\/a> en el \u00abentorno familiar\u00bb,<\/strong> seg\u00fan ha informado el despacho A. Ca\u00f1izares Abogados, que representa a la familia.<\/p>\n<p class=\"paragraph\" id=\"paragraph_2\">\u00abTras el desmentido inicial, nos complace informar de que <strong>Antonio Tejero Molina se encuentra en situaci\u00f3n de estabilidad cl\u00ednica<\/strong> y ha recibido el alta hospitalaria, continuando su recuperaci\u00f3n en el entorno familiar\u00bb, detalla el despacho en un comunicado.<\/p>\n<p class=\"paragraph\" id=\"paragraph_3\">Fuentes conocedoras de su situaci\u00f3n explicaron este jueves a Europa Press que Tejero<strong> permanec\u00eda ingresado en un centro hospitalario valenciano, \u00abrodeado de toda su familia\u00bb,<\/strong> con \u00abun poco de fiebre\u00bb y \u00abconsciente y sereno\u00bb. Este viernes, ha recibido el alta.<\/p>\n<p><img loading=\"lazy\" decoding=\"async\" alt=\"Tejero, en una imagen reciente.\" height=\"180\" src=\"https:\/\/www.europesays.com\/es\/wp-content\/uploads\/2025\/10\/803180686_236950336_320x180.jpg\" width=\"320\" data-lazy-status=\"processed\" data-lazy-info=\"remove loading item 1\"\/><\/p>\n<p class=\"paragraph\" id=\"paragraph_4\">Nacido el 30 de abril de 1932 en <strong>Alhaur\u00edn el Grande (M\u00e1laga),<\/strong> Tejero era en 1981 teniente coronel de la Guardia Civil, cuerpo al que ingres\u00f3 en 1951 y de donde fue expulsado tras protagonizar el golpe de Estado del 23-F.<\/p>\n<p class=\"paragraph\" id=\"paragraph_5\">Fue condenado por rebeli\u00f3n militar a 30 a\u00f1os de c\u00e1rcel, aunque <strong>finalmente cumpli\u00f3 solo la mitad de la pena<\/strong> y fue puesto en libertad en 1996.<\/p>\n<p><img decoding=\"async\" alt=\"Antonio Tejero, poco despu\u00e9s de irrumpir en el Congreso.\" data-imgm=\"true\" height=\"180\" loading=\"lazy\"  src=\"https:\/\/www.europesays.com\/es\/wp-content\/uploads\/2025\/10\/actualidad_195742024_29690215_1024x576.jpg\"  width=\"320\"\/><\/p>\n<p>                                                            Antonio Tejero, poco despu\u00e9s de irrumpir en el Congreso.<\/p>\n<p>                    Efe<\/p>\n<p class=\"paragraph\" id=\"paragraph_6\">Adem\u00e1s de ser el rostro del golpe fallido, es conocido por su frase <strong>\u00ab\u00a1Quieto todo el mundo!\u00bb,<\/strong> con la que interrumpi\u00f3 la votaci\u00f3n que estaba teniendo lugar en ese momento en el Congreso de los Diputados, la investidura como presidente del <strong>Gobierno de Leopoldo Calvo-Sotelo,<\/strong> que iba a suceder al entonces dimitido Adolfo Su\u00e1rez. Desde ese momento, los 350 diputados pasaron m\u00e1s de 17 horas secuestrados en la C\u00e1mara Baja.<\/p>\n<p class=\"paragraph\" id=\"paragraph_7\">Tejero irrumpi\u00f3 en el Hemiciclo a las <strong>18.23 horas acompa\u00f1ado de m\u00e1s de 250 guardias civiles<\/strong> armados ordenando a los presentes que se tirasen al suelo. \u00ab\u00a1Al suelo!\u00bb, grit\u00f3 el teniente general subido a la tribuna del Congreso, desde donde dispar\u00f3 varias veces al techo. Todos los diputados se agacharon excepto tres: <strong>Adolfo Su\u00e1rez, su vicepresidente, Manuel Guti\u00e9rrez Mellado, y el l\u00edder del Partido Comunista (PCE), Santiago Carrillo.<\/strong><strong\/><\/p>\n<p class=\"paragraph\" id=\"paragraph_8\">La asonada, que contaba con el apoyo de sectores militares contrarios al Estado de las Autonom\u00edas, la legalizaci\u00f3n del PCE o algunas reformas del Ej\u00e9rcito, fue <strong>orquestada por el propio Antonio Tejero,<\/strong> el entonces segundo jefe del <strong>Estado Mayor del Ej\u00e9rcito, Alfonso Armada;<\/strong> y el capit\u00e1n general <strong>Jaime Milans de Bosch,<\/strong> que decret\u00f3 el estado de excepci\u00f3n en Valencia y sac\u00f3 los tanques por sus calles.<\/p>\n<p class=\"paragraph\" id=\"paragraph_9\">El golpe se empez\u00f3 a desmoronar tras el mensaje televisado de madrugada del <strong>Rey Juan Carlos I,<\/strong> que ataviado con el uniforme de capit\u00e1n general de las Fuerzas Armadas mostr\u00f3 el apoyo de la Corona a la Constituci\u00f3n y a la democracia. Sin apoyo militar ni pol\u00edtico, Tejero no tuvo m\u00e1s opci\u00f3n que rendirse. Pasadas las 12.00 horas del 24 de febrero, los guardias civiles abandonaron el Congreso y liberaron a los diputados.<\/p>\n","protected":false},"excerpt":{"rendered":"El exteniente coronel de la Guardia Civil Antonio Tejero, autor del golpe de Estado de 1981, ha recibido&hellip;\n","protected":false},"author":2,"featured_media":198870,"comment_status":"","ping_status":"","sticky":false,"template":"","format":"standard","meta":{"footnotes":""},"categories":[174],"tags":[54901,255,146,147,25,24,256,23],"class_list":{"0":"post-198869","1":"post","2":"type-post","3":"status-publish","4":"format-standard","5":"has-post-thumbnail","7":"category-famosos","8":"tag-23-f","9":"tag-celebrities","10":"tag-entertainment","11":"tag-entretenimiento","12":"tag-es","13":"tag-espana","14":"tag-famosos","15":"tag-spain"},"share_on_mastodon":{"url":"https:\/\/pubeurope.com\/@es\/115430523310508523","error":""},"_links":{"self":[{"href":"https:\/\/www.europesays.com\/es\/wp-json\/wp\/v2\/posts\/198869","targetHints":{"allow":["GET"]}}],"collection":[{"href":"https:\/\/www.europesays.com\/es\/wp-json\/wp\/v2\/posts"}],"about":[{"href":"https:\/\/www.europesays.com\/es\/wp-json\/wp\/v2\/types\/post"}],"author":[{"embeddable":true,"href":"https:\/\/www.europesays.com\/es\/wp-json\/wp\/v2\/users\/2"}],"replies":[{"embeddable":true,"href":"https:\/\/www.europesays.com\/es\/wp-json\/wp\/v2\/comments?post=198869"}],"version-history":[{"count":0,"href":"https:\/\/www.europesays.com\/es\/wp-json\/wp\/v2\/posts\/198869\/revisions"}],"wp:featuredmedia":[{"embeddable":true,"href":"https:\/\/www.europesays.com\/es\/wp-json\/wp\/v2\/media\/198870"}],"wp:attachment":[{"href":"https:\/\/www.europesays.com\/es\/wp-json\/wp\/v2\/media?parent=198869"}],"wp:term":[{"taxonomy":"category","embeddable":true,"href":"https:\/\/www.europesays.com\/es\/wp-json\/wp\/v2\/categories?post=198869"},{"taxonomy":"post_tag","embeddable":true,"href":"https:\/\/www.europesays.com\/es\/wp-json\/wp\/v2\/tags?post=198869"}],"curies":[{"name":"wp","href":"https:\/\/api.w.org\/{rel}","templated":true}]}}