{"id":198875,"date":"2025-10-24T18:23:18","date_gmt":"2025-10-24T18:23:18","guid":{"rendered":"https:\/\/www.europesays.com\/es\/198875\/"},"modified":"2025-10-24T18:23:18","modified_gmt":"2025-10-24T18:23:18","slug":"la-pelicula-san-simon-llega-a-las-pantallas-de-espana","status":"publish","type":"post","link":"https:\/\/www.europesays.com\/es\/198875\/","title":{"rendered":"La pel\u00edcula \u201cSan Sim\u00f3n\u201d llega a las pantallas de Espa\u00f1a"},"content":{"rendered":"<p class=\"paragraph-atom &#10;        B-500-300-700-N B-550-300-700-N--md  \">La pel\u00edcula <strong>\u201c<\/strong><a href=\"https:\/\/www.atlantico.net\/vigo\/pelicula-san-simon-narra-represion_1_20250917-3983454.html\" rel=\"nofollow noopener\" target=\"_blank\"><strong>San Sim\u00f3n<\/strong><\/a><strong>\u201d<\/strong>, de <strong>Miguel \u00c1ngel Delgado<\/strong>, llega hoy a las <strong>salas<\/strong> de cine. Despu\u00e9s de estrenarse mundialmente en el <strong>Festival Internacional de Cine de San Sebasti\u00e1n<\/strong>, hacerse con la <strong>Calpurnia<\/strong> al Mejor Film Gallego en el Festival de Cine de Ourense, y visitar la Muestra de Cine Internacional de Sao Paulo, \u201cSan Sim\u00f3n\u201d tuvo tambi\u00e9n un pase privado para <strong>equipo<\/strong> e instituciones en Vigo patrocinado por el <strong>Ayuntamiento<\/strong> de la ciudad y un estreno comercial con pase especial en Numax (Santiago de Compostela) ayer jueves. A partir de hoy se podr\u00e1 ver en 16 ciudades diferentes, de las que solo una, Valladolid, ser\u00e1 fuera de Galicia.<\/p>\n<p class=\"paragraph-atom &#10;        B-500-300-700-N B-550-300-700-N--md  \">La <strong>historia<\/strong> de San Sim\u00f3n se sit\u00faa en octubre de <strong>1936<\/strong>. El r\u00e9gimen de <strong>Franco<\/strong> crea m\u00e1s de trescientos campos de concentraci\u00f3n por toda Espa\u00f1a: conventos, f\u00e1bricas, escuelas, plazas de toros, monasterios y otros espacios \u201ccerrados\u201d.<\/p>\n<p class=\"paragraph-atom &#10;        B-500-300-700-N B-550-300-700-N--md  \">\u201cSan Sim\u00f3n\u201d destaca por su <strong>insularidad<\/strong>. El r\u00e9gimen convierte el antiguo <strong>lazareto<\/strong> en un lugar de muerte donde los <strong>prisioneros<\/strong> sufren la represi\u00f3n rodeados de una belleza abrumadora. Siete a\u00f1os despu\u00e9s, Lamas, un preso de la isla, recuerda la historia de los hombres y las mujeres que, como \u00e9l mismo, sufrieron la represi\u00f3n en este peque\u00f1o <strong>enclave<\/strong> de la costa gallega.<\/p>\n<p class=\"paragraph-atom &#10;        B-500-300-700-N B-550-300-700-N--md  \">La pel\u00edcula se rod\u00f3 en la <strong>localizaci\u00f3n original<\/strong> donde tuvieron lugar los acontecimientos en la <strong>isla<\/strong>, en Redondela, pudi\u00e9ndose ver en la cinta los <strong>edificios<\/strong>, los <strong>muelles<\/strong>, el puente de piedra que une los dos islotes que forman el archipi\u00e9lago, la explanada de la isla principal y los arenales que la rodean.<\/p>\n","protected":false},"excerpt":{"rendered":"La pel\u00edcula \u201cSan Sim\u00f3n\u201d, de Miguel \u00c1ngel Delgado, llega hoy a las salas de cine. Despu\u00e9s de estrenarse&hellip;\n","protected":false},"author":2,"featured_media":198876,"comment_status":"","ping_status":"","sticky":false,"template":"","format":"standard","meta":{"footnotes":""},"categories":[169],"tags":[177,146,147,25,24,176,5012,175,4646,1257,2228,4800,23],"class_list":{"0":"post-198875","1":"post","2":"type-post","3":"status-publish","4":"format-standard","5":"has-post-thumbnail","7":"category-cine","8":"tag-cine","9":"tag-entertainment","10":"tag-entretenimiento","11":"tag-es","12":"tag-espana","13":"tag-film","14":"tag-llega","15":"tag-movies","16":"tag-pantallas","17":"tag-pelicula","18":"tag-san","19":"tag-simon","20":"tag-spain"},"share_on_mastodon":{"url":"https:\/\/pubeurope.com\/@es\/115430542907301050","error":""},"_links":{"self":[{"href":"https:\/\/www.europesays.com\/es\/wp-json\/wp\/v2\/posts\/198875","targetHints":{"allow":["GET"]}}],"collection":[{"href":"https:\/\/www.europesays.com\/es\/wp-json\/wp\/v2\/posts"}],"about":[{"href":"https:\/\/www.europesays.com\/es\/wp-json\/wp\/v2\/types\/post"}],"author":[{"embeddable":true,"href":"https:\/\/www.europesays.com\/es\/wp-json\/wp\/v2\/users\/2"}],"replies":[{"embeddable":true,"href":"https:\/\/www.europesays.com\/es\/wp-json\/wp\/v2\/comments?post=198875"}],"version-history":[{"count":0,"href":"https:\/\/www.europesays.com\/es\/wp-json\/wp\/v2\/posts\/198875\/revisions"}],"wp:featuredmedia":[{"embeddable":true,"href":"https:\/\/www.europesays.com\/es\/wp-json\/wp\/v2\/media\/198876"}],"wp:attachment":[{"href":"https:\/\/www.europesays.com\/es\/wp-json\/wp\/v2\/media?parent=198875"}],"wp:term":[{"taxonomy":"category","embeddable":true,"href":"https:\/\/www.europesays.com\/es\/wp-json\/wp\/v2\/categories?post=198875"},{"taxonomy":"post_tag","embeddable":true,"href":"https:\/\/www.europesays.com\/es\/wp-json\/wp\/v2\/tags?post=198875"}],"curies":[{"name":"wp","href":"https:\/\/api.w.org\/{rel}","templated":true}]}}