{"id":198877,"date":"2025-10-24T18:24:15","date_gmt":"2025-10-24T18:24:15","guid":{"rendered":"https:\/\/www.europesays.com\/es\/198877\/"},"modified":"2025-10-24T18:24:15","modified_gmt":"2025-10-24T18:24:15","slug":"la-formula-e-llega-a-madrid-asi-ha-sido-su-presentacion-para-el-campeonato-del-mundo-de-2026-es-adrenalina","status":"publish","type":"post","link":"https:\/\/www.europesays.com\/es\/198877\/","title":{"rendered":"La F\u00f3rmula E llega a Madrid: As\u00ed ha sido su presentaci\u00f3n para el campeonato del mundo de 2026: \u00abEs adrenalina\u00bb"},"content":{"rendered":"<p data-journey-content=\"true\" data-node-id=\"3\" class=\"css-6wxqfj emevuu60\">La presidenta de la Comunidad de Madrid, Isabel D\u00edaz Ayuso, ha presentado hoy oficialmente Madrid Mundial de F\u00f3rmula E 2026 \u2013 Madrid e-Prix, una de las pruebas m\u00e1s esperadas del Campeonato Mundial ABB FIA F\u00f3rmula E, que se celebrar\u00e1 el 21 de marzo de 2026 en el Circuito de Madrid Jarama-RACE. De esta forma, ser\u00e1 la sexta ronda de un campeonato en la que competir\u00e1n viejos conocidos de la F\u00f3rmula 1 o 2, como es el caso de Pepe Mart\u00ed, Felipe Drugovich, Sebastian Buemi, Nyck De Vries o Pascal Wehrlein. <\/p>\n<p>Una nueva oportunidad para la F\u00f3rmula E<\/p>\n<p data-journey-content=\"true\" data-node-id=\"7\" class=\"css-6wxqfj emevuu60\">Desde hoy, la organizaci\u00f3n de Madrid Mundial de F\u00f3rmula E 2026 &#8211; Madrid E-Prix pone a la venta m\u00e1s de 21.000 localidades con descuentos especiales para el p\u00fablico m\u00e1s joven y socios del RACE.<strong data-node-id=\"7.1\"> De esta forma, los aficionados podr\u00e1n elegir entre las \u00e1reas habituales del circuito como es el caso de la Pelouse, Farina, Super 7, Cubierta y Recta. <\/strong>Adem\u00e1s, el circuito ofrecer\u00e1 un amplio Fan Village con experiencias interactivas, gastronom\u00eda y espacios para toda la familia.<\/p>\n<p data-journey-content=\"true\" data-node-id=\"9\" class=\"css-6wxqfj emevuu60\">Como novedad, el Circuito de Madrid Jarama-RACE ha incorporado una chicane en la recta principal, dise\u00f1ada especialmente para esta cita de la F\u00f3rmula E. <strong data-node-id=\"9.1\">Esta modificaci\u00f3n permitir\u00e1 a los monoplazas regenerar energ\u00eda durante la frenada<\/strong> y ofrecer mayor espect\u00e1culo a los aficionados. Asimismo, el trazado madrile\u00f1o contar\u00e1 con una nueva grada situada junto a esta variante, que proporcionar\u00e1 a los espectadores una visi\u00f3n privilegiada de uno de los puntos m\u00e1s t\u00e9cnicos y espectaculares del recorrido.<\/p>\n<p><img draggable=\"true\" alt=\"f\u00f3rmula e\" title=\"F\u00f3rmula E\" loading=\"lazy\" width=\"4000\" height=\"2667\" decoding=\"async\" data-nimg=\"1\" style=\"color:transparent;width:100%;height:auto;\"   src=\"https:\/\/www.europesays.com\/es\/wp-content\/uploads\/2025\/10\/madrid-68fb97079fc8d.jpg\" class=\"css-0 e1g79fud0\"\/><a target=\"_blank\" rel=\"noopener nofollow\" data-theme-key=\"base-link\" href=\"https:\/\/pinterest.com\/pin\/create\/button\/?url=https:\/\/www.caranddriver.com\/es\/motorsport\/a69147358\/formula-e-llega-madrid-presentacion-campeonato-mundo-2026-adrenalina\/&amp;description=&amp;media=https:\/\/hips.hearstapps.com\/hmg-prod\/images\/madrid-68fb97079fc8d.jpg?resize=1600:*\" class=\"pinterest css-on9hn5 e1c1bym14\"><img decoding=\"async\" data-dynamic-svg=\"true\" src=\"https:\/\/www.caranddriver.com\/_assets\/design-tokens\/fre\/static\/icons\/social\/pinterest.e8cf655.svg?primary=%2523ffffff\" loading=\"lazy\" data-testid=\"dynamic-svg-base\" height=\"auto\" width=\"auto\" alt=\"pinterest\" class=\"css-4lml0h e1mlxuuw1\"\/><\/a><\/p>\n<p>Luis Miguel Gonzalez<\/p>\n<p data-journey-content=\"true\" data-node-id=\"14\" class=\"css-6wxqfj emevuu60\">La cita reunir\u00e1 a los 20 pilotos y 10 equipos del Campeonato Mundial ABB FIA F\u00f3rmula E, entre ellos algunas de las marcas m\u00e1s prestigiosas del automovilismo internacional. En este caso, <strong data-node-id=\"14.1\">la temporada se disputar\u00e1 con unos monoplazas GEN3 EVO, que est\u00e1n capacitados para acelerar de 0 a 100 km\/h en apenas 1,86 segundos. <\/strong>De esta manera, Madrid se situar\u00e1 junto a M\u00f3naco, Tokio o S\u00e3o Paulo como una de las grandes capitales mundiales del motor y la movilidad sostenible.<\/p>\n<p>Madrid albergar\u00e1 la sexta ronda del campeonato <\/p>\n<p data-journey-content=\"true\" data-node-id=\"17\" class=\"css-6wxqfj emevuu60\">Al cargo de liderar esta presentaci\u00f3n ha estado Isabel D\u00edaz Ayuso, presidenta de la Comunidad de Madrid,<strong data-node-id=\"17.1\"> quien ha querido <a href=\"https:\/\/www.caranddriver.com\/es\/formula-1\/a68014217\/donde-comprar-entradas-formula-1-gran-premio-espana-madrid\/\" target=\"_blank\" data-vars-ga-outbound-link=\"https:\/\/www.caranddriver.com\/es\/formula-1\/a68014217\/donde-comprar-entradas-formula-1-gran-premio-espana-madrid\/\" data-vars-ga-ux-element=\"Hyperlink\" data-vars-ga-call-to-action=\"acordarse de la apuesta de la F\u00f3rmula 1 hasta 2035,\" data-node-id=\"17.1.1\" class=\"body-link css-168zq96 emevuu60\" rel=\"nofollow noopener\">acordarse de la apuesta de la F\u00f3rmula 1 hasta 2035,<\/a><\/strong> asegurando que los \u00faltimos meses est\u00e1n siendo muy positivos que, hasta ahora, no hab\u00eda tenido la oportunidad de albergar un evento de estas caracter\u00edsticas. De hecho, tocar\u00eda remontarnos hasta el a\u00f1o 1981 para ver la \u00faltima carrera de la categor\u00eda reina en el trazado del Jarama, que por aquel entonces, logr\u00f3 ganar Gilles Villeneuve.<\/p>\n<blockquote data-theme-key=\"pullquote\" class=\"css-1eiql25 e1pe3zr91\">\n<blockquote class=\"css-fetnbk e1pe3zr90\"><p>Pepe Mart\u00ed, Felipe Drugovich, Sebastian Buemi o Nyck De Vries competir\u00e1n en la F\u00f3rmula E<\/p><\/blockquote>\n<\/blockquote>\n<p data-journey-content=\"true\" data-node-id=\"20\" class=\"css-6wxqfj emevuu60\">\u201cEstamos viviendo a\u00f1os de pura adrenalina y emoci\u00f3n<strong data-node-id=\"20.1\">. Una vez m\u00e1s vamos a mostrar que somos regi\u00f3n capital del deporte, una de las m\u00e1s vivas y completas del momento. <\/strong>Siempre haremos todo lo que est\u00e9 en nuestra mano para que todos se sientan en casa y vivan una experiencia \u00fanica y quieran volver aqu\u00ed\u201d, dec\u00eda Isabel D\u00edaz Ayuso.<\/p>\n<p><img draggable=\"true\" alt=\"f\u00f3rmula e\" title=\"F\u00f3rmula E\" loading=\"lazy\" width=\"4000\" height=\"2667\" decoding=\"async\" data-nimg=\"1\" style=\"color:transparent;width:100%;height:auto;\"   src=\"https:\/\/www.europesays.com\/es\/wp-content\/uploads\/2025\/10\/madrid-formula-e-68fb9756850c4.jpg\" class=\"css-0 e1g79fud0\"\/><a target=\"_blank\" rel=\"noopener nofollow\" data-theme-key=\"base-link\" href=\"https:\/\/pinterest.com\/pin\/create\/button\/?url=https:\/\/www.caranddriver.com\/es\/motorsport\/a69147358\/formula-e-llega-madrid-presentacion-campeonato-mundo-2026-adrenalina\/&amp;description=&amp;media=https:\/\/hips.hearstapps.com\/hmg-prod\/images\/madrid-formula-e-68fb9756850c4.jpg?resize=1600:*\" class=\"pinterest css-on9hn5 e1c1bym14\"><img decoding=\"async\" data-dynamic-svg=\"true\" src=\"https:\/\/www.caranddriver.com\/_assets\/design-tokens\/fre\/static\/icons\/social\/pinterest.e8cf655.svg?primary=%2523ffffff\" loading=\"lazy\" data-testid=\"dynamic-svg-base\" height=\"auto\" width=\"auto\" alt=\"pinterest\" class=\"css-4lml0h e1mlxuuw1\"\/><\/a><\/p>\n<p>Luis Miguel Gonzalez<\/p>\n<p data-journey-content=\"true\" data-node-id=\"23\" class=\"css-6wxqfj emevuu60\">\u201c<strong data-node-id=\"23.1\">Vamos a mostrar c\u00f3mo la \u00faltima tecnolog\u00eda va a recorrer las curvas del Circuito de Madrid Jarama RACE, uniendo innovaci\u00f3n e historia en un mismo trazado.<\/strong> Madrid siempre ha sido internacional y abierta, y eso significa m\u00e1s actividad econ\u00f3mica, oportunidades para nuestras empresas y empleo\u201d, concluy\u00f3. <\/p>\n<p data-journey-content=\"true\" data-node-id=\"25\" class=\"css-6wxqfj emevuu60\">Todo ello en una temporada 2025-2026 donde habr\u00e1 un total de 17 rondas, comprendidas entre el mes de enero y agosto. Con recientes incorporaciones como es el caso de Pepe Mart\u00ed, que estar\u00e1 junto al equipo Cupra Kiro. Un a\u00f1o en el que el espa\u00f1ol ya asegur\u00f3 que \u201cobviamente, ser\u00e1 mi primera vez compitiendo en esta categor\u00eda y ser\u00e9 un debutante, pero aun as\u00ed, estoy deseando que llegue. <strong data-node-id=\"25.1\">Con Dan como compa\u00f1ero de equipo, tendr\u00e9 mucho que aprender y ponerme al d\u00eda al comienzo de la temporada, <\/strong>pero mi objetivo es mejorar r\u00e1pidamente, sumar puntos y, con suerte, conseguir un par de buenos resultados\u201d.<\/p>\n","protected":false},"excerpt":{"rendered":"La presidenta de la Comunidad de Madrid, Isabel D\u00edaz Ayuso, ha presentado hoy oficialmente Madrid Mundial de F\u00f3rmula&hellip;\n","protected":false},"author":2,"featured_media":198878,"comment_status":"","ping_status":"","sticky":false,"template":"","format":"standard","meta":{"footnotes":""},"categories":[93],"tags":[168,253,25,24,23,167],"class_list":{"0":"post-198877","1":"post","2":"type-post","3":"status-publish","4":"format-standard","5":"has-post-thumbnail","7":"category-deportes","8":"tag-deportes","9":"tag-discover","10":"tag-es","11":"tag-espana","12":"tag-spain","13":"tag-sports"},"share_on_mastodon":{"url":"https:\/\/pubeurope.com\/@es\/115430548244700624","error":""},"_links":{"self":[{"href":"https:\/\/www.europesays.com\/es\/wp-json\/wp\/v2\/posts\/198877","targetHints":{"allow":["GET"]}}],"collection":[{"href":"https:\/\/www.europesays.com\/es\/wp-json\/wp\/v2\/posts"}],"about":[{"href":"https:\/\/www.europesays.com\/es\/wp-json\/wp\/v2\/types\/post"}],"author":[{"embeddable":true,"href":"https:\/\/www.europesays.com\/es\/wp-json\/wp\/v2\/users\/2"}],"replies":[{"embeddable":true,"href":"https:\/\/www.europesays.com\/es\/wp-json\/wp\/v2\/comments?post=198877"}],"version-history":[{"count":0,"href":"https:\/\/www.europesays.com\/es\/wp-json\/wp\/v2\/posts\/198877\/revisions"}],"wp:featuredmedia":[{"embeddable":true,"href":"https:\/\/www.europesays.com\/es\/wp-json\/wp\/v2\/media\/198878"}],"wp:attachment":[{"href":"https:\/\/www.europesays.com\/es\/wp-json\/wp\/v2\/media?parent=198877"}],"wp:term":[{"taxonomy":"category","embeddable":true,"href":"https:\/\/www.europesays.com\/es\/wp-json\/wp\/v2\/categories?post=198877"},{"taxonomy":"post_tag","embeddable":true,"href":"https:\/\/www.europesays.com\/es\/wp-json\/wp\/v2\/tags?post=198877"}],"curies":[{"name":"wp","href":"https:\/\/api.w.org\/{rel}","templated":true}]}}