{"id":198879,"date":"2025-10-24T18:25:21","date_gmt":"2025-10-24T18:25:21","guid":{"rendered":"https:\/\/www.europesays.com\/es\/198879\/"},"modified":"2025-10-24T18:25:21","modified_gmt":"2025-10-24T18:25:21","slug":"la-saliva-una-ayuda-contra-el-cancer-de-cabeza-y-cuello","status":"publish","type":"post","link":"https:\/\/www.europesays.com\/es\/198879\/","title":{"rendered":"La saliva, \u00bfuna ayuda contra el c\u00e1ncer de cabeza y cuello?"},"content":{"rendered":"<p>Un estudio en el que participan varios hospitales espa\u00f1oles plantea la posibilidad de que la saliva pueda ayudar a predecir la evoluci\u00f3n y respuesta al tratamiento en el c\u00e1ncer de cabeza y cuello, sin necesidad de recurrir a procedimientos invasivos.<\/p>\n<p>Los resultados preliminares del estudio, liderado por <strong>el jefe de la Unidad de Tumores de Cabeza y Cuello, del Hospital Clinic de Barcelona<\/strong>, <strong>Xavier Avil\u00e9s<\/strong>, ha identificado que el microbioma salival -el conjunto de microorganismos que hay en la boca- puede mostrar de forma precisa el entorno biol\u00f3gico del tumor, aportar informaci\u00f3n sobre su evoluci\u00f3n cl\u00ednica y de la respuesta al tratamiento.<\/p>\n<p>7.000 nuevos diagn\u00f3sticos<\/p>\n<p>Dado a conocer en el <strong>76\u00ba Congreso Nacional de la Sociedad Espa\u00f1ola de Otorrinolaringolog\u00eda y Cirug\u00eda de Cabeza y Cuello (SEORL-CCC)<\/strong>, que se celebra en Madrid, el estudio, indica esta sociedad m\u00e9dica, supone \u201cun paso adelante hacia la identificaci\u00f3n de biomarcadores no invasivos en c\u00e1ncer\u201d.<\/p>\n<p>En este a\u00f1o se diagnosticar\u00e1n m\u00e1s de <a href=\"https:\/\/efesalud.com\/cancer-2025-incidencia-cifras-seom-espana-diagnosticos-informe\/\" data-wpel-link=\"internal\" rel=\"nofollow noopener\" target=\"_blank\">7.000 nuevos casos de c\u00e1ncer de cabeza y cuello<\/a> en Espa\u00f1a.<\/p>\n<p><img fetchpriority=\"high\" decoding=\"async\" width=\"702\" height=\"468\" data-attachment-id=\"385244\" data-permalink=\"https:\/\/efesalud.com\/cancer-cabeza-saliva-investigacion-avance\/unnamed-21\/\" data-orig-file=\"https:\/\/www.europesays.com\/es\/wp-content\/uploads\/2025\/10\/1761330319_311_unnamed.jpg\" data-orig-size=\"702,468\" data-comments-opened=\"0\" data-image-meta=\"{&quot;aperture&quot;:&quot;0&quot;,&quot;credit&quot;:&quot;&quot;,&quot;camera&quot;:&quot;&quot;,&quot;caption&quot;:&quot;&quot;,&quot;created_timestamp&quot;:&quot;0&quot;,&quot;copyright&quot;:&quot;&quot;,&quot;focal_length&quot;:&quot;0&quot;,&quot;iso&quot;:&quot;0&quot;,&quot;shutter_speed&quot;:&quot;0&quot;,&quot;title&quot;:&quot;&quot;,&quot;orientation&quot;:&quot;0&quot;}\" data-image-title=\"c\u00e1ncer cabeza cuello\" data-image-description=\"\" data-image-caption=\"&lt;p&gt;El doctor Xavier Avil\u00e9s, que ha liderado el estudio. Foto cedida por SEORL-CCC&lt;\/p&gt;&#10;\" data-medium-file=\"https:\/\/efesalud.com\/wp-content\/uploads\/2025\/10\/unnamed-300x200.jpg\" data-large-file=\"https:\/\/www.europesays.com\/es\/wp-content\/uploads\/2025\/10\/1761330319_311_unnamed.jpg\" alt=\"c\u00e1ncer cabeza saliva\" class=\"wp-image-385244 lazyload\" style=\"object-fit:cover;width:600px;height:400px\" src=\"https:\/\/www.europesays.com\/es\/wp-content\/uploads\/2025\/10\/1761330319_311_unnamed.jpg\"  data- data-eio-rwidth=\"702\" data-eio-rheight=\"468\"\/>El doctor Xavier Avil\u00e9s, que ha liderado el estudio. Foto cedida por SEORL-CCC<\/p>\n<p>En la actualidad no hay marcadores fiables que ayuden a predecir qu\u00e9 pacientes con c\u00e1ncer de cabeza y cuello responder\u00e1n mejor a cada tratamiento.<\/p>\n<p>El tumor se analiza a trav\u00e9s de una biopsia del tejido, un procedimiento que \u201cresulta invasivo, doloroso y no siempre repetible\u201d. Por eso, esta nueva l\u00ednea de investigaci\u00f3n propone utilizar una \u201cbiopsia l\u00edquida salival\u201d, para permitir seguir la evoluci\u00f3n del tumor a lo largo del tiempo.<\/p>\n<p>La saliva como fuente de informaci\u00f3n<\/p>\n<p>\u201cEstos primeros resultados confirman que la saliva no es solo un reflejo pasivo de la cavidad oral. Contiene informaci\u00f3n funcional que, debidamente interpretada, puede decirnos c\u00f3mo evoluciona el tumor y c\u00f3mo responde al tratamiento\u201d, afirma Avil\u00e9s.<\/p>\n<p>Para analizar el microbioma salival se han utilizado t\u00e9cnicas de secuenciaci\u00f3n masiva de ADN.<\/p>\n<p>En concreto, explica la SEORL-CCC, ha identificado qu\u00e9 tipos de bacterias est\u00e1n presentes y qu\u00e9 funciones metab\u00f3licas o inmunol\u00f3gicas desempe\u00f1an.<\/p>\n<p>Los resultados preliminares del estudio, en el que han participado en una primera fase 104 <a href=\"https:\/\/efesalud.com\/supervivencia-pacientes-cancer-de-cabeza-y-cuello\/\" data-wpel-link=\"internal\" rel=\"nofollow noopener\" target=\"_blank\">pacientes<\/a>, muestra que en \u00e9stos la diversidad microbiana de la saliva disminuye, mientras que aumenta la presencia de bacterias con potencial proinflamatorio.<\/p>\n<p>Entre los hallazgos m\u00e1s novedosos destacan tres g\u00e9neros bacterianos -Selenomonas, Actinomyces y Prevotella-, cuya presencia y actividad podr\u00edan estar asociadas a la evoluci\u00f3n del tumor.<\/p>\n<p>De confirmarse, la saliva podr\u00eda convertirse en un \u201cespejo molecular\u201d del c\u00e1ncer de cabeza y cuello, al ofrecer informaci\u00f3n clave sobre su progresi\u00f3n.<\/p>\n<p>Una t\u00e9cnica f\u00e1cil y econ\u00f3mica<\/p>\n<p>Analizar la saliva de forma peri\u00f3dica podr\u00eda permitir a los m\u00e9dicos monitorizar la respuesta al tratamiento, detectar reca\u00eddas o ajustar la terapia de forma individualizada seg\u00fan los cambios observados en el microbioma y en su funcionalidad.<\/p>\n<p>\u201cParece existir un di\u00e1logo entre el microbioma y el tumor. Uno influye al otro y viceversa; descubrir los t\u00e9rminos de este di\u00e1logo, tanto para inhibirlo como para promocionarlo, puede ser clave en el desarrollo de herramientas no solo pron\u00f3sticas sino terap\u00e9uticas\u201d subraya Avil\u00e9s.<\/p>\n<p><img loading=\"lazy\" decoding=\"async\" width=\"1024\" height=\"683\" data-attachment-id=\"385248\" data-permalink=\"https:\/\/efesalud.com\/cancer-cabeza-saliva-investigacion-avance\/img_5926-1\/\" data-orig-file=\"https:\/\/efesalud.com\/wp-content\/uploads\/2025\/10\/IMG_5926-1.jpg\" data-orig-size=\"1600,1067\" data-comments-opened=\"0\" data-image-meta=\"{&quot;aperture&quot;:&quot;0&quot;,&quot;credit&quot;:&quot;&quot;,&quot;camera&quot;:&quot;&quot;,&quot;caption&quot;:&quot;&quot;,&quot;created_timestamp&quot;:&quot;0&quot;,&quot;copyright&quot;:&quot;&quot;,&quot;focal_length&quot;:&quot;0&quot;,&quot;iso&quot;:&quot;0&quot;,&quot;shutter_speed&quot;:&quot;0&quot;,&quot;title&quot;:&quot;&quot;,&quot;orientation&quot;:&quot;0&quot;}\" data-image-title=\"c\u00e1ncer cabeza y cuello saliv\" data-image-description=\"\" data-image-caption=\"&lt;p&gt;El doctor Tr\u00edas durante la presentaci\u00f3n del estudio. Foto cedida por SEORL-CCC&lt;\/p&gt;&#10;\" data-medium-file=\"https:\/\/efesalud.com\/wp-content\/uploads\/2025\/10\/IMG_5926-1-300x200.jpg\" data-large-file=\"https:\/\/www.europesays.com\/es\/wp-content\/uploads\/2025\/10\/IMG_5926-1-1024x683.jpg\" alt=\"c\u00e1ncer cabeza saliva\" class=\"wp-image-385248 lazyload\" style=\"object-fit:cover;width:600px;height:400px\" src=\"https:\/\/www.europesays.com\/es\/wp-content\/uploads\/2025\/10\/IMG_5926-1-1024x683.jpg\"  data- data-eio-rwidth=\"1024\" data-eio-rheight=\"683\"\/>Xavier Avil\u00e9s durante la presentaci\u00f3n del estudio. Foto cedida por SEORL-CCC<\/p>\n<p>Adem\u00e1s, se trata de una t\u00e9cnica f\u00e1cil de aplicar, econ\u00f3mica y c\u00f3moda para el paciente, que podr\u00eda integrarse en la pr\u00e1ctica cl\u00ednica habitual una vez validada.<\/p>\n<p>El experto indica que este tipo de herramientas pueden ayudar \u201ca anticipar complicaciones, adaptar los tratamientos y, en \u00faltima instancia, mejorar los resultados\u201d.<\/p>\n<p>Pr\u00f3ximos objetivos<\/p>\n<p>El equipo investigador trabaja ahora en la validaci\u00f3n de estos resultados en cohortes m\u00e1s amplias y en diferentes subtipos tumorales. Tambi\u00e9n en el desarrollo de modelos predictivos basados en inteligencia artificial que integren datos cl\u00ednicos, moleculares y microbianos.<\/p>\n<p>El estudio forma parte de una cohorte multic\u00e9ntrica nacional en la que participan numerosos hospitales espa\u00f1oles con unidades especializadas en tumores de cabeza y cuello.<\/p>\n<p>El Cl\u00ednic, el Hospital de Sant Pau, el Hospital Central de Asturias, el Hospital Joan XXIII de Tarragona, el Instituto Valenciano de Oncolog\u00eda, el Hospital Universitario La Paz, el Hospital Donostia, el Hospital San Pedro de Logro\u00f1o, el Hospital de Bellvitge, el Hospital del Mar y el Hospital Vall d\u2019Hebron, son algunos de ellos, informa la <a href=\"https:\/\/seorl.net\/\" data-wpel-link=\"external\" rel=\"nofollow noopener\" target=\"_blank\">SEORL-CCC<\/a>.<\/p>\n","protected":false},"excerpt":{"rendered":"Un estudio en el que participan varios hospitales espa\u00f1oles plantea la posibilidad de que la saliva pueda ayudar&hellip;\n","protected":false},"author":2,"featured_media":198880,"comment_status":"","ping_status":"","sticky":false,"template":"","format":"standard","meta":{"footnotes":""},"categories":[92],"tags":[25,24,165,1294,3613,166,23,1077],"class_list":{"0":"post-198879","1":"post","2":"type-post","3":"status-publish","4":"format-standard","5":"has-post-thumbnail","7":"category-salud","8":"tag-es","9":"tag-espana","10":"tag-health","11":"tag-investigacion","12":"tag-oncologia","13":"tag-salud","14":"tag-spain","15":"tag-tumores"},"share_on_mastodon":{"url":"https:\/\/pubeurope.com\/@es\/115430551110044234","error":""},"_links":{"self":[{"href":"https:\/\/www.europesays.com\/es\/wp-json\/wp\/v2\/posts\/198879","targetHints":{"allow":["GET"]}}],"collection":[{"href":"https:\/\/www.europesays.com\/es\/wp-json\/wp\/v2\/posts"}],"about":[{"href":"https:\/\/www.europesays.com\/es\/wp-json\/wp\/v2\/types\/post"}],"author":[{"embeddable":true,"href":"https:\/\/www.europesays.com\/es\/wp-json\/wp\/v2\/users\/2"}],"replies":[{"embeddable":true,"href":"https:\/\/www.europesays.com\/es\/wp-json\/wp\/v2\/comments?post=198879"}],"version-history":[{"count":0,"href":"https:\/\/www.europesays.com\/es\/wp-json\/wp\/v2\/posts\/198879\/revisions"}],"wp:featuredmedia":[{"embeddable":true,"href":"https:\/\/www.europesays.com\/es\/wp-json\/wp\/v2\/media\/198880"}],"wp:attachment":[{"href":"https:\/\/www.europesays.com\/es\/wp-json\/wp\/v2\/media?parent=198879"}],"wp:term":[{"taxonomy":"category","embeddable":true,"href":"https:\/\/www.europesays.com\/es\/wp-json\/wp\/v2\/categories?post=198879"},{"taxonomy":"post_tag","embeddable":true,"href":"https:\/\/www.europesays.com\/es\/wp-json\/wp\/v2\/tags?post=198879"}],"curies":[{"name":"wp","href":"https:\/\/api.w.org\/{rel}","templated":true}]}}