{"id":19888,"date":"2025-08-02T03:41:07","date_gmt":"2025-08-02T03:41:07","guid":{"rendered":"https:\/\/www.europesays.com\/es\/19888\/"},"modified":"2025-08-02T03:41:07","modified_gmt":"2025-08-02T03:41:07","slug":"%e2%96%b7-diego-gonzalez-y-el-valor-de-ganar-desde-julio","status":"publish","type":"post","link":"https:\/\/www.europesays.com\/es\/19888\/","title":{"rendered":"\u25b7 Diego Gonz\u00e1lez y el valor de ganar desde julio"},"content":{"rendered":"<p data-start=\"343\" data-end=\"757\">HUESCA | Diego Gonz\u00e1lez est\u00e1 a punto de arrancar su <strong data-start=\"386\" data-end=\"439\">segunda temporada en la <a href=\"https:\/\/www.sdhuesca.es\/\" rel=\"nofollow noopener\" target=\"_blank\">Sociedad Deportiva Huesca<\/a><\/strong>, y lo hace con ilusi\u00f3n, responsabilidad y un mensaje muy claro: <strong data-start=\"504\" data-end=\"540\">la pretemporada importa, y mucho<\/strong>. Aunque reconoce que \u201cpuede ser enga\u00f1osa\u201d, el central andaluz subraya que este tipo de partidos tienen una funci\u00f3n esencial: <strong>\u00abAcostumbrarnos a ganar es lo que nos va a hacer luego en Liga tener esa inercia positiva\u00bb.<\/strong><\/p>\n<p><a href=\"#el-caso-loureiro-se-ha-ganado-todo-nuestro-respeto\" class=\"table-link no-link anchor-link\" data-index=\"rb-heading-index-0-275078\">El caso Loureiro: \u201cSe ha ganado todo nuestro respeto\u201d<\/a><a href=\"#cambio-de-modelo-y-polivalencia\" class=\"table-link no-link anchor-link\" data-index=\"rb-heading-index-1-275078\">Cambio de modelo y polivalencia<\/a><\/p>\n<p data-start=\"759\" data-end=\"1044\">Desde su llegada, Diego ha demostrado ser un jugador comprometido y vers\u00e1til, dispuesto a adaptarse a cualquier rol que le toque asumir. Ahora, ya asentado en el vestuario y con la figura de Sergi Guill\u00f3 en el banquillo, el defensa analiza con naturalidad el momento actual del equipo. <strong data-start=\"1046\" data-end=\"1311\">\u201cMuy bien, pretemporada muy exigente, sobre todo en el plano f\u00edsico. Est\u00e1 siendo algo diferente a lo que ven\u00edamos haciendo otros a\u00f1os, pero contentos\u201d<\/strong>, se\u00f1ala.<\/p>\n<p data-start=\"1370\" data-end=\"1786\">Por otro lado, la defensa se erige como el principal handicap a favor de una SD Huesca que ha disputado cuatro partidos hasta la fecha en esta pretemporada \u2014Tarazona, Osasuna B, Osasuna y Teruel\u2014 con un balance envidiable: <strong data-start=\"1512\" data-end=\"1539\">cuatro porter\u00edas a cero<\/strong>. Diego valora ese dato con prudencia, pero tambi\u00e9n con orgullo: <strong data-start=\"1606\" data-end=\"1785\">\u201cYo siempre lo digo: hay que intentar acostumbrarse a ganar, a dejar las porter\u00edas a cero. Es algo muy positivo y fundamental para el funcionamiento del equipo durante el a\u00f1o\u201d<\/strong>.<\/p>\n<p data-start=\"1788\" data-end=\"2223\">Consciente de que a\u00fan hay margen de mejora, tambi\u00e9n insiste en no relajarse por los buenos resultados: <strong data-start=\"1891\" data-end=\"2020\">\u201cLas pretemporadas son enga\u00f1osas. El a\u00f1o pasado el \u00faltimo partido fue flojo y luego arrancamos la Liga ganando tres seguidos\u201d<\/strong>. Aun as\u00ed, cree que este equipo tiene argumentos para ilusionar: <strong data-start=\"2087\" data-end=\"2222\">\u201cEstamos en un buen momento y creo que vamos a llegar al inicio de Liga en un estado de forma incre\u00edble para ganar aqu\u00ed al Legan\u00e9s\u201d, <\/strong>a\u00f1ade.<\/p>\n<p data-start=\"2225\" data-end=\"2543\">Respecto al amistoso de ma\u00f1ana s\u00e1bado frente al Castell\u00f3n (19:00h), Diego espera otro paso adelante: <strong data-start=\"2321\" data-end=\"2542\">\u201cCada partido nos tiene que servir para ir practicando cosas diferentes. No es lo mismo enfrentarte a un filial que a un equipo como el Castell\u00f3n, que es muy vertical. Nos va a servir para trabajar diferentes modelos\u201d<\/strong>.<\/p>\n<p>El caso Loureiro: \u201cSe ha ganado todo nuestro respeto\u201d<\/p>\n<p data-start=\"2604\" data-end=\"3082\">Uno de los temas m\u00e1s comentados en las \u00faltimas semanas ha sido la salida de <a href=\"https:\/\/www.sportaragon.com\/miguel-loureiro-se-marcha-al-deportivo\/\" rel=\"nofollow noopener\" target=\"_blank\"><strong>Miguel<\/strong> <\/a><strong data-start=\"2680\" data-end=\"2718\"><a href=\"https:\/\/www.sportaragon.com\/miguel-loureiro-se-marcha-al-deportivo\/\" rel=\"nofollow noopener\" target=\"_blank\">Loureiro<\/a> al Deportivo de La Coru\u00f1a<\/strong>, donde se ha reencontrado con Antonio Hidalgo. Su marcha ha generado revuelo entre la afici\u00f3n, y Diego Gonz\u00e1lez no esquiva el tema. Todo lo contrario: <strong data-start=\"2872\" data-end=\"3081\">\u201cLo hemos vivido con mucha tranquilidad y mucho respeto, porque creo que es lo que Loureiro se ha ganado. Ha sido un profesional intachable del primer al \u00faltimo d\u00eda que se ha puesto la camiseta del Huesca\u201d<\/strong>.<\/p>\n<p data-start=\"3084\" data-end=\"3381\">El central asegura que el vestuario sentir\u00e1 su ausencia, no solo por lo que ofrec\u00eda sobre el campo, sino tambi\u00e9n fuera de \u00e9l: <strong data-start=\"3212\" data-end=\"3380\">\u201cEra uno de los capitanes, un ejemplo de much\u00edsimo trabajo y compa\u00f1erismo. Lo vamos a echar de menos y le deseo toda la suerte del mundo. Tengo mucho aprecio a Lou. <\/strong><strong data-start=\"3432\" data-end=\"3494\">Intentaremos que se note lo menos posible la baja de Lou\u201d<\/strong>.<\/p>\n<p>Cambio de modelo y polivalencia<\/p>\n<p data-start=\"3534\" data-end=\"3883\">El cambio de entrenador ha tra\u00eddo consigo un nuevo modelo de juego. Diego, que lleg\u00f3 con Hidalgo y ahora trabajar\u00e1 con Sergi Guill\u00f3, nota la diferencia: <strong data-start=\"3689\" data-end=\"3882\">\u201cEl Huesca de Antonio era un equipo m\u00e1s conservador sin bal\u00f3n, m\u00e1s vertical. Sergi quiere un Huesca m\u00e1s valiente defensivamente, que defienda alto, se empareje y sea protagonista con bal\u00f3n\u201d<\/strong>.<\/p>\n<p data-start=\"3885\" data-end=\"4199\">En ese contexto, todo apunta a que jugar\u00e1 principalmente como central, aunque su experiencia como mediocentro la temporada pasada le permite ofrecer alternativas: <strong data-start=\"4050\" data-end=\"4198\">\u201cPoder adaptarte a varias posiciones siempre es positivo. Aqu\u00ed parece que voy a jugar m\u00e1s de central, pero el f\u00fatbol cambia de un d\u00eda para otro\u201d<\/strong>.<\/p>\n<p data-start=\"4201\" data-end=\"4487\">Con todo ello y para concluir, Diego Gonz\u00e1lez se muestra motivado, sin marcarse metas individuales, pero con un compromiso firme: <strong data-start=\"4293\" data-end=\"4486\">\u201cNo me gusta marcarme objetivos de minutos o rendimiento. Siempre que est\u00e9 aqu\u00ed voy a prometer trabajo, humildad, mucho compa\u00f1erismo y dejarme todo por el club y por la camiseta del Huesca\u201d<\/strong>.<\/p>\n<p><\/p>\n<p>\ud83d\udd35\ud83d\udd34 Balance de pretemporada tras Memorial Antonio Alfonso vs TERUEL 0-0 \u2705 y Tebas&#8230;h2&gt;<br \/>\n<br \/>\ud83d\udd35\ud83d\udd34 Especial caso LOUREIRO: Entrevista con el jugador gallego y an\u00e1lisis del mercado azulgrana \u2705<br \/><\/p>\n","protected":false},"excerpt":{"rendered":"HUESCA | Diego Gonz\u00e1lez est\u00e1 a punto de arrancar su segunda temporada en la Sociedad Deportiva Huesca, y&hellip;\n","protected":false},"author":2,"featured_media":19889,"comment_status":"","ping_status":"","sticky":false,"template":"","format":"standard","meta":{"footnotes":""},"categories":[269],"tags":[299,298,168,25,24,9547,23,167],"class_list":{"0":"post-19888","1":"post","2":"type-post","3":"status-publish","4":"format-standard","5":"has-post-thumbnail","7":"category-baloncesto","8":"tag-baloncesto","9":"tag-basketball","10":"tag-deportes","11":"tag-es","12":"tag-espana","13":"tag-sd-huesca","14":"tag-spain","15":"tag-sports"},"share_on_mastodon":{"url":"","error":""},"_links":{"self":[{"href":"https:\/\/www.europesays.com\/es\/wp-json\/wp\/v2\/posts\/19888","targetHints":{"allow":["GET"]}}],"collection":[{"href":"https:\/\/www.europesays.com\/es\/wp-json\/wp\/v2\/posts"}],"about":[{"href":"https:\/\/www.europesays.com\/es\/wp-json\/wp\/v2\/types\/post"}],"author":[{"embeddable":true,"href":"https:\/\/www.europesays.com\/es\/wp-json\/wp\/v2\/users\/2"}],"replies":[{"embeddable":true,"href":"https:\/\/www.europesays.com\/es\/wp-json\/wp\/v2\/comments?post=19888"}],"version-history":[{"count":0,"href":"https:\/\/www.europesays.com\/es\/wp-json\/wp\/v2\/posts\/19888\/revisions"}],"wp:featuredmedia":[{"embeddable":true,"href":"https:\/\/www.europesays.com\/es\/wp-json\/wp\/v2\/media\/19889"}],"wp:attachment":[{"href":"https:\/\/www.europesays.com\/es\/wp-json\/wp\/v2\/media?parent=19888"}],"wp:term":[{"taxonomy":"category","embeddable":true,"href":"https:\/\/www.europesays.com\/es\/wp-json\/wp\/v2\/categories?post=19888"},{"taxonomy":"post_tag","embeddable":true,"href":"https:\/\/www.europesays.com\/es\/wp-json\/wp\/v2\/tags?post=19888"}],"curies":[{"name":"wp","href":"https:\/\/api.w.org\/{rel}","templated":true}]}}