{"id":198895,"date":"2025-10-24T18:38:12","date_gmt":"2025-10-24T18:38:12","guid":{"rendered":"https:\/\/www.europesays.com\/es\/198895\/"},"modified":"2025-10-24T18:38:12","modified_gmt":"2025-10-24T18:38:12","slug":"las-claves-para-ser-exitoso-en-formula-1-segun-george-russell","status":"publish","type":"post","link":"https:\/\/www.europesays.com\/es\/198895\/","title":{"rendered":"Las claves para ser exitoso en F\u00f3rmula 1, seg\u00fan George Russell"},"content":{"rendered":"<p>Nos comparti\u00f3 que si bien su temporada 2025 iba muy bien, su meta era pelear por el campeonato lo antes posible, <a href=\"https:\/\/www.gq.com.mx\/articulo\/formula-1-2026-calendario-de-carreras-fechas-sedes-y-pilotos\" rel=\"nofollow noopener\" target=\"_blank\">que enfrentar\u00eda 2026<\/a> con una mente abierta, ya que hay que recordar que <strong>cambian las reglas para todos los equipos<\/strong> y no habr\u00e1 un orden establecido como lo conocemos, entonces las oportunidades son m\u00faltiples; aunque, evidentemente, anticip\u00f3 cambios en su estilo de conducci\u00f3n, debido a las caracter\u00edsticas de los nuevos propulsores de la <strong>F\u00f3rmula 1<\/strong>, que ahora depender\u00e1n m\u00e1s de la parte el\u00e9ctrica; pero al final de cuentas, son reglas iguales para todos.<\/p>\n<p>De ah\u00ed nos abri\u00f3 la posibilidad de preguntarle sobre las sensaciones que le provoc\u00f3 obtener su <strong>primera victoria en la m\u00e1xima categor\u00eda<\/strong>; nos contest\u00f3 que: \u201ces un momento con el que sue\u00f1as toda tu vida y y piensas en c\u00f3mo te vas a sentir al conseguirlo, pero algo en lo que no pensaba cuando era ni\u00f1o era lo mucho que iba a significar para todos aquellos que participaron de ese camino junto a m\u00ed; lo que m\u00e1s lo conmovi\u00f3, fue ver a no pocos adultos que participaron en su camino hacia esa primera victoria con los ojos llenos de l\u00e1grimas, ah\u00ed fue donde m\u00e1s sent\u00ed el peso de ese logro, ya que signific\u00f3 mucho que fuera importante tambi\u00e9n para tantas personas haber conseguido ese sue\u00f1o\u201d.<\/p>\n<p>A\u00f1adi\u00f3 que est\u00e1 conduciendo mejor que nunca, y que sus sensaciones son muy buenas al respecto; que si bien ha mejorado mucho, siente que todav\u00eda hay potencial. Adem\u00e1s de que, con la informaci\u00f3n que tiene al momento, cree tener una muy <strong>buena oportunidad con Mercedes para 2026.<\/strong><\/p>\n<p>No pudimos evitar preguntarle acerca de su opini\u00f3n sobre el circuito de los hermanos Rodr\u00edguez, y nos contest\u00f3 de manera honesta y directa, que era una situaci\u00f3n at\u00edpica, ya que se corr\u00eda a una gran altitud, lo que requer\u00eda colocar m\u00e1s \u00e1ngulo en los alerones, a pesar de <strong>ser un circuito r\u00e1pido<\/strong>; su parte favorita es la secci\u00f3n del estadio, porque ah\u00ed puede percibir y sentir lo que representa estar corriendo en M\u00e9xico, ya que se <strong>est\u00e1 muy cercano a los fans<\/strong>.<\/p>\n<p>De actitud sencilla, respuestas directas y una gran personalidad, as\u00ed es como percibimos a <strong>George Russell<\/strong> y creemos que tendr\u00e1 un gran desempe\u00f1o en el <strong>Gran Premio de M\u00e9xico<\/strong>, como lo ha tenido durante buena parte de la temporada 2025.<\/p>\n","protected":false},"excerpt":{"rendered":"Nos comparti\u00f3 que si bien su temporada 2025 iba muy bien, su meta era pelear por el campeonato&hellip;\n","protected":false},"author":2,"featured_media":198896,"comment_status":"","ping_status":"","sticky":false,"template":"","format":"standard","meta":{"footnotes":""},"categories":[270],"tags":[168,25,24,306,271,272,54902,30795,23,167],"class_list":{"0":"post-198895","1":"post","2":"type-post","3":"status-publish","4":"format-standard","5":"has-post-thumbnail","7":"category-formula-1","8":"tag-deportes","9":"tag-es","10":"tag-espana","11":"tag-f1","12":"tag-formula-1","13":"tag-formula1","14":"tag-iwc","15":"tag-mercedes-benz","16":"tag-spain","17":"tag-sports"},"share_on_mastodon":{"url":"https:\/\/pubeurope.com\/@es\/115430601863607141","error":""},"_links":{"self":[{"href":"https:\/\/www.europesays.com\/es\/wp-json\/wp\/v2\/posts\/198895","targetHints":{"allow":["GET"]}}],"collection":[{"href":"https:\/\/www.europesays.com\/es\/wp-json\/wp\/v2\/posts"}],"about":[{"href":"https:\/\/www.europesays.com\/es\/wp-json\/wp\/v2\/types\/post"}],"author":[{"embeddable":true,"href":"https:\/\/www.europesays.com\/es\/wp-json\/wp\/v2\/users\/2"}],"replies":[{"embeddable":true,"href":"https:\/\/www.europesays.com\/es\/wp-json\/wp\/v2\/comments?post=198895"}],"version-history":[{"count":0,"href":"https:\/\/www.europesays.com\/es\/wp-json\/wp\/v2\/posts\/198895\/revisions"}],"wp:featuredmedia":[{"embeddable":true,"href":"https:\/\/www.europesays.com\/es\/wp-json\/wp\/v2\/media\/198896"}],"wp:attachment":[{"href":"https:\/\/www.europesays.com\/es\/wp-json\/wp\/v2\/media?parent=198895"}],"wp:term":[{"taxonomy":"category","embeddable":true,"href":"https:\/\/www.europesays.com\/es\/wp-json\/wp\/v2\/categories?post=198895"},{"taxonomy":"post_tag","embeddable":true,"href":"https:\/\/www.europesays.com\/es\/wp-json\/wp\/v2\/tags?post=198895"}],"curies":[{"name":"wp","href":"https:\/\/api.w.org\/{rel}","templated":true}]}}