{"id":198898,"date":"2025-10-24T18:40:09","date_gmt":"2025-10-24T18:40:09","guid":{"rendered":"https:\/\/www.europesays.com\/es\/198898\/"},"modified":"2025-10-24T18:40:09","modified_gmt":"2025-10-24T18:40:09","slug":"suecia-en-directo-hoy-semifinal-de-la-liga-de-las-naciones-femenina-partido-de-ida","status":"publish","type":"post","link":"https:\/\/www.europesays.com\/es\/198898\/","title":{"rendered":"Suecia en directo hoy: semifinal de la Liga de las Naciones femenina, partido de ida"},"content":{"rendered":"<p>20:37<\/p>\n<p>\u00a1Y otro! \u00a1Goooooooooooool de Alexia Putellas!<\/p>\n<p class=\"voc-p\">Centro exquisito con pierna izquierda de Vicky L\u00f3pez que remata fant\u00e1sticamente Claudia Pina. El bal\u00f3n, rechazado por el larguero, lo empuja a placer Alexia para firmar su doblete. \u00a1Que esto no pare!<\/p>\n<p>20:34<\/p>\n<p>\u00a1GOOOOOOOOOOOOOOL DE CLAUDIA PINA! \u00a1PONE EL SEGUNDO ESPA\u00d1A!<\/p>\n<p class=\"voc-p\">Llegar y besar el santo: derechazo cruzado de Claudia a pase de Ona que Falk solo puede acariciar. Gran, gran partido de la Espa\u00f1a de Sonia Berm\u00fadez. <\/p>\n<p>20:30<\/p>\n<p>Mariona, de nueve; Pina y Vicky, en bandas<\/p>\n<p class=\"voc-p\">Peque\u00f1o redibujo en la parcela ofensiva de Espa\u00f1a con la entrada de la &#8217;20&#8217;. Suecia, ahora, pisa m\u00e1s campo contrario.<\/p>\n<p>20:26<\/p>\n<p>Cambio obligado para Salma&#8230;<\/p>\n<p class=\"voc-p\">La joven se marcha envuelta en l\u00e1grimas. El da\u00f1o parece dado en la rodilla. Entra Claudia Pina.<\/p>\n<p>20:23<\/p>\n<p>El se\u00f1or golazo de Alexia Putellas<\/p>\n<p class=\"voc-p\">En bucle. <\/p>\n<p>20:22<\/p>\n<p>Calienta Claudia Pina<\/p>\n<p class=\"voc-p\">Por unas aparentes molestias de Salma, despu\u00e9s de la acci\u00f3n anterior. <\/p>\n<p>20:18<\/p>\n<p>Fuera de juego, finalmente<\/p>\n<p class=\"voc-p\">La jugadora del FC Barcelona se encontraba en posici\u00f3n antirreglamentaria, justo antes de plantarse sola ante Falk y caer al suelo a manos de una defensora sueca.<\/p>\n<p>20:16<\/p>\n<p>PENALTI SOBRE SALMA PARALLUELO&#8230; \u00bfanulado por fuera de juego previo?<\/p>\n<p class=\"voc-p\">Uno no puede ni comentar aspectos del partido, dado el comienzo de Espa\u00f1a: \u00a1est\u00e1 destrozando a Suecia desde dentro!<\/p>\n<p>20:12<\/p>\n<p>\u00a1GOOOOOOOOOOOOOOOOOLAAAAAAAAZO DE ALEXIA PUTELLAS! <\/p>\n<p class=\"voc-p\">\u00a1Qu\u00e9 zurdazo de Alexia! \u00a1Vaya curva! La &#8217;11&#8217; manda a guardar la falta directa de manera sublime. \u00a1Se\u00f1or comienzo de partido!<\/p>\n<p>20:11<\/p>\n<p>\u00a1Falta para Espa\u00f1a en la frontal!<\/p>\n<p class=\"voc-p\">Y tarjeta amarilla para Angeldahl, por detener la conducci\u00f3n de Mariona. <\/p>\n<p>20:09<\/p>\n<p>Espa\u00f1a se asienta<\/p>\n<p class=\"voc-p\">Cada pase aten\u00faa la anestesia.<\/p>\n<p>20:04<\/p>\n<p>Perros de presa<\/p>\n<p class=\"voc-p\">Presi\u00f3n intens\u00edsima de las jugadoras suecas para combatir las primeras circulaciones de Espa\u00f1a. <\/p>\n<p>20:01<\/p>\n<p>\u00a1Rueda el bal\u00f3n en La Rosaleda!<\/p>\n<p class=\"voc-p\">\u00a1Suecia pone el bal\u00f3n en juego!<\/p>\n<p>19:55<\/p>\n<p>\u00a1Ya saltan al c\u00e9sped!<\/p>\n<p class=\"voc-p\">\u00a1Aitana posa con su Bal\u00f3n de Oro!<\/p>\n<p>19:53<\/p>\n<p>\u00a1Alfombra roja echada!<\/p>\n<p class=\"voc-p\">Las protagonistas, en el t\u00fanel de vestuarios. Todo listo. <\/p>\n<p>19:47<\/p>\n<p>Vicky L\u00f3pez levanta su &#8216;kopa&#8217;<\/p>\n<p class=\"voc-p\">La dicharachera futbolista, titular en el frente de ataque hoy, ha exhibido su galard\u00f3n ante el p\u00fablico de La Rosaleda.<\/p>\n<p>19:39<\/p>\n<p>Eva Navarro: \u00abCreo que ninguna jugadora ha influido en la destituci\u00f3n de Tom\u00e9\u00bb<\/p>\n<p class=\"voc-p\">Nuestro compa\u00f1ero Dani Cebreiro entrevist\u00f3 a la futbolista del Real Madrid ayer. \u00a1                                            <a href=\"https:\/\/www.abc.es\/deportes\/futbol\/eva-navarro-creo-ninguna-jugadora-influido-destitucion-20251023184904-nt.html?\" data-voc-vtm-id=\"in-text-traffic\" target=\"_blank\" rel=\"nofollow noopener\"><br \/>\nL\u00e9elo aqu\u00ed<\/a>!<\/p>\n<p>19:25<\/p>\n<p>Y as\u00ed sale Suecia<\/p>\n<p class=\"voc-p\">Lo esperado&#8230; \u00bfno?<\/p>\n<p>19:19<\/p>\n<p>\u00a1PRIMERA ALINEACI\u00d3N DE SONI ABERM\u00daDEZ!<\/p>\n<p class=\"voc-p\">Mapi Le\u00f3n regresa a la selecci\u00f3n como central titular junto a la capitana Irene Paredes. Jenni Hermoso, suplente. <\/p>\n<p>19:16<\/p>\n<p>Sin anestesia, Sonia Berm\u00fadez<\/p>\n<p class=\"voc-p\">Berm\u00fadez debuta como seleccionadora nacional a lo grande: contra Suecia y en unas semifinales. Se ha esforzado por no alimentar todo el ruido circundante con respecto a Jenni Hermoso y Mapi Le\u00f3n, ambas finalmente entradas en convocatoria. <\/p>\n<p>19:09<\/p>\n<p class=\"voc-p\">\u00a1Buenas tardes! Bienvenidos a la retransmisi\u00f3n del partido entre Espa\u00f1a y Suecia correspondiente a la ida de las semifinales de la Women&#8217;s Nations League. \u00a1Comenzamos!<\/p>\n","protected":false},"excerpt":{"rendered":"20:37 \u00a1Y otro! \u00a1Goooooooooooool de Alexia Putellas! Centro exquisito con pierna izquierda de Vicky L\u00f3pez que remata fant\u00e1sticamente&hellip;\n","protected":false},"author":2,"featured_media":198899,"comment_status":"","ping_status":"","sticky":false,"template":"","format":"standard","meta":{"footnotes":""},"categories":[268],"tags":[168,2125,25,24,5152,280,282,315,31100,1044,3014,1045,16388,281,23,167,7218],"class_list":{"0":"post-198898","1":"post","2":"type-post","3":"status-publish","4":"format-standard","5":"has-post-thumbnail","7":"category-futbol","8":"tag-deportes","9":"tag-directo","10":"tag-es","11":"tag-espana","12":"tag-femenina","13":"tag-football","14":"tag-futbol","15":"tag-hoy","16":"tag-ida","17":"tag-liga","18":"tag-naciones","19":"tag-partido","20":"tag-semifinal","21":"tag-soccer","22":"tag-spain","23":"tag-sports","24":"tag-suecia"},"share_on_mastodon":{"url":"https:\/\/pubeurope.com\/@es\/115430609901852893","error":""},"_links":{"self":[{"href":"https:\/\/www.europesays.com\/es\/wp-json\/wp\/v2\/posts\/198898","targetHints":{"allow":["GET"]}}],"collection":[{"href":"https:\/\/www.europesays.com\/es\/wp-json\/wp\/v2\/posts"}],"about":[{"href":"https:\/\/www.europesays.com\/es\/wp-json\/wp\/v2\/types\/post"}],"author":[{"embeddable":true,"href":"https:\/\/www.europesays.com\/es\/wp-json\/wp\/v2\/users\/2"}],"replies":[{"embeddable":true,"href":"https:\/\/www.europesays.com\/es\/wp-json\/wp\/v2\/comments?post=198898"}],"version-history":[{"count":0,"href":"https:\/\/www.europesays.com\/es\/wp-json\/wp\/v2\/posts\/198898\/revisions"}],"wp:featuredmedia":[{"embeddable":true,"href":"https:\/\/www.europesays.com\/es\/wp-json\/wp\/v2\/media\/198899"}],"wp:attachment":[{"href":"https:\/\/www.europesays.com\/es\/wp-json\/wp\/v2\/media?parent=198898"}],"wp:term":[{"taxonomy":"category","embeddable":true,"href":"https:\/\/www.europesays.com\/es\/wp-json\/wp\/v2\/categories?post=198898"},{"taxonomy":"post_tag","embeddable":true,"href":"https:\/\/www.europesays.com\/es\/wp-json\/wp\/v2\/tags?post=198898"}],"curies":[{"name":"wp","href":"https:\/\/api.w.org\/{rel}","templated":true}]}}