{"id":198900,"date":"2025-10-24T18:41:14","date_gmt":"2025-10-24T18:41:14","guid":{"rendered":"https:\/\/www.europesays.com\/es\/198900\/"},"modified":"2025-10-24T18:41:14","modified_gmt":"2025-10-24T18:41:14","slug":"la-alfombra-azul-de-los-premios-princesa-de-asturias-en-imagenes","status":"publish","type":"post","link":"https:\/\/www.europesays.com\/es\/198900\/","title":{"rendered":"La alfombra azul de los Premios Princesa de Asturias, en im\u00e1genes"},"content":{"rendered":"<p data-start=\"180\" data-end=\"808\">La emblem\u00e1tica alfombra azul se ha vuelto a desplegar una vez m\u00e1s frente al majestuoso teatro Campoamor de Oviedo, escenario imprescindible para la ceremonia de entrega de <a href=\"https:\/\/okdiario.com\/look\/casa-real\/princesa-leonor-reina-letizia-lenguaje-silencioso-joyas-compartidas-oviedo-2407170\" rel=\"nofollow noopener\" target=\"_blank\">los Premios Princesa de Asturias 2025.<\/a> Esta edici\u00f3n ha reunido a un variado elenco de personalidades del mundo de la cultura, la ciencia, el deporte y la sociedad, as\u00ed como a miembros destacados de la Familia Real espa\u00f1ola, que han desfilado con elegancia y solemnidad minutos antes de la llegada de los <strong>Reyes Felipe VI<\/strong> y <strong>Letizia<\/strong>, acompa\u00f1ados por sus hijas, la <strong>princesa Leonor<\/strong> y la <strong>infanta Sof\u00eda<\/strong>.<\/p>\n<p data-start=\"810\" data-end=\"1399\">El ambiente en las calles que rodean el teatro se ha impregnado de una mezcla de entusiasmo, respeto y tradici\u00f3n, con cientos de asturianos congregados para presenciar de primera mano la llegada de los invitados, recibidos con el caracter\u00edstico sonido de las gaitas y el calor de una acogida que reafirma el papel central de estos premios en la vida cultural espa\u00f1ola e internacional. La alfombra azul, que da nombre y distinci\u00f3n al acto, ha sido testigo de c\u00f3mo el glamour, la emoci\u00f3n y la historia se entrelazan en una velada que simboliza el reconocimiento a la excelencia y el talento.<\/p>\n<p data-start=\"131\" data-end=\"710\">Las primeras en hacer acto de presencia fueron la escritora espa\u00f1ola <strong>Mar\u00eda Due\u00f1as<\/strong> y las periodistas <strong>Mar\u00eda Teresa \u00c1lvarez<\/strong> y <strong>Soledad Saavedra<\/strong>. Tras ellas, caminaron por la alfombra roja el pol\u00edtico <strong>Adolfo Su\u00e1rez Illana<\/strong> y el periodista <strong>Juan Ram\u00f3n Lucas<\/strong>, acompa\u00f1ado de su esposa, <strong>Sandra Ibarra<\/strong>, quien llam\u00f3 la atenci\u00f3n con un lazo naranja sobre su vestido arquitect\u00f3nico lila. Este detalle simboliza la concienciaci\u00f3n sobre la leucemia, promueve la investigaci\u00f3n y respalda a los pacientes y sus familias, destacando as\u00ed <a href=\"https:\/\/okdiario.com\/look\/actualidad\/nuria-roca-juan-val-barrera-ventas-no-pierden-faena-amigo-juan-ortega-2023022\" rel=\"nofollow noopener\" target=\"_blank\">la labor de la fundaci\u00f3n sin \u00e1nimo de lucro que ella dirige.<\/a><\/p>\n<p>\n<img decoding=\"async\" loading=\"lazy\" class=\"size-full wp-image-2410549\" alt=\"Juan Ramon Lucas y Sandra Ibarra en los Premios Princesa de Asturias. (Foto: Gtres)\" width=\"1705\" height=\"2560\"  src=\"https:\/\/www.europesays.com\/es\/wp-content\/uploads\/2025\/10\/placeholder.jpg\"  bad-src=\"https:\/\/www.europesays.com\/es\/wp-content\/uploads\/2025\/10\/placeholder.jpg\"\/><\/p>\n<p><img decoding=\"async\" loading=\"lazy\" class=\"size-full wp-image-2410549\" src=\"https:\/\/www.europesays.com\/es\/wp-content\/uploads\/2025\/10\/whatsapp-image-2025-10-24-at-17.35.25-1-1-scaled.jpg\" alt=\"Juan Ramon Lucas y Sandra Ibarra en los Premios Princesa de Asturias. (Foto: Gtres)\" width=\"1705\" height=\"2560\"  \/><\/p>\n<p> Juan Ramon Lucas y Sandra Ibarra en los Premios Princesa de Asturias. (Foto: Gtres)\n<\/p>\n<p data-start=\"138\" data-end=\"534\">Otra pareja que no ha faltado a la cita de los <strong data-start=\"185\" data-end=\"217\">Premios Princesa de Asturias<\/strong> ha sido la formada por <strong data-start=\"241\" data-end=\"260\">Feliciano L\u00f3pez<\/strong> y la modelo <strong data-start=\"273\" data-end=\"288\">Sandra Gago<\/strong>, quienes han llegado pocas horas despu\u00e9s de la exclusiva fiesta Magnificient\u00a0con la que la joyer\u00eda <strong data-start=\"394\" data-end=\"403\">Rabat<\/strong> celebr\u00f3 su \u00e9xito. Durante el evento, Sandra sorprendi\u00f3 al hablar sobre la posibilidad de ampliar la familia, aunque con cautela. <strong>\u00abYo creo que ya se ver\u00e1.<\/strong> No quiero decir ni que s\u00ed ni que no porque realmente no lo sabemos, no sabemos si ir o no ir a por un tercero. Tenemos ah\u00ed nuestros d\u00edas que s\u00ed, nuestros d\u00edas de \u2018ostras\u2019\u00bb, dijo. Para esta ocasi\u00f3n, la modelo ha apostado por un <strong data-start=\"119\" data-end=\"157\">vestido midi de inspiraci\u00f3n sastre<\/strong>, que ha complementado con una <strong data-start=\"188\" data-end=\"266\">chaqueta a juego, siguiendo las mismas l\u00edneas estructuradas y sofisticadas<\/strong>. La aut\u00e9ntica joya de su look ha sido el<strong data-start=\"308\" data-end=\"327\"> bolso de Herm\u00e8s<\/strong>, una pieza ic\u00f3nica que elev\u00f3 el conjunto y lo remat\u00f3 con absoluta perfecci\u00f3n.<\/p>\n<p data-start=\"67\" data-end=\"653\">Por su parte, la presidenta del Grupo FCC<strong data-start=\"81\" data-end=\"138\">, <a href=\"https:\/\/okdiario.com\/look\/actualidad\/esther-alcocer-koplowitz-cumpleanos-vida-privada-1865611\" rel=\"nofollow noopener\" target=\"_blank\">Esther Alcocer Koplowitz<\/a><\/strong>, ha acudido un a\u00f1o m\u00e1s a la ceremonia oficial de los Premios Princesa de Asturias, representando al Grupo FCC, patrono de la Fundaci\u00f3n Princesa de Asturias. Para la ocasi\u00f3n, ha optado por un <strong data-start=\"334\" data-end=\"361\">traje blanco inmaculado<\/strong>, compuesto por una blazer de corte ajustado que realza la figura, con hombros ligeramente descubiertos y solapas elegantes en el cuello. Complet\u00f3 el conjunto con unas <strong data-start=\"529\" data-end=\"585\">sandalias que aportan un toque moderno y sofisticado<\/strong>, logrando un look impecable y muy acertado para la alfombra azul.<\/p>\n<p>\n<img decoding=\"async\" loading=\"lazy\" class=\"size-full wp-image-2410576\" alt=\"Esther Koplowitz en los Premios Princesa de Asturias. (Foto: Gtres)\" width=\"1705\" height=\"2560\"  src=\"https:\/\/www.europesays.com\/es\/wp-content\/uploads\/2025\/10\/placeholder.jpg\"  bad-src=\"https:\/\/www.europesays.com\/es\/wp-content\/uploads\/2025\/10\/placeholder.jpg\"\/><\/p>\n<p><img decoding=\"async\" loading=\"lazy\" class=\"size-full wp-image-2410576\" src=\"https:\/\/www.europesays.com\/es\/wp-content\/uploads\/2025\/10\/whatsapp-image-2025-10-24-at-17.59.31-scaled.jpg\" alt=\"Esther Koplowitz en los Premios Princesa de Asturias. (Foto: Gtres)\" width=\"1705\" height=\"2560\"  \/><\/p>\n<p> Esther Koplowitz en los Premios Princesa de Asturias. (Foto: Gtres)\n<\/p>\n<p data-start=\"51\" data-end=\"753\">Unos minutos despu\u00e9s de Esther, han llegado a la ceremonia<strong> Serena Williams<\/strong> y <strong data-start=\"83\" data-end=\"104\">Paloma Rocasolano<\/strong>. En esta ocasi\u00f3n, la madre de la Reina Letizia ha sorprendido con un <strong data-start=\"285\" data-end=\"339\">elegante vestido de DKNY a la altura de la rodilla<\/strong>, decorado con delicados <strong data-start=\"364\" data-end=\"385\">detalles florales<\/strong> que le daban un aire fresco y sofisticado. Adem\u00e1s, <a href=\"https:\/\/okdiario.com\/look\/estilo\/anillos-compromiso-xl-georgina-taylor-significado-2372583\" rel=\"nofollow noopener\" target=\"_blank\">ha llamado especialmente la atenci\u00f3n al lucir un <strong data-start=\"486\" data-end=\"539\">anillo en el dedo \u00edndice que parece de compromiso<\/strong><\/a>, un accesorio inesperado que a\u00f1adi\u00f3 un toque de misterio y elegancia a su estilismo. Para completar su look, Paloma ha elegido un <strong data-start=\"670\" data-end=\"695\">clutch rosa empolvado<\/strong>, que aport\u00f3 un remate delicado y armonioso al conjunto.<\/p>\n<p data-start=\"96\" data-end=\"487\">Por su parte, la tenista estadounidense, galardonada con el Premio Princesa de Asturias de los Deportes 2025, <a href=\"https:\/\/okdiario.com\/look\/actualidad\/serena-williams-sigue-pasos-meryl-streep-arranca-bailar-ritmo-gaitas-2409099\" rel=\"nofollow noopener\" target=\"_blank\">ha acaparado todas las miradas con su impecable elecci\u00f3n estil\u00edstica para la alfombra azul.<\/a> La deportista ha apostado por un <strong data-start=\"355\" data-end=\"386\">vestido largo de color rojo<\/strong>, una propuesta elegante y poderosa que ha reforzado su imagen de icono dentro y fuera de las pistas. Serena se ha enfundado en un dise\u00f1o con <strong data-start=\"529\" data-end=\"567\">escote asim\u00e9trico y silueta ce\u00f1ida<\/strong>, que realza su figura con sofisticaci\u00f3n. El vestido presenta drapeados en la parte frontal que desembocan en un llamativo nudo 3D en uno de los laterales, aportando movimiento y dise\u00f1o al conjunto. La <strong data-start=\"783\" data-end=\"799\">espalda lisa<\/strong> generaba un contraste sutil frente a los fruncidos delanteros, mientras que la <strong data-start=\"879\" data-end=\"911\">falda evas\u00e9, ligera y fluida<\/strong>, ca\u00eda hasta los tobillos, permitiendo ver el calzado que completaba su look. A sus pies, ha lucido unos <strong data-start=\"1017\" data-end=\"1051\">zapatos de sal\u00f3n efecto charol<\/strong> en el mismo tono de rojo que el vestido.<\/p>\n<p>\n<img decoding=\"async\" loading=\"lazy\" class=\"size-full wp-image-2410591\" alt=\"Paloma Rocasolano en los Premios Princesa de Asturias. (Foto: Gtres)\" width=\"1705\" height=\"2560\"  src=\"https:\/\/www.europesays.com\/es\/wp-content\/uploads\/2025\/10\/placeholder.jpg\"  bad-src=\"https:\/\/www.europesays.com\/es\/wp-content\/uploads\/2025\/10\/placeholder.jpg\"\/><\/p>\n<p><img decoding=\"async\" loading=\"lazy\" class=\"size-full wp-image-2410591\" src=\"https:\/\/www.europesays.com\/es\/wp-content\/uploads\/2025\/10\/whatsapp-image-2025-10-24-at-18.01.37-scaled.jpg\" alt=\"Paloma Rocasolano en los Premios Princesa de Asturias. (Foto: Gtres)\" width=\"1705\" height=\"2560\"  \/><\/p>\n<p> Paloma Rocasolano en los Premios Princesa de Asturias. (Foto: Gtres)\n<\/p>\n<p data-start=\"102\" data-end=\"709\">En el terreno pol\u00edtico, <strong data-start=\"126\" data-end=\"150\">Alberto N\u00fa\u00f1ez Feij\u00f3o<\/strong>, presidente del Partido Popular, se ha convertido en la <strong data-start=\"207\" data-end=\"276\">\u00fanica figura pol\u00edtica que se ha dejado ver sobre la alfombra azul<\/strong> del Teatro Campoamor. Acompa\u00f1ado por el l\u00edder de los populares asturianos, <strong data-start=\"352\" data-end=\"369\">\u00c1lvaro Queipo<\/strong>, Feij\u00f3o ha hecho su aparici\u00f3n con un <a href=\"https:\/\/okdiario.com\/look\/estilo\/alfombra-azul-premios-princesa-asturias-imagenes-2409361\" rel=\"nofollow noopener\" target=\"_blank\"><strong data-start=\"407\" data-end=\"438\">impecable traje azul marino<\/strong><\/a>, que ha combinado con una camisa blanca cl\u00e1sica y una corbata en tono verde agua, aportando un sutil toque de color al conjunto. Su presencia ha sido una de las pocas excepciones institucionales en un evento dominado por el \u00e1mbito cultural, social y deportivo.<\/p>\n<p>El look de la Reina Sof\u00eda para los Premios Princesa de Asturias<\/p>\n<p data-start=\"139\" data-end=\"653\">En contraste crom\u00e1tico con su consuegra y acompa\u00f1ada por los Reyes Felipe y Letizia, as\u00ed como por la <a href=\"https:\/\/okdiario.com\/look\/estilo\/leonor-look-premios-princesa-asturias-version-lady-2410475\" rel=\"nofollow noopener\" target=\"_blank\">princesa Leonor<\/a> y la infanta Sof\u00eda, <strong data-start=\"276\" data-end=\"299\">la Reina Do\u00f1a Sof\u00eda<\/strong> ha hecho su aparici\u00f3n en el acto con la elegancia y sobriedad que siempre la caracterizan. Fiel a su estilo cl\u00e1sico, ha elegido una de las combinaciones m\u00e1s habituales de su armario: un <strong data-start=\"486\" data-end=\"536\">conjunto de chaqueta y pantal\u00f3n en tono marfil<\/strong>, adornado con <strong data-start=\"551\" data-end=\"650\">delicados bordados dorados y discretos destellos brillantes en el escote, los pu\u00f1os y los bajos<\/strong>. Ha completado el estilismo con un collar de perlas, pendientes discretos, un clutch met\u00e1lico y unos zapatos negros de tac\u00f3n c\u00f3modo, perfectos para afrontar con soltura el recorrido hasta el palco y los saludos previos a la ceremonia. El resultado ha sido un look que transmite sofisticaci\u00f3n, serenidad y tradici\u00f3n bien entendida, totalmente acorde a su posici\u00f3n y a la solemnidad del evento.<\/p>\n<p>\n<img decoding=\"async\" loading=\"lazy\" class=\"size-full wp-image-2410736\" alt=\"La Reina Sof\u00eda en los Premios Princesa de Asturias. (Foto: Gtres)\" width=\"1705\" height=\"2560\"  src=\"https:\/\/www.europesays.com\/es\/wp-content\/uploads\/2025\/10\/placeholder.jpg\"  bad-src=\"https:\/\/www.europesays.com\/es\/wp-content\/uploads\/2025\/10\/placeholder.jpg\"\/><\/p>\n<p><img decoding=\"async\" loading=\"lazy\" class=\"size-full wp-image-2410736\" src=\"https:\/\/www.europesays.com\/es\/wp-content\/uploads\/2025\/10\/whatsapp-image-2025-10-24-at-18.36.13-scaled.jpg\" alt=\"La Reina Sof\u00eda en los Premios Princesa de Asturias. (Foto: Gtres)\" width=\"1705\" height=\"2560\"  \/><\/p>\n<p> La Reina Sof\u00eda en los Premios Princesa de Asturias. (Foto: Gtres)\n<\/p>\n<p data-start=\"1066\" data-end=\"1659\">Uno de los detalles m\u00e1s comentados ha sido su cambio de estilismo respecto a la ma\u00f1ana. A su llegada al Hotel Reconquista hab\u00eda optado por un conjunto m\u00e1s oto\u00f1al y funcional, compuesto por un dos piezas de pantal\u00f3n y abrigo en tonos neutros -grises y blancos-, con un estampado geom\u00e9trico a cuadros, uno de los sellos de su estilo m\u00e1s recurrente en esta \u00e9poca del a\u00f1o. Completaba este look con un bolso peque\u00f1o negro, una bufanda que llevaba en la mano y unos botines negros de tac\u00f3n alto, demostrando nuevamente su capacidad para adaptar la elegancia a cada momento del d\u00eda.<\/p>\n<p data-start=\"1661\" data-end=\"1825\">Sea como fuere, lo cierto es que con ambos estilismos, la Reina em\u00e9rita ha vuelto a confirmar por qu\u00e9 es considerada un referente de estilo cl\u00e1sico, c\u00f3modo y atemporal dentro de la realeza europea.<\/p>\n","protected":false},"excerpt":{"rendered":"La emblem\u00e1tica alfombra azul se ha vuelto a desplegar una vez m\u00e1s frente al majestuoso teatro Campoamor de&hellip;\n","protected":false},"author":2,"featured_media":198901,"comment_status":"","ping_status":"","sticky":false,"template":"","format":"standard","meta":{"footnotes":""},"categories":[174],"tags":[255,146,147,25,24,256,54808,23],"class_list":{"0":"post-198900","1":"post","2":"type-post","3":"status-publish","4":"format-standard","5":"has-post-thumbnail","7":"category-famosos","8":"tag-celebrities","9":"tag-entertainment","10":"tag-entretenimiento","11":"tag-es","12":"tag-espana","13":"tag-famosos","14":"tag-princesa-asturias","15":"tag-spain"},"share_on_mastodon":{"url":"https:\/\/pubeurope.com\/@es\/115430613783895186","error":""},"_links":{"self":[{"href":"https:\/\/www.europesays.com\/es\/wp-json\/wp\/v2\/posts\/198900","targetHints":{"allow":["GET"]}}],"collection":[{"href":"https:\/\/www.europesays.com\/es\/wp-json\/wp\/v2\/posts"}],"about":[{"href":"https:\/\/www.europesays.com\/es\/wp-json\/wp\/v2\/types\/post"}],"author":[{"embeddable":true,"href":"https:\/\/www.europesays.com\/es\/wp-json\/wp\/v2\/users\/2"}],"replies":[{"embeddable":true,"href":"https:\/\/www.europesays.com\/es\/wp-json\/wp\/v2\/comments?post=198900"}],"version-history":[{"count":0,"href":"https:\/\/www.europesays.com\/es\/wp-json\/wp\/v2\/posts\/198900\/revisions"}],"wp:featuredmedia":[{"embeddable":true,"href":"https:\/\/www.europesays.com\/es\/wp-json\/wp\/v2\/media\/198901"}],"wp:attachment":[{"href":"https:\/\/www.europesays.com\/es\/wp-json\/wp\/v2\/media?parent=198900"}],"wp:term":[{"taxonomy":"category","embeddable":true,"href":"https:\/\/www.europesays.com\/es\/wp-json\/wp\/v2\/categories?post=198900"},{"taxonomy":"post_tag","embeddable":true,"href":"https:\/\/www.europesays.com\/es\/wp-json\/wp\/v2\/tags?post=198900"}],"curies":[{"name":"wp","href":"https:\/\/api.w.org\/{rel}","templated":true}]}}