{"id":198905,"date":"2025-10-24T18:45:15","date_gmt":"2025-10-24T18:45:15","guid":{"rendered":"https:\/\/www.europesays.com\/es\/198905\/"},"modified":"2025-10-24T18:45:15","modified_gmt":"2025-10-24T18:45:15","slug":"bad-bunny-recibe-el-premio-billboard-artista-latino-del-siglo-21","status":"publish","type":"post","link":"https:\/\/www.europesays.com\/es\/198905\/","title":{"rendered":"Bad Bunny recibe el Premio Billboard Artista Latino del Siglo 21"},"content":{"rendered":"<p class=\"paragraph larva \/\/ lrv-u-margin-lr-auto  lrv-a-font-body-m   \">\n\t<a href=\"https:\/\/www.billboard.com\/artist\/bad-bunny\/\" rel=\"nofollow noopener\" target=\"_blank\">Bad Bunny<\/a>\u00a0fue reconocido el jueves (23 de octubre) con el Premio Billboard Artista del Siglo 21 durante los\u00a0<a href=\"https:\/\/www.billboard.com\/t\/es-premios-billboard-musica-latina\/\" rel=\"nofollow noopener\" target=\"_blank\">Premios Billboard de la M\u00fasica Latina<\/a>\u00a02025, en uno de los momentos m\u00e1s emocionantes de la ceremonia. <a href=\"https:\/\/www.billboard.com\/artist\/rita-moreno\/\" rel=\"nofollow noopener\" target=\"_blank\">Rita Moreno<\/a>, la nonagenaria leyenda boricua de Hollywood, lo sorprendi\u00f3 al salir al escenario para entregarle su trofeo.<\/p>\n<p>\t\t\t\t\tExplorar\t\t<\/p>\n<p>\t\t\t<a href=\"https:\/\/www.billboard.com\/artist\/bad-bunny\/\" class=\"c-lazy-image__link lrv-a-unstyle-link\" rel=\"nofollow noopener\" target=\"_blank\"><\/p>\n<p>\t\t\t\t\t\t<img class=\"c-lazy-image__img lrv-u-background-color-grey-lightest lrv-u-width-100p lrv-u-display-block lrv-u-height-auto\" src=\"https:\/\/www.billboard.com\/wp-content\/themes\/vip\/pmc-billboard-2021\/assets\/public\/lazyload-fallback.gif\" data-lazy-src=\"https:\/\/www.europesays.com\/es\/wp-content\/uploads\/2025\/10\/bad-bunny-74k-344x344.jpg\" alt=\"\" data-lazy- data-lazy- height=\"\" width=\"\" decoding=\"async\"\/><\/p>\n<p>\t\t\t<\/a><\/p>\n<p class=\"c-tagline    lrv-u-text-transform-uppercase lrv-u-color-black u-padding-t-13 lrv-u-padding-b-2 lrv-u-margin-tb-00 lrv-u-text-align-center lrv-u-border-t-1 lrv-u-border-color-black lrv-u-width-100p a-bbesp-font-secondary-fancy-xs@desktop a-bbesp-font-primary-m@mobile-max u-letter-spacing-0041@desktop u-letter-spacing-0656@mobile-max u-line-height-10px@desktop u-line-height-12px@mobile-max\">Vea los \u00faltimos videos, gr\u00e1ficos y noticias<\/p>\n<p class=\"paragraph larva \/\/ lrv-u-margin-lr-auto  lrv-a-font-body-m   \">\n\t\u201cHoy veo un artista que lleva al mundo entero esa misma fuerza, esa misma pasi\u00f3n que a m\u00ed me sirvi\u00f3 para nunca darme por vencida\u201d, dijo Moreno, mientras Bad Bunny la ve\u00eda desde el p\u00fablico evidentemente conmovido. \u201cMe emociona much\u00edsimo desde mi coraz\u00f3n, Benito, entregarte el Premio Billboard Artista Latino del Siglo 21, \u00a1Bad Bunny!\u201d<\/p>\n<p class=\"paragraph larva \/\/ lrv-u-margin-lr-auto  lrv-a-font-body-m   \">\n\tEl  prestigioso reconocimiento se basa en sus logros incomparables en las listas\u00a0<a href=\"https:\/\/www.billboard.com\/lists\/bad-bunny-no-1-lista-top-latin-artists-of-the-21st-century\/\" rel=\"nofollow noopener\" target=\"_blank\">Top Latin Albums y Hot Latin Songs<\/a> durante los primeros 25 a\u00f1os del siglo. Al subir a acepta su galard\u00f3n, ambos bailaron brevemente juntos al ritmo de \u201cBaile inolvidable\u201d, creando un instante m\u00e1gico. <\/p>\n<p class=\"paragraph larva \/\/ lrv-u-margin-lr-auto  lrv-a-font-body-m   \">\n\t\u201cLa respeto mucho, la admiro mucho, wow\u201d, dijo Bad Bunny a Moreno. \u201cSiguiendo sus palabras, cada vez que escucho otros artistas expresarse de esa manera de m\u00ed me da la seguridad de que ser yo y hacer las cosas que hago desde el coraz\u00f3n siempre va a ser una gran decisi\u00f3n, porque eso es lo que he hecho desde el d\u00eda uno, descubriendo quien soy y lo que represento\u201d.<\/p>\n<p class=\"paragraph larva \/\/ lrv-u-margin-lr-auto  lrv-a-font-body-m   \">\n\t\u201cEste premio lo recibo con orgullo porque s\u00e9 lo que he trabajado no solamente yo, sino todas las personas de mi equipo\u201d, expres\u00f3. \u201cEstoy consciente que este premio lo pudo haber recibido cualquiera de los artistas aqu\u00ed esta noche que tambi\u00e9n han aportado a la m\u00fasica latina, que me han inspirado, que por ellos estoy aqu\u00ed, y aquellos que est\u00e1n so\u00f1ando con estar aqu\u00ed. Siempre me voy a identificar con esos artistas, porque me considero un joven que sigue so\u00f1ando, con muchas metas y cosas por hacer\u201d.<\/p>\n<p class=\"paragraph larva \/\/ lrv-u-margin-lr-auto  lrv-a-font-body-m   \">\n\tContinu\u00f3: \u201cLo que estoy diciendo ahora lo estoy diciendo del coraz\u00f3n. No ten\u00eda palabras practicadas. Todav\u00eda no comprendo, de tantos artistas, por qu\u00e9 yo, pero lo agradezco. Esto es de ustedes porque ustedes me tienen aqu\u00ed. No s\u00e9. Dios quiso que yo lo recibiera porque esto no alimenta mi ego. Lo recibo sin arrogancia, con mucha humildad, y seguir\u00e9 siendo el mismo\u201d.<\/p>\n<p class=\"paragraph larva \/\/ lrv-u-margin-lr-auto  lrv-a-font-body-m   \">\n\tLa emoci\u00f3n hab\u00eda comenzado incluso antes, cuando, tras la proyecci\u00f3n del video de presentaci\u00f3n, Los Pleneros de la Cresta aparecieron cantando su exitosa colaboraci\u00f3n \u201cCaf\u00e9 con Ron\u201d en los pasillos del James L. Knight Center. <\/p>\n<p class=\"paragraph larva \/\/ lrv-u-margin-lr-auto  lrv-a-font-body-m   \">\n\tCon una consistencia hist\u00f3rica, Bad Bunny ha roto r\u00e9cords en las listas de\u00a0m\u00fasica latina de Billboard\u00a0y m\u00e1s all\u00e1. Sus \u00faltimos cuatro \u00e1lbumes \u2014\u00a0Deb\u00ed Tirar M\u00e1s Fotos\u00a0(2025),\u00a0Nadie Sabe Lo Que Va a Pasar Ma\u00f1ana\u00a0(2023),\u00a0Un Verano Sin Ti\u00a0(2022) y\u00a0El \u00daltimo Tour del Mundo\u00a0(2020) \u2014 han alcanzado el No. 1 en el\u00a0<a href=\"https:\/\/www.billboard.com\/charts\/billboard-200\/\" rel=\"nofollow noopener\" target=\"_blank\">Billboard 200<\/a>\u00a0de todos los g\u00e9neros. Su reciente residencia en el Coliseo de Puerto Rico marc\u00f3 un hito al romper r\u00e9cords por su magnitud e\u00a0<a href=\"https:\/\/www.billboard.com\/espanol\/negocios\/bad-bunny-impacto-de-la-residencia-economia-puerto-rico-1235916975\/\" rel=\"nofollow noopener\" target=\"_blank\">impacto econ\u00f3mico<\/a>.<\/p>\n<p class=\"paragraph larva \/\/ lrv-u-margin-lr-auto  lrv-a-font-body-m   \">\n\tEl artista se ha convertido en un \u00edcono cultural global, rompiendo barreras en la moda, el cine y la m\u00fasica \u2014 desde copresidir la Met Gala hasta colaborar con la megaestrella del f\u00fatbol Leo Messi en una\u00a0<a href=\"https:\/\/www.billboard.com\/espanol\/cultura-entretenimiento\/bad-bunny-lionel-messi-coleccion-adidas-entrevista-1235806288\/\" rel=\"nofollow noopener\" target=\"_blank\">innovadora asociaci\u00f3n con Adidas<\/a>\u00a0\u2014 adem\u00e1s de actuar en proyectos cinematogr\u00e1ficos junto a aclamados directores y actores.<\/p>\n<p class=\"paragraph larva \/\/ lrv-u-margin-lr-auto  lrv-a-font-body-m   \">\n\tBad Bunny\u00a0<a href=\"https:\/\/www.billboard.com\/espanol\/musica\/bad-bunny-entrevista-residente-conciertos-pr-sorpresa-portada-1236080023\/\" rel=\"nofollow noopener\" target=\"_blank\">aparece en la portada<\/a>\u00a0de la edici\u00f3n de octubre de\u00a0Billboard. Tambi\u00e9n ser\u00e1 el primer artista masculino latinoamericano en solitario en encabezar el espect\u00e1culo de medio tiempo del Super Bowl 2026.<\/p>\n<p class=\"paragraph larva \/\/ lrv-u-margin-lr-auto  lrv-a-font-body-m   \">\n\tConducidos por Goyo y Javier Poza y transmitidos en vivo desde el James L. Knight Center de Miami por Telemundo, los Premios Billboard de la M\u00fasica Latina 2025 tambi\u00e9n pudieron verse en vivo por la app de Telemundo, Peacock y Telemundo Internacional en Latinoam\u00e9rica y el Caribe.<\/p>\n","protected":false},"excerpt":{"rendered":"Bad Bunny\u00a0fue reconocido el jueves (23 de octubre) con el Premio Billboard Artista del Siglo 21 durante los\u00a0Premios&hellip;\n","protected":false},"author":2,"featured_media":198906,"comment_status":"","ping_status":"","sticky":false,"template":"","format":"standard","meta":{"footnotes":""},"categories":[170],"tags":[146,147,25,24,9834,184,185,25201,36800,23],"class_list":{"0":"post-198905","1":"post","2":"type-post","3":"status-publish","4":"format-standard","5":"has-post-thumbnail","7":"category-musica","8":"tag-entertainment","9":"tag-entretenimiento","10":"tag-es","11":"tag-espana","12":"tag-genre-espau00f1ol","13":"tag-music","14":"tag-musica","15":"tag-premios-espau00f1ol","16":"tag-premios-billboard-espanol","17":"tag-spain"},"share_on_mastodon":{"url":"https:\/\/pubeurope.com\/@es\/115430629530966879","error":""},"_links":{"self":[{"href":"https:\/\/www.europesays.com\/es\/wp-json\/wp\/v2\/posts\/198905","targetHints":{"allow":["GET"]}}],"collection":[{"href":"https:\/\/www.europesays.com\/es\/wp-json\/wp\/v2\/posts"}],"about":[{"href":"https:\/\/www.europesays.com\/es\/wp-json\/wp\/v2\/types\/post"}],"author":[{"embeddable":true,"href":"https:\/\/www.europesays.com\/es\/wp-json\/wp\/v2\/users\/2"}],"replies":[{"embeddable":true,"href":"https:\/\/www.europesays.com\/es\/wp-json\/wp\/v2\/comments?post=198905"}],"version-history":[{"count":0,"href":"https:\/\/www.europesays.com\/es\/wp-json\/wp\/v2\/posts\/198905\/revisions"}],"wp:featuredmedia":[{"embeddable":true,"href":"https:\/\/www.europesays.com\/es\/wp-json\/wp\/v2\/media\/198906"}],"wp:attachment":[{"href":"https:\/\/www.europesays.com\/es\/wp-json\/wp\/v2\/media?parent=198905"}],"wp:term":[{"taxonomy":"category","embeddable":true,"href":"https:\/\/www.europesays.com\/es\/wp-json\/wp\/v2\/categories?post=198905"},{"taxonomy":"post_tag","embeddable":true,"href":"https:\/\/www.europesays.com\/es\/wp-json\/wp\/v2\/tags?post=198905"}],"curies":[{"name":"wp","href":"https:\/\/api.w.org\/{rel}","templated":true}]}}