{"id":198913,"date":"2025-10-24T18:49:13","date_gmt":"2025-10-24T18:49:13","guid":{"rendered":"https:\/\/www.europesays.com\/es\/198913\/"},"modified":"2025-10-24T18:49:13","modified_gmt":"2025-10-24T18:49:13","slug":"el-vestido-de-transparencias-de-la-reina-letizia-en-los-premios-princesa-de-asturias-2025","status":"publish","type":"post","link":"https:\/\/www.europesays.com\/es\/198913\/","title":{"rendered":"El vestido de transparencias de la Reina Letizia en los Premios Princesa de Asturias 2025"},"content":{"rendered":"<p style=\"\">El Teatro Campoamor de Oviedo ha acogido una nueva edici\u00f3n de los <strong>Premios Princesa de Asturias<\/strong>. Los Reyes Felipe VI y Letizia, junto a la Princesa de Asturias y la Infanta Sof\u00eda han presidido, un a\u00f1o m\u00e1s, el acto de entrega de los galardones  &#8230; que han reconocido en esta edici\u00f3n, entre otros a <a href=\"https:\/\/www.abc.es\/estilo\/moda\/looks-serena-williams-premios-princesa-asturias-20251024182601-nt.html\" target=\"_blank\" data-voc-vtm-id=\"in-text-traffic\" title=\"Serena Williams\" data-mrf-link=\"www.abc.es\" rel=\"nofollow noopener\">Serena Williams<\/a> o Eduardo Mendoza. <strong>Do\u00f1a Letizia<\/strong> ha vuelto a derrochar estilo con un vestido negro, el mismo tono que en las \u00faltimas ediciones. Sin embargo, en esta ocasi\u00f3n se ha salido de su registro, optando por un modelo con transparencias. <\/p>\n<p class=\"voc-p\" style=\"\">Se trata de un dise\u00f1o que, en realidad, tiene truco, porque lo estren\u00f3 en la <a href=\"https:\/\/www.abc.es\/estilo\/moda\/reina-letizia-triunfa-vestido-premios-cavia-2025-20250708181654-nt.html\" target=\"_blank\" data-voc-vtm-id=\"in-text-traffic\" title=\"entrega de los Premios Mariano Cavia en ABC\" data-mrf-link=\"www.abc.es\" rel=\"nofollow noopener\">entrega de los Premios Mariano Cavia en ABC<\/a> el pasado verano. Al dise\u00f1o en cuesti\u00f3n, de largo midi y escote palabra de honor de <strong>Sybilla<\/strong>, elaborado con crep\u00e9 de seda negra, se le ha a\u00f1adido otro sobrevestido de gasa de seda negro transparente y con manga corta. De esta manera ha conseguido que pareciera nuevo, d\u00e1ndole otra imagen completamente diferente. Lo ha combinado con complementos en color negro: salones destalonados de charol de Magrit y una cartera de mano de piel de Sybilla.<\/p>\n<p><img decoding=\"async\" loading=\"lazy\" src=\"https:\/\/www.europesays.com\/es\/wp-content\/uploads\/2025\/10\/familia-real-U36325271652zub-760x500@diario_abc.jpg\" class=\"voc-img\" width=\"760\" height=\"500\" alt=\"Los Reyes con sus hijas y la Reina Sof\u00eda.\" data-voc-vtm-id=\"in-text-traffic\"\/><\/p>\n<p>Los Reyes con sus hijas y la Reina Sof\u00eda.<\/p>\n<p>GTRES<\/p>\n<p class=\"voc-p\" style=\"\">Complet\u00f3 el estilismo con los <strong>pendientes de diamantes negros<\/strong> de Grisogrono, que ya ha lucido en otras ocasiones, y su anillo de Coreterno.<\/p>\n<p><img decoding=\"async\" loading=\"lazy\" src=\"https:\/\/www.europesays.com\/es\/wp-content\/uploads\/2025\/10\/letizia-premios-2-U57287825352AAY-760x427@diario_abc.jpg\" class=\"voc-img\" width=\"760\" height=\"427\" alt=\"Los detalles beauty del look de la reina: maquillaje marcado y coleta.\" data-voc-vtm-id=\"in-text-traffic\"\/><\/p>\n<p>Los detalles beauty del look de la reina: maquillaje marcado y coleta.<\/p>\n<p>GTRES<\/p>\n<p class=\"voc-p\" style=\"\">En el plano beauty, Do\u00f1a Letizia se ha recogido el cabello en una<strong> estilosa cola de caballo<\/strong>, un peinado que hac\u00eda mucho tiempo que no luc\u00eda. Se trata de una coleta envuelta con un mech\u00f3n de pelo y puntas onduladas. Al llevar el pelo recogido hacia atr\u00e1s, se queda al descubierto su mech\u00f3n de canas. En cuanto al <strong>maquillaje<\/strong>, apost\u00f3 por un look m\u00e1s marcado, con ojos maquillados con un suave<strong> ahumado en tonos marrones<\/strong>, eyeliner y m\u00e1scara de pesta\u00f1as. Adem\u00e1s, luci\u00f3 el rostro esculpido con colorete y labios naturales.<\/p>\n<p><img decoding=\"async\" loading=\"lazy\" src=\"https:\/\/www.europesays.com\/es\/wp-content\/uploads\/2025\/10\/letizia-hijas-U33464557404LIQ-760x1000@diario_abc.jpg\" class=\"voc-img\" width=\"760\" height=\"1000\" alt=\"La Reina y sus hijas.\" data-voc-vtm-id=\"in-text-traffic\"\/><\/p>\n<p>La Reina y sus hijas.<\/p>\n<p>GTRES<\/p>\n<p class=\"voc-p\" style=\"\">Si durante el concierto del jueves Do\u00f1a Letizia y sus hijas optaron por <a href=\"https:\/\/www.abc.es\/estilo\/moda\/looks-azul-negro-reina-letizia-hijas-concierto-20251024082150-nt.html\" target=\"_blank\" data-voc-vtm-id=\"in-text-traffic\" title=\"looks en tonos azules y negros\" data-mrf-link=\"www.abc.es\" rel=\"nofollow noopener\">looks en tonos azules y negros<\/a>, y de nuevo esta ma\u00f1ana han unificado su imagen eligiendo las tres un <a href=\"https:\/\/www.abc.es\/estilo\/moda\/trajes-reina-letizia-princesa-leonor-infanta-sofia-20251024130244-nt.html\" target=\"_blank\" data-voc-vtm-id=\"in-text-traffic\" title=\"traje sastre\" data-mrf-link=\"www.abc.es\" rel=\"nofollow noopener\">traje sastre<\/a>, para la ceremonia de entrega han apostado por looks bastante dispares, aunque de nuevo las tres mujeres han coincidido en la prenda elegida: el <strong>vestido<\/strong>. <\/p>\n<p class=\"voc-p\" style=\"\">Mientras que la Reina se ha decantado por el color negro, la Princesa Leonor ha elegido un dise\u00f1o en tono berenjena que, adem\u00e1s est\u00e1 <a href=\"https:\/\/www.abc.es\/estilo\/moda\/dona-leonor-estrena-vestido-estilo-lady-entrega-20251024184955-nt.html\" target=\"_blank\" data-voc-vtm-id=\"in-text-traffic\" title=\"rebajado\" data-mrf-link=\"www.abc.es\" rel=\"nofollow noopener\">rebajado<\/a>, y la Infanta Sof\u00eda, uno en burdeos, tambi\u00e9n con transparencias. <\/p>\n","protected":false},"excerpt":{"rendered":"El Teatro Campoamor de Oviedo ha acogido una nueva edici\u00f3n de los Premios Princesa de Asturias. Los Reyes&hellip;\n","protected":false},"author":2,"featured_media":198914,"comment_status":"","ping_status":"","sticky":false,"template":"","format":"standard","meta":{"footnotes":""},"categories":[91],"tags":[1770,146,147,25,24,11644,532,1650,10717,23,13011],"class_list":{"0":"post-198913","1":"post","2":"type-post","3":"status-publish","4":"format-standard","5":"has-post-thumbnail","7":"category-entretenimiento","8":"tag-asturias","9":"tag-entertainment","10":"tag-entretenimiento","11":"tag-es","12":"tag-espana","13":"tag-letizia","14":"tag-premios","15":"tag-princesa","16":"tag-reina","17":"tag-spain","18":"tag-vestido"},"share_on_mastodon":{"url":"https:\/\/pubeurope.com\/@es\/115430645476967700","error":""},"_links":{"self":[{"href":"https:\/\/www.europesays.com\/es\/wp-json\/wp\/v2\/posts\/198913","targetHints":{"allow":["GET"]}}],"collection":[{"href":"https:\/\/www.europesays.com\/es\/wp-json\/wp\/v2\/posts"}],"about":[{"href":"https:\/\/www.europesays.com\/es\/wp-json\/wp\/v2\/types\/post"}],"author":[{"embeddable":true,"href":"https:\/\/www.europesays.com\/es\/wp-json\/wp\/v2\/users\/2"}],"replies":[{"embeddable":true,"href":"https:\/\/www.europesays.com\/es\/wp-json\/wp\/v2\/comments?post=198913"}],"version-history":[{"count":0,"href":"https:\/\/www.europesays.com\/es\/wp-json\/wp\/v2\/posts\/198913\/revisions"}],"wp:featuredmedia":[{"embeddable":true,"href":"https:\/\/www.europesays.com\/es\/wp-json\/wp\/v2\/media\/198914"}],"wp:attachment":[{"href":"https:\/\/www.europesays.com\/es\/wp-json\/wp\/v2\/media?parent=198913"}],"wp:term":[{"taxonomy":"category","embeddable":true,"href":"https:\/\/www.europesays.com\/es\/wp-json\/wp\/v2\/categories?post=198913"},{"taxonomy":"post_tag","embeddable":true,"href":"https:\/\/www.europesays.com\/es\/wp-json\/wp\/v2\/tags?post=198913"}],"curies":[{"name":"wp","href":"https:\/\/api.w.org\/{rel}","templated":true}]}}