{"id":198918,"date":"2025-10-24T18:52:10","date_gmt":"2025-10-24T18:52:10","guid":{"rendered":"https:\/\/www.europesays.com\/es\/198918\/"},"modified":"2025-10-24T18:52:10","modified_gmt":"2025-10-24T18:52:10","slug":"ee-uu-envia-un-portaaviones-al-caribe-en-un-aumento-de-la-presion-de-trump-sobre-venezuela","status":"publish","type":"post","link":"https:\/\/www.europesays.com\/es\/198918\/","title":{"rendered":"EE.UU. env\u00eda un portaaviones al Caribe en un aumento de la presi\u00f3n de Trump sobre Venezuela"},"content":{"rendered":"<p>      CNN<br \/>\n        \u00a0\u2014\u00a0<\/p>\n<p class=\"paragraph inline-placeholder vossi-paragraph\" data-uri=\"es.cms.cnn.com\/_components\/paragraph\/instances\/cmh547e1a001q26p4919z6yu3@published\" data-editable=\"text\" data-component-name=\"paragraph\" data-article-gutter=\"true\">\n            El secretario de Defensa, Pete Hegseth, orden\u00f3 el env\u00edo de un grupo de ataque de portaaviones, actualmente estacionado en Europa, a la regi\u00f3n del Caribe, en medio de un aumento masivo de fuerzas militares estadounidenses en la regi\u00f3n.\n    <\/p>\n<p class=\"paragraph inline-placeholder vossi-paragraph\" data-uri=\"es.cms.cnn.com\/_components\/paragraph\/instances\/cmh54casm0007356n7ccehusv@published\" data-editable=\"text\" data-component-name=\"paragraph\" data-article-gutter=\"true\">\n            El grupo de ataque Gerald R. Ford y su ala a\u00e9rea asociada est\u00e1n siendo enviados para \u201cdesmantelar organizaciones criminales transnacionales y combatir el narcotr\u00e1fico\u201d, declar\u00f3 el secretario de prensa del Pent\u00e1gono, Sean Parnell, en un comunicado publicado en X.\n    <\/p>\n<p class=\"paragraph inline-placeholder vossi-paragraph\" data-uri=\"es.cms.cnn.com\/_components\/paragraph\/instances\/cmh54casm0008356n3qympds1@published\" data-editable=\"text\" data-component-name=\"paragraph\" data-article-gutter=\"true\">\n            El aumento de fuerzas estadounidenses ha suscitado dudas sobre las intenciones del Gobierno de Trump en la regi\u00f3n. La administraci\u00f3n ha afirmado repetidamente que la presencia militar forma parte de una campa\u00f1a contra el narcotr\u00e1fico, pero el presidente Donald Trump tambi\u00e9n ha estado considerando <a href=\"https:\/\/cnnespanol.cnn.com\/2025\/10\/23\/eeuu\/trump-pronto-habra-operaciones-terrestres-venezuela-orix\" rel=\"nofollow noopener\" target=\"_blank\">ataques dentro de Venezuela<\/a> como parte de una estrategia m\u00e1s amplia destinada a debilitar al l\u00edder Nicol\u00e1s Maduro, seg\u00fan inform\u00f3 CNN.\n    <\/p>\n<p class=\"paragraph inline-placeholder vossi-paragraph\" data-uri=\"es.cms.cnn.com\/_components\/paragraph\/instances\/cmh54casm0009356ncn0bpli0@published\" data-editable=\"text\" data-component-name=\"paragraph\" data-article-gutter=\"true\">\n            El Ford, un portaaviones de primera clase, es considerado por la Armada como el buque de guerra m\u00e1s grande jam\u00e1s construido en el mundo.\n    <\/p>\n<p class=\"paragraph inline-placeholder vossi-paragraph\" data-uri=\"es.cms.cnn.com\/_components\/paragraph\/instances\/cmh54casm000a356nwkh0fwaf@published\" data-editable=\"text\" data-component-name=\"paragraph\" data-article-gutter=\"true\">\n            Hegseth declar\u00f3 el viernes por la ma\u00f1ana que <a href=\"https:\/\/cnnespanol.cnn.com\/2025\/10\/24\/eeuu\/hegseth-ataque-barco-tren-de-aragua-trax\" rel=\"nofollow noopener\" target=\"_blank\">Estados Unidos hab\u00eda llevado a cabo un ataque nocturno contra una embarcaci\u00f3n<\/a>, seg\u00fan \u00e9l, operada por un c\u00e1rtel de la droga y dedicada al contrabando de narc\u00f3ticos en el Caribe.\n    <\/p>\n<p class=\"paragraph inline-placeholder vossi-paragraph\" data-uri=\"es.cms.cnn.com\/_components\/paragraph\/instances\/cmh54casm000b356n0wl451k4@published\" data-editable=\"text\" data-component-name=\"paragraph\" data-article-gutter=\"true\">\n            El ataque, que seg\u00fan Hegseth caus\u00f3 la muerte de seis personas, eleva a 10 el n\u00famero total conocido de embarcaciones atacadas y a 43 el de personas fallecidas desde que Estados Unidos inici\u00f3 su campa\u00f1a el mes pasado.\n    <\/p>\n<p class=\"paragraph inline-placeholder vossi-paragraph\" data-uri=\"es.cms.cnn.com\/_components\/paragraph\/instances\/cmh54casm000c356n0qkmn9nx@published\" data-editable=\"text\" data-component-name=\"paragraph\" data-article-gutter=\"true\">\n            Esta noticia est\u00e1 en desarrollo y ser\u00e1 actualizada.\n    <\/p>\n","protected":false},"excerpt":{"rendered":"CNN \u00a0\u2014\u00a0 El secretario de Defensa, Pete Hegseth, orden\u00f3 el env\u00edo de un grupo de ataque de portaaviones,&hellip;\n","protected":false},"author":2,"featured_media":198919,"comment_status":"","ping_status":"","sticky":false,"template":"","format":"standard","meta":{"footnotes":""},"categories":[42],"tags":[17,18,30234,352,13,14,2043,11,150,61,62,63,64,19,20,9,10,15,16,54903,12,21,22,65,66,67],"class_list":{"0":"post-198918","1":"post","2":"type-post","3":"status-publish","4":"format-standard","5":"has-post-thumbnail","7":"category-internacional","8":"tag-breaking-news","9":"tag-breakingnews","10":"tag-caribe","11":"tag-donald-trump","12":"tag-featured-news","13":"tag-featurednews","14":"tag-ford","15":"tag-headlines","16":"tag-instanoticias","17":"tag-internacional","18":"tag-international","19":"tag-international-news","20":"tag-internationalnews","21":"tag-latest-news","22":"tag-latestnews","23":"tag-news","24":"tag-noticias","25":"tag-noticias-destacadas","26":"tag-noticiasdestacadas","27":"tag-portaviones","28":"tag-titulares","29":"tag-ultimas-noticias","30":"tag-ultimasnoticias","31":"tag-world","32":"tag-world-news","33":"tag-worldnews"},"share_on_mastodon":{"url":"https:\/\/pubeurope.com\/@es\/115430656965894925","error":""},"_links":{"self":[{"href":"https:\/\/www.europesays.com\/es\/wp-json\/wp\/v2\/posts\/198918","targetHints":{"allow":["GET"]}}],"collection":[{"href":"https:\/\/www.europesays.com\/es\/wp-json\/wp\/v2\/posts"}],"about":[{"href":"https:\/\/www.europesays.com\/es\/wp-json\/wp\/v2\/types\/post"}],"author":[{"embeddable":true,"href":"https:\/\/www.europesays.com\/es\/wp-json\/wp\/v2\/users\/2"}],"replies":[{"embeddable":true,"href":"https:\/\/www.europesays.com\/es\/wp-json\/wp\/v2\/comments?post=198918"}],"version-history":[{"count":0,"href":"https:\/\/www.europesays.com\/es\/wp-json\/wp\/v2\/posts\/198918\/revisions"}],"wp:featuredmedia":[{"embeddable":true,"href":"https:\/\/www.europesays.com\/es\/wp-json\/wp\/v2\/media\/198919"}],"wp:attachment":[{"href":"https:\/\/www.europesays.com\/es\/wp-json\/wp\/v2\/media?parent=198918"}],"wp:term":[{"taxonomy":"category","embeddable":true,"href":"https:\/\/www.europesays.com\/es\/wp-json\/wp\/v2\/categories?post=198918"},{"taxonomy":"post_tag","embeddable":true,"href":"https:\/\/www.europesays.com\/es\/wp-json\/wp\/v2\/tags?post=198918"}],"curies":[{"name":"wp","href":"https:\/\/api.w.org\/{rel}","templated":true}]}}