{"id":198920,"date":"2025-10-24T18:53:09","date_gmt":"2025-10-24T18:53:09","guid":{"rendered":"https:\/\/www.europesays.com\/es\/198920\/"},"modified":"2025-10-24T18:53:09","modified_gmt":"2025-10-24T18:53:09","slug":"el-boe-pone-la-fecha-al-fin-del-cambio-de-hora-en-espana","status":"publish","type":"post","link":"https:\/\/www.europesays.com\/es\/198920\/","title":{"rendered":"El BOE pone la fecha al fin del cambio de hora en Espa\u00f1a"},"content":{"rendered":"<p style=\"\">El cambio de hora es este fin de semana en Espa\u00f1a. Esta madrugada todos los relojes de los espa\u00f1oles se atrasan una hora, dando lugar al horario de invierno. Pero, <strong>\u00bftendremos que volver a repetir esta acci\u00f3n en Espa\u00f1a los pr\u00f3ximos a\u00f1os?<\/strong><\/p>\n<p style=\"\">La medida  &#8230; se lleva adoptando desde hace tiempo en todos los pa\u00edses de la Uni\u00f3n Europea. <strong>En marzo se pasa al horario<\/strong> de verano y en <strong>octubre al horario de invierno<\/strong>. El objetivo principal no es otro que aprovechar las horas de luz para contribuir con el <a href=\"https:\/\/www.abc.es\/recreo\/experta-explica-ahorrar-energia-hogar-encender-radiadores-20250114173000-nt.html\" title=\"www.abc.es\" data-voc-vtm-id=\"in-text-traffic\" data-mrf-link=\"www.abc.es\" rel=\"nofollow noopener\" target=\"_blank\">ahorro energ\u00e9tico<\/a>.<\/p>\n<p class=\"voc-p\" style=\"\">Desde 1981, la norma pas\u00f3 a ser <strong>obligatoria<\/strong> para los territorios que conforman la eurozona. Sin embargo, es una pr\u00e1ctica con la que no todos est\u00e1n de acuerdo y que ha generado un <strong>inmenso debate<\/strong>. <\/p>\n<p>\nEuropa quiere poner fin al cambio de hora\n<\/p>\n<p class=\"voc-p\" style=\"\">Algunas entidades, como es el caso de la <strong>Sociedad Espa\u00f1ola del Sue\u00f1o<\/strong>, han advertido en numerosas ocasiones de los <a href=\"https:\/\/www.abc.es\/bienestar\/psicologia-sexo\/saray-falcon-psicologa-cambio-hora-puede-afectar-20251018172228-nt.html\" title=\"www.abc.es\" data-voc-vtm-id=\"in-text-traffic\" data-mrf-link=\"www.abc.es\" rel=\"nofollow noopener\" target=\"_blank\">efectos negativos del cambio de hora sobre las personas<\/a>. <\/p>\n<p class=\"voc-p\" style=\"\">Hay algunas que experimentan irritabilidad, falta de concentraci\u00f3n, bajo rendimiento laboral e insomnio tras la modificaci\u00f3n. Pero no solo eso. Tambi\u00e9n se ha relacionado con <a href=\"https:\/\/www.abc.es\/recreo\/conrado-estol-neurologo-dormir-bien-solo-empieza-20251017063000-nt.html\" title=\"www.abc.es\" data-voc-vtm-id=\"in-text-traffic\" data-mrf-link=\"www.abc.es\" rel=\"nofollow noopener\" target=\"_blank\">enfermedades que ponen en riesgo la salud<\/a> como la <strong>obesidad, la diabetes, infartos, ictus, depresi\u00f3n o ansiedad<\/strong>.<\/p>\n<p class=\"voc-p\" style=\"\">En septiembre de 2018, la Comisi\u00f3n Europea expres\u00f3 su preocupaci\u00f3n y plante\u00f3 la <strong>posibilidad de poner fin a este gesto<\/strong> tan simple en los relojes. La fecha inicial propuesta fue 2019. Despu\u00e9s se pospuso a 2021, aunque <strong>no ha llegado a hacerse efectiva<\/strong> debido al desacuerdo entre los estados miembros.<\/p>\n<p class=\"voc-p\" style=\"\">Asimismo, hay expertos que consideran que el <strong>ahorro<\/strong> que genera en materia energ\u00e9tica <strong>es \u00ednfimo<\/strong>. <\/p>\n<p class=\"voc-p\" style=\"\">El lunes 20 de octubre, <a href=\"https:\/\/www.abc.es\/sociedad\/sanchez-propondra-union-europea-acabar-cambio-hora-20251020082216-nt.html\" title=\"www.abc.es\" data-voc-vtm-id=\"in-text-traffic\" data-mrf-link=\"www.abc.es\" rel=\"nofollow noopener\" target=\"_blank\">Pedro S\u00e1nchez propuso a la Uni\u00f3n Europea acabar con el cambio de hora en 2026<\/a>. El presidente del Gobierno consider\u00f3 que este mecanismo <strong>\u00abya no tiene sentido\u00bb<\/strong>. \u00abApenas ayuda a ahorrar energ\u00eda y tiene un impacto negativo en la salud y en la vida de la gente\u00bb, expres\u00f3 a trav\u00e9s de un <a href=\"https:\/\/x.com\/sanchezcastejon\/status\/1980151947807055966\" title=\"x.com\" data-voc-vtm-id=\"in-text-traffic\" data-mrf-link=\"x.com\" rel=\"nofollow\">v\u00eddeo<\/a> publicado en X. <\/p>\n<blockquote class=\"twitter-tweet\">\n<p lang=\"es\" dir=\"ltr\">Cambiar la hora dos veces al a\u00f1o ya no tiene sentido.\u202f<\/p>\n<p>Apenas ayuda a ahorrar energ\u00eda y tiene un impacto negativo en la salud y en la vida de la gente.<\/p>\n<p>Por eso, hoy el Gobierno de Espa\u00f1a propondr\u00e1 a la UE acabar con el cambio de hora estacional en el Consejo de Energ\u00eda y\u2026 <a href=\"https:\/\/t.co\/LA9UM0HVfG\" rel=\"nofollow\">pic.twitter.com\/LA9UM0HVfG<\/a><\/p>\n<p>\u2014 Pedro S\u00e1nchez (@sanchezcastejon) <a href=\"https:\/\/twitter.com\/sanchezcastejon\/status\/1980151947807055966?ref_src=twsrc%5Etfw\" rel=\"nofollow noopener\" target=\"_blank\">October 20, 2025<\/a><\/p><\/blockquote>\n<p class=\"voc-p\" style=\"\">El Ejecutivo llev\u00f3 la petici\u00f3n al Consejo de Transporte, Telecomunicaciones y Energ\u00eda de la UE, en el que participan los ministros de los Estados miembros. \u00ab<strong>\u00bfQu\u00e9 es la pol\u00edtica \u00fatil?<\/strong> Bueno, pues la que escucha a los ciudadanos, tambi\u00e9n a la ciencia, y los lleva a su legislaci\u00f3n\u00bb, concluy\u00f3 el presidente en su mensaje.<\/p>\n<p class=\"voc-p\" style=\"\">En cambio, parece que la iniciativa no sali\u00f3 como esperaba el presidente S\u00e1nchez. El comisario de energ\u00eda de la UE Dan Jorgensen prometi\u00f3 estudiarlo en profundidad, aunque tambi\u00e9n se\u00f1al\u00f3 <a href=\"https:\/\/www.abc.es\/sociedad\/ue-largas-sanchez-propuesta-cambio-hora-dice-20251020190711-nt.html\" target=\"_self\" data-voc-vtm-id=\"in-text-traffic\" title=\"que no es una prioridad\" data-mrf-link=\"www.abc.es\" rel=\"nofollow noopener\">que no es una prioridad<\/a>.<\/p>\n<p>\n\u00bfQu\u00e9 fecha pone el BOE para el fin del cambio de hora?\n<\/p>\n<p class=\"voc-p\" style=\"\">El 20 de marzo de 2019, el Gobierno cre\u00f3 una comisi\u00f3n de expertos para discutir sobre el cambio de hora. Finalmente, lleg\u00f3 a la conclusi\u00f3n de que no era aconsejable decidir sobre este tema al <strong>no haber un \u00abconsenso compartido\u00bb<\/strong>.<\/p>\n<p class=\"voc-p\" style=\"\">Por lo tanto, todav\u00eda <strong>no hay un d\u00eda oficial para el fin del cambio de hora<\/strong>. No obstante, el <a href=\"https:\/\/www.boe.es\/buscar\/doc.php?id=BOE-A-2022-4026#:~:text=De%20igual%20manera%2C%20el%20art%C3%ADculo,privadas%20y%20p%C3%BAblicas%20puedan%20conocer\" title=\"www.boe.es\" data-voc-vtm-id=\"in-text-traffic\" data-mrf-link=\"www.boe.es\" rel=\"nofollow noopener\" target=\"_blank\">art\u00edculo 5 del Real Decreto 236\/2002<\/a> especifica que se debe publicar en el <a href=\"https:\/\/www.abc.es\/economia\/boe-publica-28121-plazas-trabajar-funcionario-lista-20240104095917-nt.html\" title=\"www.abc.es\" data-voc-vtm-id=\"in-text-traffic\" data-mrf-link=\"www.abc.es\" rel=\"nofollow noopener\" target=\"_blank\">Bolet\u00edn Oficial del Estado (BOE)<\/a> un <strong>calendario concreto<\/strong> que recoja la modificaci\u00f3n del horario para los pr\u00f3ximos cinco a\u00f1os. <\/p>\n<p class=\"voc-p\" style=\"\">As\u00ed pues, en base a este cuadrante, <strong>el \u00faltimo cambio de hora en Espa\u00f1a ser\u00e1 el 25 de octubre de 2026<\/strong>.<\/p>\n<ul class=\"oc-d-c-list__list\">\n<li class=\"voc-d-c-list__item\">\n<p class=\"voc-d-c-list__paragraph\">Domingo 26 de octubre de 2025<\/p>\n<\/li>\n<li class=\"voc-d-c-list__item\">\n<p class=\"voc-d-c-list__paragraph\">Domingo 29 de marzo de 2026<\/p>\n<\/li>\n<li class=\"voc-d-c-list__item\">\n<p class=\"voc-d-c-list__paragraph\">Domingo 25 de octubre de 2026<\/p>\n<\/li>\n<\/ul>\n<p class=\"voc-p\" style=\"\">Cabe recordar que <strong>no es definitivo<\/strong> y habr\u00e1 que ver qu\u00e9 hace la Uni\u00f3n Europea con la propuesta del Gobierno de Espa\u00f1a.<\/p>\n<p><script async src=\"https:\/\/platform.twitter.com\/widgets.js\" charset=\"utf-8\"><\/script><\/p>\n","protected":false},"excerpt":{"rendered":"El cambio de hora es este fin de semana en Espa\u00f1a. Esta madrugada todos los relojes de los&hellip;\n","protected":false},"author":2,"featured_media":198921,"comment_status":"","ping_status":"","sticky":false,"template":"","format":"standard","meta":{"footnotes":""},"categories":[8],"tags":[8035,17,18,7556,25,24,13,14,1151,772,11,1458,19,20,9,10,15,16,1150,23,12,21,22],"class_list":{"0":"post-198920","1":"post","2":"type-post","3":"status-publish","4":"format-standard","5":"has-post-thumbnail","7":"category-espana","8":"tag-boe","9":"tag-breaking-news","10":"tag-breakingnews","11":"tag-cambio","12":"tag-es","13":"tag-espana","14":"tag-featured-news","15":"tag-featurednews","16":"tag-fecha","17":"tag-fin","18":"tag-headlines","19":"tag-hora","20":"tag-latest-news","21":"tag-latestnews","22":"tag-news","23":"tag-noticias","24":"tag-noticias-destacadas","25":"tag-noticiasdestacadas","26":"tag-pone","27":"tag-spain","28":"tag-titulares","29":"tag-ultimas-noticias","30":"tag-ultimasnoticias"},"share_on_mastodon":{"url":"https:\/\/pubeurope.com\/@es\/115430660797093796","error":""},"_links":{"self":[{"href":"https:\/\/www.europesays.com\/es\/wp-json\/wp\/v2\/posts\/198920","targetHints":{"allow":["GET"]}}],"collection":[{"href":"https:\/\/www.europesays.com\/es\/wp-json\/wp\/v2\/posts"}],"about":[{"href":"https:\/\/www.europesays.com\/es\/wp-json\/wp\/v2\/types\/post"}],"author":[{"embeddable":true,"href":"https:\/\/www.europesays.com\/es\/wp-json\/wp\/v2\/users\/2"}],"replies":[{"embeddable":true,"href":"https:\/\/www.europesays.com\/es\/wp-json\/wp\/v2\/comments?post=198920"}],"version-history":[{"count":0,"href":"https:\/\/www.europesays.com\/es\/wp-json\/wp\/v2\/posts\/198920\/revisions"}],"wp:featuredmedia":[{"embeddable":true,"href":"https:\/\/www.europesays.com\/es\/wp-json\/wp\/v2\/media\/198921"}],"wp:attachment":[{"href":"https:\/\/www.europesays.com\/es\/wp-json\/wp\/v2\/media?parent=198920"}],"wp:term":[{"taxonomy":"category","embeddable":true,"href":"https:\/\/www.europesays.com\/es\/wp-json\/wp\/v2\/categories?post=198920"},{"taxonomy":"post_tag","embeddable":true,"href":"https:\/\/www.europesays.com\/es\/wp-json\/wp\/v2\/tags?post=198920"}],"curies":[{"name":"wp","href":"https:\/\/api.w.org\/{rel}","templated":true}]}}