{"id":198929,"date":"2025-10-24T19:04:08","date_gmt":"2025-10-24T19:04:08","guid":{"rendered":"https:\/\/www.europesays.com\/es\/198929\/"},"modified":"2025-10-24T19:04:08","modified_gmt":"2025-10-24T19:04:08","slug":"cristina-pedroche-10-anos-despues-de-su-boda-en-zapatillas-con-david-munoz-ahora-me-quiero-casar-por-la-iglesia-hola","status":"publish","type":"post","link":"https:\/\/www.europesays.com\/es\/198929\/","title":{"rendered":"Cristina Pedroche, 10 a\u00f1os despu\u00e9s de su boda en zapatillas con David Mu\u00f1oz: &quot;Ahora me quiero casar por la Iglesia&quot; &#8211; HOLA"},"content":{"rendered":"<ol>\n<li><a href=\"https:\/\/news.google.com\/rss\/articles\/CBMisAFBVV95cUxQUEctOGJVX2g4N1hVdlpXU2FpWVdQb3QxcjlsWlNIQTFqTWxFQjkwaW5XQzQ1bkIwVUVWLTZ3R0ZxRUNZWjRYRnEtc3E3ajBUNGtMb1ZGT2N4UTFuM1duZDlHUnhDSGxOcG9tTFg1NnJhc0JjQ0lXa192bFBIeHJEN29iYVg4TFJydkxkOEVBU1d5MldJbFA0VURfbUNySXB2bTNUY2NwaFhBSjdURjRjcA?oc=5\" target=\"_blank\" rel=\"nofollow noopener\">Cristina Pedroche, 10 a\u00f1os despu\u00e9s de su boda en zapatillas con David Mu\u00f1oz: \u00abAhora me quiero casar por la Iglesia\u00bb<\/a>&nbsp;&nbsp;HOLA<\/li>\n<li><a href=\"https:\/\/news.google.com\/rss\/articles\/CBMiswFBVV95cUxPVEFhNm5OVExuN3dDMVdVeGNzMTJQMzltMjM0bjQ5cHpYTXAzYTN3bnFZVktJOWQxRllkblZjb2FVY3c5cURabXlCUlhZOFBUZHVWUnVJUnJiVWh6ejJTa3Bsek0yalFWenp2b2JyaVg4ckU5NWNSN09hdlpmU2dKRkV6RWZ1Y0hMTkRSbzZMU1o3ZVVXLTFpRVE3c1RIRWVoWW5MZkJ5NkpLTlphb0FGQnhhUQ?oc=5\" target=\"_blank\" rel=\"nofollow noopener\">Cristina Pedroche, a coraz\u00f3n abierto: \u00abDabiz es lo mejor que me ha pasado, y luego mis hijos\u00bb<\/a>&nbsp;&nbsp;Diario Sur<\/li>\n<li><a href=\"https:\/\/news.google.com\/rss\/articles\/CBMimAJBVV95cUxQUDhQVVZEZk44NXpwTWJYamhGYlJUam5QVWtDaXFqbUd1QkdCLW9yMS1jZ1RsQm05MkFNZF9ES3hNM1oxY2kwN21LSjVtSHBBR2wwVWFEc28xRWVIdDBlMzBCeENERWpYbF9OVXNPQTRYd1BaYl9xTXh0LU1lZG5oOFNoR3JYX2VNQzNLalg5d3JkcGpPTXlyLTVjY3hXaXZiNUp0UDh0eUhZRGhoSjN6bW1NaW15TzgtZ2ZyRk50NlBtRFFLcUNxQlJnN1Y5b0RrZ2x6akM3dXFfWTg0Sl9NZy1GLUoxemczb2xPQndTWG5EMnBpRU1raW84NkRsdWtNTnlzbzVRbzZ2bHdGcGxyUHhiT00zdnhr0gGeAkFVX3lxTE9vYUtreGU4djF1dnVJMmwzNER5eUFKbnczdHVoU3RfSmtxb3J5bjBvQTdHOE8zczI5djNGYkdyaFd6MU9HcThLN3pYQnhZSUJIbnVYMnBfb1JWMDI1UFE4N1RFVFVKQWpQSExOWGxLWW85U0pTek5DNWdwMGktYy1UU2k0WTdBRjBYQnZwSURWYk11TFJ4QVRJbVh6YWJUNEF4dDBPZmlYMC1XNGVpSWlMT21PM1JHcHlfd3dENHBVVjMycHEtY0JuUFF4OUV3VC14cEx6ZDhDdHRnWTRLZW5fSG9OSGhxbklSWGVxQU94cW9pb1JWeWJiV1hacHkwUjNRMmw1U3NNbHF2WGFlQzhybmtDSlY1WXRBLU1DLXc?oc=5\" target=\"_blank\" rel=\"nofollow noopener\">Cristina Pedroche, 36 a\u00f1os: \u201cMe casar\u00eda con Dabiz cada d\u00eda de mi vida, por todos los rituales. Pero ahora me quiero casar por la iglesia porque es lo mejor que me ha pasado\u201d<\/a>&nbsp;&nbsp;La Vanguardia<\/li>\n<li><a href=\"https:\/\/news.google.com\/rss\/articles\/CBMiuAFBVV95cUxPWFBaeU1mN093S0hVeW50SDZXcG9VaWNDRkpuZEdkVjcxdENLbFRkREoxams1SVJEdWYwcDRUN3dkTVZkck14ZC1yNnVQZjQyT21aTzJ4ODF0ZlVYTDhiSWZlNmNreVJnak9jbnhjcXZpMF9UcHZEZDlBUHdvY1lRWTBERWFsWGN2X29sOUFFbmtaZ2xZWVVHRVl3WHV2NkxFTkI5Zm1SVl8zT080VTl1aGo5V1ZGVXNE?oc=5\" target=\"_blank\" rel=\"nofollow noopener\">El deseo de Cristina Pedroche para celebrar 10 a\u00f1os de casada con Dabiz Mu\u00f1oz que el chef no le concede: una segunda boda por la Iglesia<\/a>&nbsp;&nbsp;Vanitatis<\/li>\n<li><a href=\"https:\/\/news.google.com\/rss\/articles\/CBMi_wFBVV95cUxQb3d5SDVYeDJsVmhDTHV5VFNIRFMwaXZjcHlZOU9heFp6U3paZGljN1pJTkk2YVFyV2lTRGpHcGFKZ0JhTW1aX2UtOVhISUstQkhzbDBPM3V5ajZPdEl2WEJQa0JBUTZTM3MwX1hiMEI1WlJ6SUFmUTVaejhXTGdsS1FUaG10Y01YbzFtdC1LV0tqSEJvdGktemV2N3FLX0hnNEtxSTZTaS1EU2ZvemtteWgxVll2aHNpQ2tvcFBVcmNjcU43bTJHY2w0blRHNTlNMzgyaGVKT1ViU1JMOWVMR2lzZ2N2YzNwZDdxYklwS3R1bnpEQkUySWxfNnVjY0nSAZMCQVVfeXFMT1ZKU3JrWDMtR3g1a0p1bFpldW9zMjYwUDFaaDJCZzFXRzF6ZUVBYkxkc3RISmcyVmJadHVKczNoZkdyNXc4NnAtQUFYeXoyOEx6TkhPR2Q5Rm55TmlXWHUzRDd1RnJRU1drSWxWckY0ek9yMVoxaDFyb2FDUjN3dzZ2cXA3ZGRUdHJfSWN1X2E5RW5hVnBuS1d6VExOU3Awemx4bDNha09GLVRFUUFLWXBmUkNEX2F6YXYxRGFWR1ZPMWFWdU45eXhLNF9Mb3MyRkplMnMzUmdETGVrSWxQbzQ5ZVlzRHBxR1dnRWd6UnFGSWVIeE9DMV82VFdaTEwtVDFwb1BycFg5WUdsTG4zM0w0T2M?oc=5\" target=\"_blank\" rel=\"nofollow noopener\">Cristina Pedroche celebra su 10 aniversario de boda con Dabiz Mu\u00f1oz: \u00abEs lo mejor que me ha pasado en la vida.<\/a>&nbsp;&nbsp;La Raz\u00f3n<\/li>\n<\/ol>\n","protected":false},"excerpt":{"rendered":"Cristina Pedroche, 10 a\u00f1os despu\u00e9s de su boda en zapatillas con David Mu\u00f1oz: \u00abAhora me quiero casar por&hellip;\n","protected":false},"author":2,"featured_media":198930,"comment_status":"","ping_status":"","sticky":false,"template":"","format":"standard","meta":{"footnotes":""},"categories":[174],"tags":[517,255,18875,18874,146,147,25,24,256,23],"class_list":{"0":"post-198929","1":"post","2":"type-post","3":"status-publish","4":"format-standard","5":"has-post-thumbnail","7":"category-famosos","8":"tag-actualidad","9":"tag-celebrities","10":"tag-cristina-pedroche","11":"tag-david-munoz","12":"tag-entertainment","13":"tag-entretenimiento","14":"tag-es","15":"tag-espana","16":"tag-famosos","17":"tag-spain"},"share_on_mastodon":{"url":"https:\/\/pubeurope.com\/@es\/115430703977344489","error":""},"_links":{"self":[{"href":"https:\/\/www.europesays.com\/es\/wp-json\/wp\/v2\/posts\/198929","targetHints":{"allow":["GET"]}}],"collection":[{"href":"https:\/\/www.europesays.com\/es\/wp-json\/wp\/v2\/posts"}],"about":[{"href":"https:\/\/www.europesays.com\/es\/wp-json\/wp\/v2\/types\/post"}],"author":[{"embeddable":true,"href":"https:\/\/www.europesays.com\/es\/wp-json\/wp\/v2\/users\/2"}],"replies":[{"embeddable":true,"href":"https:\/\/www.europesays.com\/es\/wp-json\/wp\/v2\/comments?post=198929"}],"version-history":[{"count":0,"href":"https:\/\/www.europesays.com\/es\/wp-json\/wp\/v2\/posts\/198929\/revisions"}],"wp:featuredmedia":[{"embeddable":true,"href":"https:\/\/www.europesays.com\/es\/wp-json\/wp\/v2\/media\/198930"}],"wp:attachment":[{"href":"https:\/\/www.europesays.com\/es\/wp-json\/wp\/v2\/media?parent=198929"}],"wp:term":[{"taxonomy":"category","embeddable":true,"href":"https:\/\/www.europesays.com\/es\/wp-json\/wp\/v2\/categories?post=198929"},{"taxonomy":"post_tag","embeddable":true,"href":"https:\/\/www.europesays.com\/es\/wp-json\/wp\/v2\/tags?post=198929"}],"curies":[{"name":"wp","href":"https:\/\/api.w.org\/{rel}","templated":true}]}}