{"id":198933,"date":"2025-10-24T19:08:18","date_gmt":"2025-10-24T19:08:18","guid":{"rendered":"https:\/\/www.europesays.com\/es\/198933\/"},"modified":"2025-10-24T19:08:18","modified_gmt":"2025-10-24T19:08:18","slug":"justin-timberlake-respalda-a-britney-spears-tras-las-polemicas-acusaciones-de-kevin-federline","status":"publish","type":"post","link":"https:\/\/www.europesays.com\/es\/198933\/","title":{"rendered":"Justin Timberlake respalda a Britney Spears tras las pol\u00e9micas acusaciones de Kevin Federline"},"content":{"rendered":"<p>\n          Justin Timberlake est\u00e1 molesto por las declaraciones de Kevin Federline<\/p>\n<p>Ante esta situaci\u00f3n, <b> <a class=\"Link\" href=\"https:\/\/www.quien.com\/espectaculos\/2024\/12\/17\/justin-timberlake-sufre-bochornoso-momento-por-su-vestuario-y-se-vuelve-viral?utm_source=internal&amp;utm_medium=link-recommended\" target=\"_blank\" rel=\"nofollow noopener\">Justin Timberlake<\/a>  <\/b>habr\u00eda expresado su molestia, ya que \u201cverla sufrir lo entristece\u201d y est\u00e1 convencido de que \u201clo \u00faltimo que ella necesita ahora es ser atacada por su ex\u201d.<\/p>\n<p>             <img loading=\"lazy\" decoding=\"async\" src=\"https:\/\/www.europesays.com\/es\/wp-content\/uploads\/2025\/10\/1761332897_510_\" class=\"lazyload\" alt=\"&quot;MTV Icon: Janet Jackson&quot;\"  width=\"1200\" height=\"800\"\/> <\/p>\n<p>              Britney Spears y Justin Timberlake<br \/>\n              (Getty Images)<\/p>\n<p>Aunque ya no mantienen una relaci\u00f3n cercana, la fuente asegur\u00f3 que <b>Justin <\/b>todav\u00eda siente un cari\u00f1o especial y una profunda compasi\u00f3n por <b>Britney<\/b>, pese a que en su momento se sinti\u00f3 \u201cfrustrado\u201d por las revelaciones personales que ella hizo en su libro The Woman in Me.<\/p>\n<p>\u201cJustin siempre ha pensado que Kevin es un aprovechado y un idiota, y este libro que ha escrito no hace m\u00e1s que confirmarlo\u201d, a\u00f1adi\u00f3 el informante.<\/p>\n<p>             <img loading=\"lazy\" decoding=\"async\" src=\"https:\/\/www.europesays.com\/es\/wp-content\/uploads\/2025\/10\/1761332898_16_\" class=\"lazyload\" alt=\"Britney Spears y Kevin Federline\"  width=\"1200\" height=\"1558\"\/> <\/p>\n<p>              Britney Spears y Kevin Federline<br \/>\n              (Getty Images)<\/p>\n<p>Seg\u00fan declaraciones de <b> <a class=\"Link\" href=\"https:\/\/www.quien.com\/espectaculos\/2025\/10\/15\/las-revelaciones-mas-fuertes-de-kevin-federline-sobre-britney-spears-contadas-en-un-libro?utm_source=internal&amp;utm_medium=link-recommended\" target=\"_blank\" rel=\"nofollow noopener\">Kevin Federline<\/a>  <\/b> en entrevista para Entertainment Tonight, <b>Spears <\/b>llam\u00f3 por tel\u00e9fono a <b>Timberlake <\/b>la noche anterior a su boda con \u00e9l, en septiembre de 2004. Y aunque \u00e9l la confront\u00f3, la cantante le explic\u00f3 que no buscaba cancelar el matrimonio, sino cerrar un cap\u00edtulo pendiente y asegurarse de que todo estuviera resuelto entre ella y <b>Justin<\/b>. Y aunque <b>Kevin <\/b>trat\u00f3 de dejar pasar el momento, entendi\u00f3 que ambos segu\u00edan teniendo un peso emocional.<\/p>\n","protected":false},"excerpt":{"rendered":"Justin Timberlake est\u00e1 molesto por las declaraciones de Kevin Federline Ante esta situaci\u00f3n, Justin Timberlake habr\u00eda expresado su&hellip;\n","protected":false},"author":2,"featured_media":198934,"comment_status":"","ping_status":"","sticky":false,"template":"","format":"standard","meta":{"footnotes":""},"categories":[170],"tags":[23845,146,147,25,24,2793,11284,54904,51355,53127,184,185,23],"class_list":{"0":"post-198933","1":"post","2":"type-post","3":"status-publish","4":"format-standard","5":"has-post-thumbnail","7":"category-musica","8":"tag-britney-spears","9":"tag-entertainment","10":"tag-entretenimiento","11":"tag-es","12":"tag-espana","13":"tag-espectaculos","14":"tag-justin-timberlake","15":"tag-justin-timberlake-apoya-a-britney-spears","16":"tag-kevin-federline","17":"tag-kevin-federline-libro","18":"tag-music","19":"tag-musica","20":"tag-spain"},"share_on_mastodon":{"url":"https:\/\/pubeurope.com\/@es\/115430720155885408","error":""},"_links":{"self":[{"href":"https:\/\/www.europesays.com\/es\/wp-json\/wp\/v2\/posts\/198933","targetHints":{"allow":["GET"]}}],"collection":[{"href":"https:\/\/www.europesays.com\/es\/wp-json\/wp\/v2\/posts"}],"about":[{"href":"https:\/\/www.europesays.com\/es\/wp-json\/wp\/v2\/types\/post"}],"author":[{"embeddable":true,"href":"https:\/\/www.europesays.com\/es\/wp-json\/wp\/v2\/users\/2"}],"replies":[{"embeddable":true,"href":"https:\/\/www.europesays.com\/es\/wp-json\/wp\/v2\/comments?post=198933"}],"version-history":[{"count":0,"href":"https:\/\/www.europesays.com\/es\/wp-json\/wp\/v2\/posts\/198933\/revisions"}],"wp:featuredmedia":[{"embeddable":true,"href":"https:\/\/www.europesays.com\/es\/wp-json\/wp\/v2\/media\/198934"}],"wp:attachment":[{"href":"https:\/\/www.europesays.com\/es\/wp-json\/wp\/v2\/media?parent=198933"}],"wp:term":[{"taxonomy":"category","embeddable":true,"href":"https:\/\/www.europesays.com\/es\/wp-json\/wp\/v2\/categories?post=198933"},{"taxonomy":"post_tag","embeddable":true,"href":"https:\/\/www.europesays.com\/es\/wp-json\/wp\/v2\/tags?post=198933"}],"curies":[{"name":"wp","href":"https:\/\/api.w.org\/{rel}","templated":true}]}}