{"id":198941,"date":"2025-10-24T19:12:09","date_gmt":"2025-10-24T19:12:09","guid":{"rendered":"https:\/\/www.europesays.com\/es\/198941\/"},"modified":"2025-10-24T19:12:09","modified_gmt":"2025-10-24T19:12:09","slug":"letizia-apuesta-por-la-elegancia-discreta-de-sybilla-leonor-se-viste-de-hm-y-sofia-escoge-un-look-de-invitada-con-chal-de-miphai-los-vestidos-royal-de-los-premios-princesa-de-asturias-2025","status":"publish","type":"post","link":"https:\/\/www.europesays.com\/es\/198941\/","title":{"rendered":"Letizia apuesta por la elegancia discreta de Sybilla, Leonor se viste de H&#038;M y Sof\u00eda escoge un look de invitada con chal de Miphai: los vestidos royal de los Premios Princesa de Asturias 2025"},"content":{"rendered":"<p class=\"has-dropcap\">Aunque la moda como tal no tiene asignada una categor\u00eda espec\u00edfica en los <a href=\"https:\/\/www.revistavanityfair.es\/articulos\/graciela-iturbide-princesa-leonor-y-risas-letizia-y-williams-protagonistas\" rel=\"nofollow noopener\" target=\"_blank\">Premios Princesa de Asturias<\/a>, se convierte en una de las protagonistas de su ceremonia de entrega desde el instante en el que la Familia Real llega al Teatro Campoamor de Oviedo, donde un a\u00f1o m\u00e1s los seguidores de los estilismos de la <a href=\"https:\/\/www.revistavanityfair.es\/articulos\/reina-letizia-y-byung-chul-han-el-filosofo-surcoreano-anti-pantallas-libros\" rel=\"nofollow noopener\" target=\"_blank\">reina Letizia<\/a> y sus hijas, la <a href=\"https:\/\/www.revistavanityfair.es\/articulos\/trajes-chaqueta-pantalon-letizia-leonor-y-sofia-en-las-audiencias-princesa-de-asturias\" rel=\"nofollow noopener\" target=\"_blank\">princesa Leonor<\/a> y la <a href=\"https:\/\/www.revistavanityfair.es\/articulos\/familia-real-concierto-premios-princesa-asturias-felipe-letizia-leonor-sofia\" rel=\"nofollow noopener\" target=\"_blank\">infanta Sof\u00eda<\/a>, estaban muy pendientes del que saben que es uno de los actos en el que m\u00e1s empe\u00f1o ponen en sus vestidos.<\/p>\n<p>Esta edici\u00f3n de los Premios Princesa de Asturias tiene adem\u00e1s un matiz especial, ya que hace ahora 20 a\u00f1os do\u00f1a Letizia estaba a punto de dar a luz a Leonor y no tuvo m\u00e1s remedio que faltar a la que desde su boda han sido los \u00fanicos premios sin ella acompa\u00f1ando a don Felipe.<\/p>\n<p><img decoding=\"async\" alt=\"Letizia Leonor y Sof\u00eda en los Premios Princesa de Asturias 2025.\" loading=\"lazy\" class=\"ResponsiveImageContainer-eNxvmU cfBbTk responsive-image__image\"   src=\"https:\/\/www.europesays.com\/es\/wp-content\/uploads\/2025\/10\/DL_u593587_081.jpg\"\/><\/p>\n<p>Letizia, Leonor y Sof\u00eda en los Premios Princesa de Asturias 2025.<\/p>\n<p>Chema Clares<\/p>\n<p>Cada vez m\u00e1s c\u00f3moda en estas galas, la reina se ha presentado en el\u00a0Teatro Campoamor de negro, el mismo color que ha elegido durante los \u00faltimos a\u00f1os. En esta ocasi\u00f3n, ha lucido un vestido midi cubierto con una elegante gasa de seda que ca\u00eda hasta el bajo, dejando entrever su escote palabra de honor y formando las mangas. Es de <strong>Sybilla<\/strong> y lo estren\u00f3 en los \u00faltimos Premios Mariano de Cavia, pero sin la gasa que hoy lo ha transformado en un dise\u00f1o casi totalmente nuevo.<\/p>\n<p>Como joyas, la reina ha recuperado sus pendientes de <strong>Crisogono<\/strong>, una pieza de diamantes negros y dise\u00f1o de l\u00e1grima que tiene desde sus primeros a\u00f1os como princesa. Completaba su estilismo una cartera de mano de piel negra, a juego con el vestido y obra tambi\u00e9n de Sybilla.<\/p>\n<p><img decoding=\"async\" alt=\"La reina Letizia\" loading=\"lazy\" class=\"ResponsiveImageContainer-eNxvmU cfBbTk responsive-image__image\"   src=\"https:\/\/www.europesays.com\/es\/wp-content\/uploads\/2025\/10\/DL_u593587_065.jpg\"\/><\/p>\n<p>La reina Letizia<\/p>\n<p>Chema Clares<\/p>\n","protected":false},"excerpt":{"rendered":"Aunque la moda como tal no tiene asignada una categor\u00eda espec\u00edfica en los Premios Princesa de Asturias, se&hellip;\n","protected":false},"author":2,"featured_media":198942,"comment_status":"","ping_status":"","sticky":false,"template":"","format":"standard","meta":{"footnotes":""},"categories":[91],"tags":[146,147,25,24,1887,1026,11440,1023,34665,811,23],"class_list":{"0":"post-198941","1":"post","2":"type-post","3":"status-publish","4":"format-standard","5":"has-post-thumbnail","7":"category-entretenimiento","8":"tag-entertainment","9":"tag-entretenimiento","10":"tag-es","11":"tag-espana","12":"tag-familia-real-espanola","13":"tag-infanta-sofia","14":"tag-letizia-ortiz","15":"tag-moda","16":"tag-premios-princesa-de-asturias","17":"tag-princesa-leonor","18":"tag-spain"},"share_on_mastodon":{"url":"https:\/\/pubeurope.com\/@es\/115430735873870699","error":""},"_links":{"self":[{"href":"https:\/\/www.europesays.com\/es\/wp-json\/wp\/v2\/posts\/198941","targetHints":{"allow":["GET"]}}],"collection":[{"href":"https:\/\/www.europesays.com\/es\/wp-json\/wp\/v2\/posts"}],"about":[{"href":"https:\/\/www.europesays.com\/es\/wp-json\/wp\/v2\/types\/post"}],"author":[{"embeddable":true,"href":"https:\/\/www.europesays.com\/es\/wp-json\/wp\/v2\/users\/2"}],"replies":[{"embeddable":true,"href":"https:\/\/www.europesays.com\/es\/wp-json\/wp\/v2\/comments?post=198941"}],"version-history":[{"count":0,"href":"https:\/\/www.europesays.com\/es\/wp-json\/wp\/v2\/posts\/198941\/revisions"}],"wp:featuredmedia":[{"embeddable":true,"href":"https:\/\/www.europesays.com\/es\/wp-json\/wp\/v2\/media\/198942"}],"wp:attachment":[{"href":"https:\/\/www.europesays.com\/es\/wp-json\/wp\/v2\/media?parent=198941"}],"wp:term":[{"taxonomy":"category","embeddable":true,"href":"https:\/\/www.europesays.com\/es\/wp-json\/wp\/v2\/categories?post=198941"},{"taxonomy":"post_tag","embeddable":true,"href":"https:\/\/www.europesays.com\/es\/wp-json\/wp\/v2\/tags?post=198941"}],"curies":[{"name":"wp","href":"https:\/\/api.w.org\/{rel}","templated":true}]}}