{"id":198949,"date":"2025-10-24T19:16:08","date_gmt":"2025-10-24T19:16:08","guid":{"rendered":"https:\/\/www.europesays.com\/es\/198949\/"},"modified":"2025-10-24T19:16:08","modified_gmt":"2025-10-24T19:16:08","slug":"mario-draghi-pide-una-europa-que-se-niegue-a-ser-pisoteada-en-su-discurso-del-premio-princesa-de-asturias-de-cooperacion-internacional-2025","status":"publish","type":"post","link":"https:\/\/www.europesays.com\/es\/198949\/","title":{"rendered":"Mario Draghi pide \u201cuna Europa que se niegue a ser pisoteada\u201d en su discurso del Premio Princesa de Asturias de Cooperaci\u00f3n Internacional 2025"},"content":{"rendered":"<p><a href=\"https:\/\/www.revistavanityfair.es\/articulos\/discurso-leonor-premios-princesa-asturias-2025-completo\" rel=\"nofollow noopener\" target=\"_blank\">La princesa Leonor tambi\u00e9n tuvo palabras<\/a> para el \u201cquerido profesor\u201d, en una carta \u201cde viva voz\u201d durante su discurso, recordando su momento en el BCE:  \u201cdijo usted \u2018haremos todo lo que sea necesario (&#8230;). Y cr\u00e9anme, ser\u00e1 suficiente\u2019; una frase que no s\u00f3lo calm\u00f3 los mercados, sino que fue un acto de confianza en el proyecto europeo en uno de sus momentos m\u00e1s fr\u00e1giles\u201d. Leonor vincul\u00f3 ese acto con \u201cla defensa de los valores europeos (\u2026) y la idea, no por repetida menos valiosa, de que juntos somos m\u00e1s fuertes. Y le cito una vez m\u00e1s: \u2018la Uni\u00f3n Europea es, ante todo, un mecanismo para alcanzar los objetivos compartidos por sus ciudadanos (casi 450 millones de personas). Es nuestra mejor oportunidad para un futuro de paz, seguridad e independencia\u2019. Los desaf\u00edos son a\u00fan mayores hoy, profesor. Lo sabe usted bien\u00bb.<\/p>\n<p>A continuaci\u00f3n, el discurso completo de Mario Draghi:<\/p>\n<p>Majestades, Altezas Reales, Excelent\u00edsimas autoridades, Distinguidos premiados, Se\u00f1oras y se\u00f1ores: Es un inmenso honor recibir este premio. Lo acepto no s\u00f3lo con gratitud, sino con un profundo sentido de responsabilidad hacia un proyecto que ha definido mi vida profesional.<\/p>\n<p>Mis funciones p\u00fablicas en Italia comenzaron con las negociaciones del Tratado de Maastricht. Desde entonces, construir Europa ha sido una misi\u00f3n central de mi carrera, como responsable de las pol\u00edticas nacionales, as\u00ed como jefe del Tesoro italiano y luego como primer ministro, y como responsable europeo, al mando del BCE. Pero hoy, las perspectivas para Europa son las m\u00e1s dif\u00edciles que yo recuerde. Casi todos los principios sobre los que se fund\u00f3 la Uni\u00f3n est\u00e1n tensionados. Construimos nuestra prosperidad sobre la apertura y el multilateralismo, pero ahora nos enfrentamos con el proteccionismo y la acci\u00f3n unilateral. Cre\u00edamos que la diplomacia pod\u00eda ser la base de nuestra seguridad, sin embargo ahora asistimos al regreso del poder militar duro. Prometimos liderazgo en materia de responsabilidad clim\u00e1tica, pero ahora vemos c\u00f3mo algunos se retiran mientras nosotros asumimos los costos crecientes. El mundo que nos rodea ha cambiado fundamentalmente y Europa se afana por responder.<\/p>\n<p>Esto plantea una pregunta cr\u00edtica: \u00bfpor qu\u00e9 no podemos cambiar? A menudo nos dicen que Europa se forja en las crisis. Pero, \u00bfcu\u00e1n aguda ha de ser una crisis para que nuestros l\u00edderes se re\u00fanan y encuentren la voluntad pol\u00edtica para actuar? Despu\u00e9s de la gran crisis financiera y la crisis de la deuda soberana, el BCE \u2014tambi\u00e9n gracias a su mandato europeo\u2014 evolucion\u00f3 hasta convertirse en una instituci\u00f3n m\u00e1s federal y as\u00ed se puso en marcha la uni\u00f3n bancaria. Desde entonces, sin embargo, nuestros desaf\u00edos se han vuelto cada vez m\u00e1s complejos y ahora exigen una acci\u00f3n com\u00fan por parte de los Estados miembros. Tales desaf\u00edos afectan \u00e1reas como la defensa, la seguridad energ\u00e9tica y las tecnolog\u00edas punteras que requieren inversiones compartidas y ser tratadas a escala continental.<\/p>\n<p>En algunos de estos campos \u2014especialmente la defensa y la pol\u00edtica exterior\u2014 se necesita mayor legitimidad democr\u00e1tica. No se ha cambiado nuestra gobernanza desde 2007. Hoy somos una confederaci\u00f3n europea que simplemente no puede hacer frente a semejantes exigencias. Deja en manos nacionales competencias que ya no pueden ejercerse a tal nivel de manera efectiva. Y aunque quisi\u00e9ramos transferir m\u00e1s poderes a Europa, ese modelo no nos ofrece la legitimidad democr\u00e1tica para hacerlo. Esta situaci\u00f3n no se debe \u00fanicamente a las limitaciones jur\u00eddicas de los Tratados de la UE. La mayor traba es que, frente a este nuevo mundo, no hemos construido un mandato compartido \u2014respaldado por los ciudadanos\u2014 para aquello que nosotros, como europeos que somos, pretendemos llevar a cabo conjuntamente.<\/p>\n<p>M\u00e1s all\u00e1 de las declaraciones, y por necesidad, el futuro de Europa debe ser un viaje hacia el federalismo. Pero, por deseable que fuera una aut\u00e9ntica federaci\u00f3n, \u00e9sta requerir\u00eda condiciones pol\u00edticas que hoy en d\u00eda no existen. Y los desaf\u00edos con que enfrentamos son demasiado urgentes como para esperar a que surjan. Por lo tanto, un nuevo federalismo pragm\u00e1tico es el \u00fanico camino viable. Se trata de un federalismo basado en cuestiones concretas, flexible y capaz de actuar al margen de los mecanismos m\u00e1s lentos de toma de decisiones de la UE. Se construir\u00eda mediante coaliciones de personas dispuestas a ello en torno a intereses estrat\u00e9gicos compartidos, reconociendo que las fortalezas diversas que existen en Europa no requieren que todos los pa\u00edses avancen al mismo ritmo.<\/p>\n","protected":false},"excerpt":{"rendered":"La princesa Leonor tambi\u00e9n tuvo palabras para el \u201cquerido profesor\u201d, en una carta \u201cde viva voz\u201d durante su&hellip;\n","protected":false},"author":2,"featured_media":198950,"comment_status":"","ping_status":"","sticky":false,"template":"","format":"standard","meta":{"footnotes":""},"categories":[8],"tags":[17,18,25,24,700,13,14,11,628,19,20,9,10,15,16,952,34665,23,12,21,22],"class_list":{"0":"post-198949","1":"post","2":"type-post","3":"status-publish","4":"format-standard","5":"has-post-thumbnail","7":"category-espana","8":"tag-breaking-news","9":"tag-breakingnews","10":"tag-es","11":"tag-espana","12":"tag-europa","13":"tag-featured-news","14":"tag-featurednews","15":"tag-headlines","16":"tag-italia","17":"tag-latest-news","18":"tag-latestnews","19":"tag-news","20":"tag-noticias","21":"tag-noticias-destacadas","22":"tag-noticiasdestacadas","23":"tag-politica","24":"tag-premios-princesa-de-asturias","25":"tag-spain","26":"tag-titulares","27":"tag-ultimas-noticias","28":"tag-ultimasnoticias"},"share_on_mastodon":{"url":"https:\/\/pubeurope.com\/@es\/115430751201883789","error":""},"_links":{"self":[{"href":"https:\/\/www.europesays.com\/es\/wp-json\/wp\/v2\/posts\/198949","targetHints":{"allow":["GET"]}}],"collection":[{"href":"https:\/\/www.europesays.com\/es\/wp-json\/wp\/v2\/posts"}],"about":[{"href":"https:\/\/www.europesays.com\/es\/wp-json\/wp\/v2\/types\/post"}],"author":[{"embeddable":true,"href":"https:\/\/www.europesays.com\/es\/wp-json\/wp\/v2\/users\/2"}],"replies":[{"embeddable":true,"href":"https:\/\/www.europesays.com\/es\/wp-json\/wp\/v2\/comments?post=198949"}],"version-history":[{"count":0,"href":"https:\/\/www.europesays.com\/es\/wp-json\/wp\/v2\/posts\/198949\/revisions"}],"wp:featuredmedia":[{"embeddable":true,"href":"https:\/\/www.europesays.com\/es\/wp-json\/wp\/v2\/media\/198950"}],"wp:attachment":[{"href":"https:\/\/www.europesays.com\/es\/wp-json\/wp\/v2\/media?parent=198949"}],"wp:term":[{"taxonomy":"category","embeddable":true,"href":"https:\/\/www.europesays.com\/es\/wp-json\/wp\/v2\/categories?post=198949"},{"taxonomy":"post_tag","embeddable":true,"href":"https:\/\/www.europesays.com\/es\/wp-json\/wp\/v2\/tags?post=198949"}],"curies":[{"name":"wp","href":"https:\/\/api.w.org\/{rel}","templated":true}]}}