{"id":198953,"date":"2025-10-24T19:25:18","date_gmt":"2025-10-24T19:25:18","guid":{"rendered":"https:\/\/www.europesays.com\/es\/198953\/"},"modified":"2025-10-24T19:25:18","modified_gmt":"2025-10-24T19:25:18","slug":"de-larrea-espera-en-el-roig-arena-a-su-idolo-ricky-rubio","status":"publish","type":"post","link":"https:\/\/www.europesays.com\/es\/198953\/","title":{"rendered":"De Larrea espera en el Roig Arena a su \u00eddolo Ricky Rubio"},"content":{"rendered":"<p class=\"ft-text\"><strong>\u00abSiempre he sido de Ricky, desde peque\u00f1o siempre he tenido a Ricky en la cabeza<\/strong>. Mis padres, que son de baloncesto, me pon\u00edan v\u00eddeos, ve\u00eda siempre a Ricky porque me gustaba mucho. Es uno de mis \u00eddolos\u00bb. <a class=\"ft-link ft-link--decoration\" href=\"https:\/\/www.superdeporte.es\/valencia-basket\/2024\/09\/04\/sergio-larrea-pequeno-he-tenido-a-ricky-en-la-cabeza-107734934.html\" rel=\"nofollow noopener\" target=\"_blank\">As\u00ed se expresaba Sergio de Larrea en una entrevista a Superdeporte el pasado 4 de septiembre de 2024<\/a> a la hora de referirse a sus \u00eddolos y referentes, poco despu\u00e9s de cumplir su sue\u00f1o de debutar con la selecci\u00f3n absoluta en el Preol\u00edmpico.<\/p>\n<p class=\"ft-text\">Ahora, m\u00e1s de un a\u00f1o despu\u00e9s, est\u00e1 a un paso de vivir otro d\u00eda especial con ocasi\u00f3n del partido entre el Valencia Basket y el Joventut este domingo en el Roig Arena, ya que<strong> por primera vez podr\u00e1 medirse a Ricky tras su vuelta a Badalona<\/strong>.<\/p>\n<p><img decoding=\"async\" src=\"https:\/\/www.europesays.com\/es\/wp-content\/uploads\/2025\/10\/98508952-160f-4ab4-b5e3-6a8cf9665840_alta-libre-aspect-ratio_default_0.jpg\" width=\"1200\" height=\"821\" alt=\"Sergio De Larrea, en el partido de Euroliga contra el M\u00f3naco, ante Mike James.\" class=\"ft-helper-img-rd\" loading=\"lazy\" hasdataaida=\"true\"\/><\/p>\n<p class=\"ft-helper-fontColor-quaternary ft-helper-fontSize-body-S ft-helper-spacer-t-xxs\">Sergio De Larrea, en el partido de Euroliga contra el M\u00f3naco, ante Mike James.  \/ SEBASTIEN NOGIER \/ EFE<\/p>\n<p class=\"ft-text\"><strong>Ambos, separado por 16 a\u00f1os, han acaparado muchos focos en este inicio de temporada<\/strong> y no es para menos dado su rendimiento, por lo que el duelo del domingo en Val\u00e8ncia promete centrar gran parte de la atenci\u00f3n tambi\u00e9n.<\/p>\n<p>Juntos con Espa\u00f1a<\/p>\n<p class=\"ft-text\">S\u00ed <a class=\"ft-link ft-link--decoration\" href=\"https:\/\/www.superdeporte.es\/valencia-basket\/2024\/02\/13\/cuatro-jugadores-valencia-bc-seleccion-espanola-ventanas-98125942.html\" rel=\"nofollow noopener\" target=\"_blank\"><strong>coincidieron en una concentraci\u00f3n de la selecci\u00f3n absoluta con Sergio Scariolo en las ventanas de clasificaci\u00f3n para el Eurobasket 2025<\/strong><\/a> y el propio Ricky recuerda sus primeras impresiones sobre un jovenc\u00edsimo Sergio que entonces acud\u00eda como invitado. \u00abLe deseo una buena temporada, coincid\u00ed con \u00e9l en una de las ventanas y la verdad es que es muy trabajador. Que le vaya muy bien\u201d, se\u00f1alaba Ricky durante la presentaci\u00f3n de la Liga Endesa de este a\u00f1o en Madrid.<\/p>\n<p><img decoding=\"async\" src=\"https:\/\/www.europesays.com\/es\/wp-content\/uploads\/2025\/10\/e8980f09-b945-4912-9f42-12c64ea804e3_alta-libre-aspect-ratio_default_0.jpg\" width=\"1200\" height=\"800\" alt=\"Ricky Rubio, en el \u00faltimo partido del Joventut ante el Surne Bilbao.\" class=\"ft-helper-img-rd\" loading=\"lazy\" hasdataaida=\"true\"\/><\/p>\n<p class=\"ft-helper-fontColor-quaternary ft-helper-fontSize-body-S ft-helper-spacer-t-xxs\">Ricky Rubio, en el \u00faltimo partido del Joventut ante el Surne Bilbao.  \/ Alejandro Garcia \/ EFE<\/p>\n<p>Reflexi\u00f3n de Ricky<\/p>\n<p class=\"ft-text\">Ese mismo d\u00eda, a pregunta de Superdeporte, el del Masnou hac\u00eda una reflexi\u00f3n sobre el futuro de Sergio de Larrea. \u00abEn una entrevista vi que Pedro Mart\u00ednez hablaba de <a class=\"ft-link ft-link--decoration\" href=\"https:\/\/www.acb.com\/jugador\/temporada-a-temporada\/id\/30001360\" rel=\"nofollow noopener\" target=\"_blank\">De Larrea<\/a>. Hablaba de que le ponemos las expectativas muy altas y tenemos que valorar el jugador que es hoy y no el que puede llegar a ser. S\u00ed que es verdad que ilusionan, t<strong>iene un talento que puede llegar a ser un referente como base espa\u00f1ol en la selecci\u00f3n<\/strong>. Tenemos que disfrutarlo como est\u00e1 ahora. Todos queremos a que est\u00e9 ya formado\u00bb.<\/p>\n<p class=\"ft-text\">Rubio tambi\u00e9n destac\u00f3 el papel del taronja en el pasado Eurobasket con Espa\u00f1a, pese al mal resultado de &#8216;La Familia&#8217; en el torneo: \u00ab<strong>Tuvo un papel muy importante en la selecci\u00f3n<\/strong>, donde creo que gan\u00f3 mucha experiencia e incluso en alg\u00fan partido rindi\u00f3 a unos niveles digno ser el base titular de la selecci\u00f3n.<\/p>\n","protected":false},"excerpt":{"rendered":"\u00abSiempre he sido de Ricky, desde peque\u00f1o siempre he tenido a Ricky en la cabeza. Mis padres, que&hellip;\n","protected":false},"author":2,"featured_media":198954,"comment_status":"","ping_status":"","sticky":false,"template":"","format":"standard","meta":{"footnotes":""},"categories":[269],"tags":[299,1918,298,168,2917,25,24,4079,25650,1044,47556,15723,4080,2915,14346,6006,23,167,3466,235,2916],"class_list":{"0":"post-198953","1":"post","2":"type-post","3":"status-publish","4":"format-standard","5":"has-post-thumbnail","7":"category-baloncesto","8":"tag-baloncesto","9":"tag-basket","10":"tag-basketball","11":"tag-deportes","12":"tag-endesa","13":"tag-es","14":"tag-espana","15":"tag-joventut","16":"tag-larrea","17":"tag-liga","18":"tag-medirse","19":"tag-ricky","20":"tag-ricky-rubio","21":"tag-roig-arena","22":"tag-rubio","23":"tag-sergio-de-larrea","24":"tag-spain","25":"tag-sports","26":"tag-sueno","27":"tag-valencia","28":"tag-valencia-basket"},"share_on_mastodon":{"url":"https:\/\/pubeurope.com\/@es\/115430786892806555","error":""},"_links":{"self":[{"href":"https:\/\/www.europesays.com\/es\/wp-json\/wp\/v2\/posts\/198953","targetHints":{"allow":["GET"]}}],"collection":[{"href":"https:\/\/www.europesays.com\/es\/wp-json\/wp\/v2\/posts"}],"about":[{"href":"https:\/\/www.europesays.com\/es\/wp-json\/wp\/v2\/types\/post"}],"author":[{"embeddable":true,"href":"https:\/\/www.europesays.com\/es\/wp-json\/wp\/v2\/users\/2"}],"replies":[{"embeddable":true,"href":"https:\/\/www.europesays.com\/es\/wp-json\/wp\/v2\/comments?post=198953"}],"version-history":[{"count":0,"href":"https:\/\/www.europesays.com\/es\/wp-json\/wp\/v2\/posts\/198953\/revisions"}],"wp:featuredmedia":[{"embeddable":true,"href":"https:\/\/www.europesays.com\/es\/wp-json\/wp\/v2\/media\/198954"}],"wp:attachment":[{"href":"https:\/\/www.europesays.com\/es\/wp-json\/wp\/v2\/media?parent=198953"}],"wp:term":[{"taxonomy":"category","embeddable":true,"href":"https:\/\/www.europesays.com\/es\/wp-json\/wp\/v2\/categories?post=198953"},{"taxonomy":"post_tag","embeddable":true,"href":"https:\/\/www.europesays.com\/es\/wp-json\/wp\/v2\/tags?post=198953"}],"curies":[{"name":"wp","href":"https:\/\/api.w.org\/{rel}","templated":true}]}}