{"id":198955,"date":"2025-10-24T19:26:11","date_gmt":"2025-10-24T19:26:11","guid":{"rendered":"https:\/\/www.europesays.com\/es\/198955\/"},"modified":"2025-10-24T19:26:11","modified_gmt":"2025-10-24T19:26:11","slug":"el-agente-de-julian-alvarez-se-pronuncia-sobre-su-situacion","status":"publish","type":"post","link":"https:\/\/www.europesays.com\/es\/198955\/","title":{"rendered":"El agente de Juli\u00e1n \u00c1lvarez se pronuncia sobre su situaci\u00f3n"},"content":{"rendered":"<p class=\"ft-text\">La rumorolog\u00eda sobre el futuro de Juli\u00e1n \u00c1lvarez se est\u00e1 desatando tras su gran temporada con el Atl\u00e9tico. <a class=\"ft-link ft-link--decoration\" href=\"https:\/\/www.sport.es\/es\/noticias\/barca\/frustracion-julian-alvarez-le-acerca-122877250\" rel=\"nofollow noopener\" target=\"_blank\">El delantero est\u00e1 cumpliendo con creces, pero el proyecto colchonero no acaba de arrancar y el argentino se ha sentido algo frustrado en algunos partidos, algo que hace pensar que pueda forzar un cambio de aires a finales de temporada a pesar de que tiene contrato hasta el 2030<\/a>. <strong>El Bar\u00e7a est\u00e1 muy interesado en su futuro aunque se trata de una operaci\u00f3n complicada y desde Madrid tambi\u00e9n se ha apuntado que el Atl\u00e9tico le ha presentado una oferta para ampliarle el contrato mejor\u00e1ndole el salario.<\/strong><\/p>\n<p class=\"ft-text\">Ante tanta rumorolog\u00eda, el agente del futbolista, Fernando Hidalgo, que siempre ha dejado puertas abiertas a todo para el futuro, ha sido tajante en declaraciones a &#8216;calciomercato.it&#8217;. Hidalgo quiere que se deje al jugador tranquilo:<strong> \u00abNada de lo que se est\u00e1 escribiendo es cierto. Solo son hip\u00f3tesis imaginativas en estos momentos\u00bb, coment\u00f3 el agente del argentino.<\/strong><\/p>\n<p class=\"ft-text\"><a class=\"ft-link ft-link--decoration\" href=\"https:\/\/www.sport.es\/es\/noticias\/barca\/kun-aguero-habla-salida-julian-122836438\" rel=\"nofollow noopener\" target=\"_blank\">El entorno de Juli\u00e1n \u00c1lvarez tiene claro el inter\u00e9s que despierta el futbolista en clubs potentes de Europa,<\/a> pero por ahora no van a mover pieza. Han dejado clar\u00edsimo que este pasado verano no hubo ofertas a pesar de las especulaciones que le colocaban en el Liverpool y no desean entrar en conflictos con el Atl\u00e9tico. <strong>Lo que haya que ser en el futuro, ser\u00e1, pero todo se har\u00e1 de la mano del equipo colchonero, que apost\u00f3 por el argentino pagando cerca de 80 millones de euros por su fichaje.<\/strong><\/p>\n<p class=\"ft-text\">Lo que s\u00ed reconoci\u00f3 Fernando Hidalgo en el pasado es que Juli\u00e1n \u00c1lvarez siente cierta predilecci\u00f3n por el Bar\u00e7a: \u00ab<strong>Obviamente,\u00a0Juli\u00e1n\u00a0tiene admiraci\u00f3n por los clubes espa\u00f1oles, y al seguir cuando era ni\u00f1o la carrera de\u00a0Leo Messi&#8230; No hay muchos argentinos que no tengan un sentimiento especial hacia el Barcelona\u00bb<\/strong>, indic\u00f3 en su momento. Unas palabras que generaron cierto revuelo aunque el Bar\u00e7a, por ahora no ha realizado ning\u00fan movimiento m\u00e1s all\u00e1 de estar informado de la situaci\u00f3n del delantero.<\/p>\n<p class=\"ft-text\">Juli\u00e1n \u00c1lvarez tiene una cl\u00e1usula de rescisi\u00f3n de 500 millones de euros, por lo que sacarlo del Atl\u00e9tico no va a ser nada f\u00e1cil. Por ahora le declaran intransferible, pero todo podr\u00eda cambiar si el delantero desea cambiar de aires. En el Atl\u00e9tico se habla de una cifra de 200 millones para la venta, pero la tasaci\u00f3n del jugador es de 100 millones en la actualidad. El Bar\u00e7a solo podr\u00eda afrontar esta operaci\u00f3n si realiza alguna venta millonaria o si incluyen jugadores en la misma para abaratar el coste final. El PSG tambi\u00e9n ha mostrado inter\u00e9s para la pr\u00f3xima temporada.<\/p>\n","protected":false},"excerpt":{"rendered":"La rumorolog\u00eda sobre el futuro de Juli\u00e1n \u00c1lvarez se est\u00e1 desatando tras su gran temporada con el Atl\u00e9tico.&hellip;\n","protected":false},"author":2,"featured_media":198956,"comment_status":"","ping_status":"","sticky":false,"template":"","format":"standard","meta":{"footnotes":""},"categories":[268],"tags":[1517,2296,210,2297,168,25,24,280,282,22784,281,23,167],"class_list":{"0":"post-198955","1":"post","2":"type-post","3":"status-publish","4":"format-standard","5":"has-post-thumbnail","7":"category-futbol","8":"tag-atletico","9":"tag-barca","10":"tag-barcelona","11":"tag-barsa","12":"tag-deportes","13":"tag-es","14":"tag-espana","15":"tag-football","16":"tag-futbol","17":"tag-julian-alvarez","18":"tag-soccer","19":"tag-spain","20":"tag-sports"},"share_on_mastodon":{"url":"https:\/\/pubeurope.com\/@es\/115430790570167459","error":""},"_links":{"self":[{"href":"https:\/\/www.europesays.com\/es\/wp-json\/wp\/v2\/posts\/198955","targetHints":{"allow":["GET"]}}],"collection":[{"href":"https:\/\/www.europesays.com\/es\/wp-json\/wp\/v2\/posts"}],"about":[{"href":"https:\/\/www.europesays.com\/es\/wp-json\/wp\/v2\/types\/post"}],"author":[{"embeddable":true,"href":"https:\/\/www.europesays.com\/es\/wp-json\/wp\/v2\/users\/2"}],"replies":[{"embeddable":true,"href":"https:\/\/www.europesays.com\/es\/wp-json\/wp\/v2\/comments?post=198955"}],"version-history":[{"count":0,"href":"https:\/\/www.europesays.com\/es\/wp-json\/wp\/v2\/posts\/198955\/revisions"}],"wp:featuredmedia":[{"embeddable":true,"href":"https:\/\/www.europesays.com\/es\/wp-json\/wp\/v2\/media\/198956"}],"wp:attachment":[{"href":"https:\/\/www.europesays.com\/es\/wp-json\/wp\/v2\/media?parent=198955"}],"wp:term":[{"taxonomy":"category","embeddable":true,"href":"https:\/\/www.europesays.com\/es\/wp-json\/wp\/v2\/categories?post=198955"},{"taxonomy":"post_tag","embeddable":true,"href":"https:\/\/www.europesays.com\/es\/wp-json\/wp\/v2\/tags?post=198955"}],"curies":[{"name":"wp","href":"https:\/\/api.w.org\/{rel}","templated":true}]}}