{"id":198957,"date":"2025-10-24T19:27:10","date_gmt":"2025-10-24T19:27:10","guid":{"rendered":"https:\/\/www.europesays.com\/es\/198957\/"},"modified":"2025-10-24T19:27:10","modified_gmt":"2025-10-24T19:27:10","slug":"penelope-cruz-sobre-la-reaccion-de-sus-hijos-tras-el-concierto-de-bad-bunny-por-fin-eres-cool","status":"publish","type":"post","link":"https:\/\/www.europesays.com\/es\/198957\/","title":{"rendered":"Pen\u00e9lope Cruz sobre la reacci\u00f3n de sus hijos tras el concierto de Bad Bunny: \u00abPor fin eres cool\u00bb"},"content":{"rendered":"<p data-journey-content=\"true\" data-node-id=\"1\" class=\"css-6wxqfj emevuu60\">Actriz, madre, amiga, pareja, hija, activista&#8230; <a href=\"https:\/\/www.elle.com\/es\/extra-elle\/revista\/a69088204\/elle-noviembre-especial-80-aniversario\/\" target=\"_blank\" data-vars-ga-outbound-link=\"https:\/\/www.elle.com\/es\/extra-elle\/revista\/a69088204\/elle-noviembre-especial-80-aniversario\/\" data-vars-ga-ux-element=\"Hyperlink\" data-vars-ga-call-to-action=\"Pen\u00e9lope Cruz, una de las grandes protagonistas del 80 aniversario de ELLE \" data-node-id=\"1.1\" class=\"body-link css-103hk4r emevuu60\" rel=\"nofollow noopener\">Pen\u00e9lope Cruz, una de las grandes protagonistas del 80 aniversario de ELLE <\/a>y uno de los grandes iconos dentro y fuera de las fronteras de nuestro pa\u00eds. De hecho, hace unos d\u00edas, la \u00fanica int\u00e9rprete espa\u00f1ola que se ha alzado con un Oscar, <strong data-node-id=\"1.3\"><a href=\"https:\/\/www.elle.com\/es\/star-style\/el-estilo-de\/a69083506\/penelope-cruz-academy-museum-gala-alfombra-roja-vestido-chanel\/\" target=\"_blank\" data-vars-ga-outbound-link=\"https:\/\/www.elle.com\/es\/star-style\/el-estilo-de\/a69083506\/penelope-cruz-academy-museum-gala-alfombra-roja-vestido-chanel\/\" data-vars-ga-ux-element=\"Hyperlink\" data-vars-ga-call-to-action=\"recogi\u00f3 el prestigioso Icon Award de la Academy Museum Gala en Los \u00c1ngeles\" data-node-id=\"1.3.0\" class=\"body-link css-103hk4r emevuu60\" rel=\"nofollow noopener\">recogi\u00f3 el prestigioso Icon Award de la Academy Museum Gala en Los \u00c1ngeles<\/a><\/strong>. \u00abCuando me llaman para algo as\u00ed es como: <strong data-node-id=\"1.5\">\u201c\u00bfEn serio?\u201d. Dices el nombre de Bruce Springsteen y luego el m\u00edo seguido y hay algo que no cuadra <\/strong><strong data-node-id=\"1.6.0\">(risas).<\/strong> As\u00ed que, siento much\u00edsimo agradecimiento y, a la vez, no quiero perder el sentido del humor con estas cosas. Me llev\u00e9 a mi hermano a la gala, que es la persona que m\u00e1s me puede bajar a la tierra, lloro de la risa con \u00e9l. \u00a1No te imaginas la de defectos que me saca en estos eventos! Mi familia es muy de decir las cosas como son, y me encanta. Y mis amigos igual&#8230; La cantidad de pitorreo que ha habido al enterarse. Me dec\u00edan: <strong data-node-id=\"1.8\">\u201c\u00bfAhora te tengo que llamar icono?\u201d.<\/strong><\/p>\n<p><strong data-node-id=\"2.0\">Pen\u00e9lope Cruz: de ganar un Oscar a cantar con Rosal\u00eda<br data-node-id=\"2.0.1\"\/><\/strong><\/p>\n<p data-journey-content=\"true\" data-node-id=\"3\" class=\"css-6wxqfj emevuu60\">Son muchos los momentos ic\u00f3nicos que Pen\u00e9lope ha protagonizado y en este v\u00eddeo repasa alguno de ellos. Desde esa ceremonia de los Oscar en la que recogi\u00f3 el premio por su papel en Vicky Cristina Barcelona, hasta sus escenas cantando con <strong data-node-id=\"3.3\">Rosal\u00eda <\/strong>en Dolor y Gloria, el grito que le sali\u00f3 al entregarle el Oscar a su amigo <strong data-node-id=\"3.7\">Pedro Almod\u00f3var<\/strong> o la emotiva dedicatoria que le hizo su marido, <strong data-node-id=\"3.9\">Javier Bardem<\/strong>, al recoger el premio Donostia en el Festival de Cine de San Sebasti\u00e1n. \u00abLa verdad es que no sab\u00eda que iba a decir algo. Y, adem\u00e1s, estaba al lado de mi madre y fue muy emocionante. Tambi\u00e9n vi que ten\u00edamos una c\u00e1mara como a un metro de mi cara y era una mezcla de&#8230; quiero vivir este momento, pero tampoco me relajo del todo porque&#8230; pero fue muy bonito lo que dijo, muy emocionante, sobre todo por verle recoger ese premio que se merece tanto y ver tanto cari\u00f1o hacia \u00e9l, de tanta gente y de nuestra profesi\u00f3n\u00bb.<\/p>\n<blockquote data-theme-key=\"pullquote\" class=\"css-sihlup e1pe3zr91\">\n<blockquote class=\"css-1x1z34c e1pe3zr90\"><p>El mayor premio es poder compaginar la familia con el trabajo<\/p><\/blockquote>\n<\/blockquote>\n<p data-journey-content=\"true\" data-node-id=\"5\" class=\"css-6wxqfj emevuu60\">Pen\u00e9lope afirma que compaginar sus agendas no es sencillo. \u00abTodo siempre, incluso cuando tu carrera va bien o puedes sentir m\u00e1s estabilidad, siempre los proyectos se mueven de fecha, de lugar&#8230; yo no te puedo decir que el tema sea f\u00e1cil. Requiere mucho trabajo, planificaci\u00f3n, organizaci\u00f3n&#8230; no es algo que surge as\u00ed y va solo, pero se puede hacer. Yo conozco a otras parejas que tambi\u00e9n se dedican a lo mismo y tambi\u00e9n tienen hijos\u00bb. Y hablando de hijos, los suyos son su gran prioridad. <strong data-node-id=\"5.1\">Pen\u00e9lope reconoce que no se arrepiente de las renuncias que ha hecho para estar a su lado desde que nacieron. <\/strong>\u00abEl tener la posibilidad de poder seguir con mi trabajo, pero no tener que separarme de ellos nunca, y eso s\u00ed que significa tener que decir que no a muchas cosas; pero eso para m\u00ed no es un sacrificio, porque despu\u00e9s de haber trabajado tantos a\u00f1os, el mayor premio es poder seguir un ritmo que yo pueda compaginar las dos cosas\u00bb, afirma.<\/p>\n<p><img draggable=\"true\" alt=\"pen\u00e9lope cruz elle\" title=\"Pen\u00e9lope Cruz ELle\" loading=\"lazy\" width=\"2500\" height=\"3261\" decoding=\"async\" data-nimg=\"1\" style=\"color:transparent;width:100%;height:auto;\"   src=\"https:\/\/www.europesays.com\/es\/wp-content\/uploads\/2025\/10\/penelope-cruz-80-aniversario-ocho-68ee747eaf2a4.jpg\" class=\"css-0 e1g79fud0\"\/><a target=\"_blank\" rel=\"noopener nofollow\" data-theme-key=\"base-link\" href=\"https:\/\/pinterest.com\/pin\/create\/button\/?url=https:\/\/www.elle.com\/es\/living\/ocio-cultura\/a69104273\/penelope-cruz-hijos-adolescentes-javier-bardem-familia\/&amp;description=- ElleSpain&amp;media=https:\/\/hips.hearstapps.com\/hmg-prod\/images\/penelope-cruz-80-aniversario-ocho-68ee747eaf2a4.jpg?resize=1600:*\" class=\"pinterest css-on9hn5 e1c1bym14\"><img decoding=\"async\" data-dynamic-svg=\"true\" src=\"https:\/\/www.elle.com\/_assets\/design-tokens\/fre\/static\/icons\/social\/pinterest.e8cf655.svg?primary=%2523ffffff\" loading=\"lazy\" data-testid=\"dynamic-svg-base\" height=\"auto\" width=\"auto\" alt=\"pinterest\" class=\"css-4lml0h e1mlxuuw1\"\/><\/a><\/p>\n<p>Foto: Xavi Gordo. Realizaci\u00f3n: Sylvia Montoli\u00fa.<\/p>\n<blockquote data-theme-key=\"pullquote\" class=\"css-sihlup e1pe3zr91\">\n<blockquote class=\"css-1x1z34c e1pe3zr90\"><p>Por fin eres cool, Mam\u00e1<\/p><\/blockquote>\n<\/blockquote>\n<p data-journey-content=\"true\" data-node-id=\"9\" class=\"css-6wxqfj emevuu60\">Y lo hace.  De hecho, el pasado verano, cuando Pen\u00e9lope asiti\u00f3 a uno de los conciertos de <strong data-node-id=\"9.1\">Bad Bunny<\/strong> en Puerto Rico junto a Javier Bardem, protagoniz\u00f3 un momento que, adem\u00e1s de convertirse en viral, se llev\u00f3 el aplauso de sus hijos. \u00abMe pas\u00f3 una cosa muy graciosa porque cuando tienes adolescentes es que nada de lo que haces les parece suficientemente guay, pero el d\u00eda que dije el &#8216;Acho, PR es otra cosa&#8217; por el micr\u00f3fono, despu\u00e9s me dijeron: &#8216;Por fin eres cool&#8217;. Ahora s\u00ed, mam\u00e1&#8217;. Y dije: &#8216;Bueno, bueno&#8230;&#8217;. Adem\u00e1s, <strong data-node-id=\"9.5\">es algo que hice por m\u00ed y para m\u00ed, pero adem\u00e1s me llev\u00e9 como la aprobaci\u00f3n de mis ni\u00f1os, bueno, adolescentes.<\/strong> Me re\u00ed much\u00edsimo, porque fue una reacci\u00f3n, sobre todo de la peque\u00f1a, que le sali\u00f3 del alma\u00bb, afirma. <\/p>\n<p data-journey-content=\"true\" data-node-id=\"10\" class=\"css-6wxqfj emevuu60\">*Look Pen\u00e9lope Cruz: Chanel.<\/p>\n","protected":false},"excerpt":{"rendered":"Actriz, madre, amiga, pareja, hija, activista&#8230; Pen\u00e9lope Cruz, una de las grandes protagonistas del 80 aniversario de ELLE&hellip;\n","protected":false},"author":2,"featured_media":198958,"comment_status":"","ping_status":"","sticky":false,"template":"","format":"standard","meta":{"footnotes":""},"categories":[174],"tags":[255,253,146,147,25,24,256,23],"class_list":{"0":"post-198957","1":"post","2":"type-post","3":"status-publish","4":"format-standard","5":"has-post-thumbnail","7":"category-famosos","8":"tag-celebrities","9":"tag-discover","10":"tag-entertainment","11":"tag-entretenimiento","12":"tag-es","13":"tag-espana","14":"tag-famosos","15":"tag-spain"},"share_on_mastodon":{"url":"https:\/\/pubeurope.com\/@es\/115430794654348584","error":""},"_links":{"self":[{"href":"https:\/\/www.europesays.com\/es\/wp-json\/wp\/v2\/posts\/198957","targetHints":{"allow":["GET"]}}],"collection":[{"href":"https:\/\/www.europesays.com\/es\/wp-json\/wp\/v2\/posts"}],"about":[{"href":"https:\/\/www.europesays.com\/es\/wp-json\/wp\/v2\/types\/post"}],"author":[{"embeddable":true,"href":"https:\/\/www.europesays.com\/es\/wp-json\/wp\/v2\/users\/2"}],"replies":[{"embeddable":true,"href":"https:\/\/www.europesays.com\/es\/wp-json\/wp\/v2\/comments?post=198957"}],"version-history":[{"count":0,"href":"https:\/\/www.europesays.com\/es\/wp-json\/wp\/v2\/posts\/198957\/revisions"}],"wp:featuredmedia":[{"embeddable":true,"href":"https:\/\/www.europesays.com\/es\/wp-json\/wp\/v2\/media\/198958"}],"wp:attachment":[{"href":"https:\/\/www.europesays.com\/es\/wp-json\/wp\/v2\/media?parent=198957"}],"wp:term":[{"taxonomy":"category","embeddable":true,"href":"https:\/\/www.europesays.com\/es\/wp-json\/wp\/v2\/categories?post=198957"},{"taxonomy":"post_tag","embeddable":true,"href":"https:\/\/www.europesays.com\/es\/wp-json\/wp\/v2\/tags?post=198957"}],"curies":[{"name":"wp","href":"https:\/\/api.w.org\/{rel}","templated":true}]}}