{"id":198959,"date":"2025-10-24T19:28:11","date_gmt":"2025-10-24T19:28:11","guid":{"rendered":"https:\/\/www.europesays.com\/es\/198959\/"},"modified":"2025-10-24T19:28:11","modified_gmt":"2025-10-24T19:28:11","slug":"marianistas-coloca-una-placa-en-honor-al-arquitecto-luis-moya","status":"publish","type":"post","link":"https:\/\/www.europesays.com\/es\/198959\/","title":{"rendered":"Marianistas coloca una placa en honor al arquitecto Luis Moya"},"content":{"rendered":"<p>La Demarcaci\u00f3n de Ciudad Real del Colegio Oficial de Arquitectos de Castilla-La Mancha (COACM) ha celebrado esta ma\u00f1ana un acto de homenaje al arquitecto Luis Moya, con la colocaci\u00f3n de una placa DOCOMOMO en el Pabell\u00f3n Luis Moya del Colegio Nuestra Se\u00f1ora del Prado (Marianistas).<\/p>\n<p>\u00a0<\/p>\n<p>La distinci\u00f3n reconoce el valor cultural y arquitect\u00f3nico del edificio, que forma parte del registro DOCOMOMO Ib\u00e9rico, una iniciativa internacional destinada a la documentaci\u00f3n y conservaci\u00f3n del patrimonio arquitect\u00f3nico del Movimiento Moderno en Espa\u00f1a y Portugal.<\/p>\n<p><img decoding=\"async\" loading=\"lazy\" src=\"https:\/\/www.europesays.com\/es\/wp-content\/uploads\/2025\/10\/8D83CCB4-D020-40DA-A45C755AFD1319BA.JPG\" alt=\"Marianistas coloca una placa en honor al arquitecto Luis Moya \" border=\"0\"\/>Marianistas coloca una placa en honor al arquitecto Luis Moya <\/p>\n<p>\u00a0<\/p>\n<p>El acto cont\u00f3 con la presencia de representantes del Consejo Superior de los Colegios de Arquitectos de Espa\u00f1a (CSCAE) y del Colegio Oficial de Arquitectos de Castilla-La Mancha (COACM), a trav\u00e9s de su Demarcaci\u00f3n en Ciudad Real.<\/p>\n<p>\u00a0<\/p>\n<p>Por parte del centro educativo asistieron D. Juli\u00e1n Serna, director general del Colegio Nuestra Se\u00f1ora del Prado (Marianistas), y D. Enrique Aguilera, religioso marianista, acompa\u00f1ados por alumnos de Educaci\u00f3n Secundaria y de Primaria, quienes participaron activamente en la ceremonia.<\/p>\n<p>\u00a0<\/p>\n<p>Durante el evento, los representantes institucionales destacaron la importancia del legado arquitect\u00f3nico de Luis Moya, subrayando la necesidad de conservar y poner en valor los edificios que forman parte de la historia reciente de la arquitectura espa\u00f1ola.<\/p>\n<p>\u00a0<\/p>\n<p>La colocaci\u00f3n de la placa DOCOMOMO en el Pabell\u00f3n Luis Moya supone un reconocimiento al trabajo de los arquitectos que, como Moya, supieron combinar funcionalidad, innovaci\u00f3n y sentido art\u00edstico, dejando una huella duradera en el entorno educativo y cultural de la ciudad.<\/p>\n<p>\u00a0<\/p>\n<p><strong>Sobre DOCOMOMO<\/strong><\/p>\n<p>\u00a0<\/p>\n<p>El registro DOCOMOMO Ib\u00e9rico (Documentation and Conservation of buildings, sites and neighbourhoods of the Modern Movement) es una iniciativa internacional que identifica, documenta y difunde las obras m\u00e1s representativas de la arquitectura moderna del siglo XX.<\/p>\n<p>\u00a0<\/p>\n","protected":false},"excerpt":{"rendered":"La Demarcaci\u00f3n de Ciudad Real del Colegio Oficial de Arquitectos de Castilla-La Mancha (COACM) ha celebrado esta ma\u00f1ana&hellip;\n","protected":false},"author":2,"featured_media":198960,"comment_status":"","ping_status":"","sticky":false,"template":"","format":"standard","meta":{"footnotes":""},"categories":[173],"tags":[41849,801,229,233,231,230,1940,54910,232,234,146,147,25,24,1816,1397,1462,4193,23],"class_list":{"0":"post-198959","1":"post","2":"type-post","3":"status-publish","4":"format-standard","5":"has-post-thumbnail","7":"category-arte-y-diseno","8":"tag-ad-prado-marianistas","9":"tag-arquitectura","10":"tag-arte","11":"tag-arte-y-diseno","12":"tag-arts","13":"tag-arts-and-design","14":"tag-ciudad-real","15":"tag-colegio-nuestra-senora-del-prado","16":"tag-design","17":"tag-diseno","18":"tag-entertainment","19":"tag-entretenimiento","20":"tag-es","21":"tag-espana","22":"tag-innovacion","23":"tag-patrimonio","24":"tag-portugal","25":"tag-siglo-xx","26":"tag-spain"},"share_on_mastodon":{"url":"https:\/\/pubeurope.com\/@es\/115430798494286314","error":""},"_links":{"self":[{"href":"https:\/\/www.europesays.com\/es\/wp-json\/wp\/v2\/posts\/198959","targetHints":{"allow":["GET"]}}],"collection":[{"href":"https:\/\/www.europesays.com\/es\/wp-json\/wp\/v2\/posts"}],"about":[{"href":"https:\/\/www.europesays.com\/es\/wp-json\/wp\/v2\/types\/post"}],"author":[{"embeddable":true,"href":"https:\/\/www.europesays.com\/es\/wp-json\/wp\/v2\/users\/2"}],"replies":[{"embeddable":true,"href":"https:\/\/www.europesays.com\/es\/wp-json\/wp\/v2\/comments?post=198959"}],"version-history":[{"count":0,"href":"https:\/\/www.europesays.com\/es\/wp-json\/wp\/v2\/posts\/198959\/revisions"}],"wp:featuredmedia":[{"embeddable":true,"href":"https:\/\/www.europesays.com\/es\/wp-json\/wp\/v2\/media\/198960"}],"wp:attachment":[{"href":"https:\/\/www.europesays.com\/es\/wp-json\/wp\/v2\/media?parent=198959"}],"wp:term":[{"taxonomy":"category","embeddable":true,"href":"https:\/\/www.europesays.com\/es\/wp-json\/wp\/v2\/categories?post=198959"},{"taxonomy":"post_tag","embeddable":true,"href":"https:\/\/www.europesays.com\/es\/wp-json\/wp\/v2\/tags?post=198959"}],"curies":[{"name":"wp","href":"https:\/\/api.w.org\/{rel}","templated":true}]}}