{"id":19896,"date":"2025-08-02T03:46:08","date_gmt":"2025-08-02T03:46:08","guid":{"rendered":"https:\/\/www.europesays.com\/es\/19896\/"},"modified":"2025-08-02T03:46:08","modified_gmt":"2025-08-02T03:46:08","slug":"tamara-y-la-pandilla-basura","status":"publish","type":"post","link":"https:\/\/www.europesays.com\/es\/19896\/","title":{"rendered":"Tamara y la pandilla basura"},"content":{"rendered":"<p class=\"paragraph\" id=\"paragraph_1\">Parece que fue ayer y ya han pasado veinticinco a\u00f1os del <strong>auge del tamarismo<\/strong>, el terremoto social y medi\u00e1tico que azot\u00f3 Espa\u00f1a a principios del siglo XXI. Puede que los m\u00e1s j\u00f3venes no sepan de qu\u00e9 les estoy hablando, <a href=\"https:\/\/cronicaglobal.elespanol.com\/pensamiento\/20250613\/cronicas-marcianas\/1003742665742_13.html?utm_cmp_rs=linksinline\" target=\"_blank\" rel=\"nofollow noopener\">pero aquello fue la monda<\/a>.<\/p>\n<p class=\"paragraph\" id=\"paragraph_2\">Una buena chica de Santurce, Mar\u00eda del Mar, alias <strong>Tamara<\/strong>, lleg\u00f3 a Madrid a comerse el mundo como cantante, convenientemente acompa\u00f1ada de su posesiva madre, para la que lo era todo en esta vida.<\/p>\n<p>Personajes fracasados<\/p>\n<p class=\"paragraph\" id=\"paragraph_3\">Una vez en la capital, no se sabe muy bien c\u00f3mo, consigui\u00f3 congregar a su alrededor a unos <strong>personajes pat\u00e9ticamente fracasados<\/strong> que vieron en ella la oportunidad de brillar: el liante de <strong>Arlekin<\/strong>, responsable (por decir algo) de una cutre agencia de espect\u00e1culos llamada <strong>Guasenme<\/strong>, latiguillo est\u00fapido que el muchacho soltaba en sus actuaciones como mago con la esperanza de que cuajara entre el p\u00fablico (no cuaj\u00f3 jam\u00e1s).<\/p>\n<p class=\"paragraph\" id=\"paragraph_4\">Tambi\u00e9n hab\u00eda un compositor de un pueblo de Badajoz que se hac\u00eda llamar <strong>Leonardo Dant\u00e9s<\/strong>, en homenaje a El conde de Montecristo, y que hab\u00eda escrito una canci\u00f3n llamada a convertirse en una mina de oro; <strong>Tony Genil<\/strong>, un coplero revenido y rete\u00f1ido cuyo nombre art\u00edstico proced\u00eda del pueblo que lo vio nacer, <strong>Puente Genil<\/strong>; y un adivino que le\u00eda el futuro en las hortalizas y atend\u00eda por el bonito nombre de <strong>Paco Porras<\/strong>\u2026<\/p>\n<p>Cr\u00f3nicas marcianas<\/p>\n<p class=\"paragraph\" id=\"paragraph_5\">Con la colaboraci\u00f3n del programa de <strong>Xavier Sard\u00e0<\/strong> <a href=\"https:\/\/cronicaglobal.elespanol.com\/cronica-directo\/famosos\/20240917\/tv3-tve-pelean-por-josep-maria-mainat\/886661385_0.html?utm_cmp_rs=linksinline\" target=\"_blank\" rel=\"nofollow noopener\">Cr\u00f3nicas marcianas, esta cuadrilla de losers<\/a> alcanz\u00f3 una fama que no se compadec\u00eda con sus respectivos talentos.<\/p>\n<p class=\"paragraph\" id=\"paragraph_6\">La gente, evidentemente, se los tomaba a chufla (menos el sector m\u00e1s tonto del colectivo gay, que convirti\u00f3 a la de Santurce en un icono) y <strong>agradec\u00eda el espect\u00e1culo lamentable<\/strong> que ofrec\u00edan y que les distra\u00eda de sus tristes realidades. Se cabrearon todos entre ellos, exprimieron el hit de Leonardo, <strong>No cambi\u00e9<\/strong>, hasta la \u00faltima gota.<\/p>\n<p>La audiencia se cans\u00f3<\/p>\n<p class=\"paragraph\" id=\"paragraph_7\">Se insultaron mutuamente en televisi\u00f3n mientras el espectador los miraba como si se tratara de un <strong>c\u00f3nclave de tontos del pueblo<\/strong>. Hasta que la audiencia se cans\u00f3 de ellos y desaparecieron.<\/p>\n<p class=\"paragraph\" id=\"paragraph_8\">Con estos mimbres, el cineasta c\u00e1ntabro <strong>Nacho Vigalondo<\/strong> ha elaborado para Netflix una miniserie irregular, Superestar, que, cuando funciona, logra situarse entre lo tronchante y lo magn\u00edfico (seis cap\u00edtulos, producen los Javis, pero, afortunadamente, no se nota demasiado su influencia). Y lo hace gracias a un guion <strong>entre el humor y el surrealismo fant\u00e1stico<\/strong> y unos actores en estado de gracia.<\/p>\n<p>Los actores de la serie<\/p>\n<p class=\"paragraph\" id=\"paragraph_9\">Aparecen <strong>Ingrid Garc\u00eda Jonson<\/strong> (Tamara), <strong>Juli\u00e1n Villagr\u00e1n<\/strong> (Arlek\u00edn), <strong>Pep\u00f3n Nieto<\/strong> (Tony Genil), <strong>Carlos Areces<\/strong> (Paco Porras) o <strong>Natalia de Molina<\/strong> (Loly \u00c1lvarez), que clavan sus respectivos personajes, a los que aportan la misma mirada, sarc\u00e1stica y al mismo tiempo emp\u00e1tica y respetuosa, que el director de la serie y principal guionista de la misma.<\/p>\n<p class=\"paragraph\" id=\"paragraph_10\">Lo f\u00e1cil habr\u00eda sido re\u00edrse de la pandilla de freaks, que es lo que hicieron los espa\u00f1oles en su momento, pero <strong>Vigalondo<\/strong>, conservando el necesario tono jocoso, hace lo posible para entender a sus personajes, que es la mejor manera de no convertirlos en unos mu\u00f1ecos de cart\u00f3n piedra. S\u00e9 que resulta dif\u00edcil respetar a gente as\u00ed, pero muestra una admirable humanidad por parte del se\u00f1or Vigalondo.<\/p>\n<p>Un resultado brillante<\/p>\n<p class=\"paragraph\" id=\"paragraph_11\">Algunos cap\u00edtulos son <strong>tronchantes<\/strong>, otros resultan <strong>pat\u00e9ticos<\/strong>, el surrealismo desbocado de algunas situaciones puede hacer m\u00e1s mal que bien (no siempre) y contrasta un poco el respeto con que son tratados Tamara y Leonardo Dant\u00e9s y la crueldad (ganada a pulso, eso s\u00ed) con la que son presentados los dem\u00e1s fen\u00f3menos de feria de la funci\u00f3n, pero <strong>el resultado es brillante<\/strong>. Puestos a hacer algo con esa cuadrilla de infelices, yo dir\u00eda que Superestar es lo mejor que se pod\u00eda llevar a cabo.<\/p>\n<p class=\"paragraph\" id=\"paragraph_12\">Pese a su <strong>innegable patetismo<\/strong>, Superestar no te deja con mal sabor de boca. Para eso hay que tragarse el documental que acompa\u00f1a a la serie, Sigo siendo la misma, dirigido por Marc Pujolar (para los m\u00e1s cafeteros). Ah\u00ed aparece el elenco real de Superestar y podemos disfrutar de ellos en todo su esplendor delirante. Y la cosa no es para re\u00edrse.<\/p>\n<p class=\"paragraph\" id=\"paragraph_13\">Estamos ante unos juguetes rotos que ya no eran gran cosa cuando estaban enteros. Y la sonrisa inicial del espectador se va congelando hasta dejarle <strong>al borde del llanto<\/strong>. La serie es una comedia negra. El documental, una tragicomedia siniestra.<\/p>\n","protected":false},"excerpt":{"rendered":"Parece que fue ayer y ya han pasado veinticinco a\u00f1os del auge del tamarismo, el terremoto social y&hellip;\n","protected":false},"author":2,"featured_media":19897,"comment_status":"","ping_status":"","sticky":false,"template":"","format":"standard","meta":{"footnotes":""},"categories":[171],"tags":[12073,146,147,25,24,205,12072,23,807,214],"class_list":{"0":"post-19896","1":"post","2":"type-post","3":"status-publish","4":"format-standard","5":"has-post-thumbnail","7":"category-tv","8":"tag-cine-teatro","9":"tag-entertainment","10":"tag-entretenimiento","11":"tag-es","12":"tag-espana","13":"tag-madrid","14":"tag-series-de-television","15":"tag-spain","16":"tag-television","17":"tag-tv"},"share_on_mastodon":{"url":"","error":""},"_links":{"self":[{"href":"https:\/\/www.europesays.com\/es\/wp-json\/wp\/v2\/posts\/19896","targetHints":{"allow":["GET"]}}],"collection":[{"href":"https:\/\/www.europesays.com\/es\/wp-json\/wp\/v2\/posts"}],"about":[{"href":"https:\/\/www.europesays.com\/es\/wp-json\/wp\/v2\/types\/post"}],"author":[{"embeddable":true,"href":"https:\/\/www.europesays.com\/es\/wp-json\/wp\/v2\/users\/2"}],"replies":[{"embeddable":true,"href":"https:\/\/www.europesays.com\/es\/wp-json\/wp\/v2\/comments?post=19896"}],"version-history":[{"count":0,"href":"https:\/\/www.europesays.com\/es\/wp-json\/wp\/v2\/posts\/19896\/revisions"}],"wp:featuredmedia":[{"embeddable":true,"href":"https:\/\/www.europesays.com\/es\/wp-json\/wp\/v2\/media\/19897"}],"wp:attachment":[{"href":"https:\/\/www.europesays.com\/es\/wp-json\/wp\/v2\/media?parent=19896"}],"wp:term":[{"taxonomy":"category","embeddable":true,"href":"https:\/\/www.europesays.com\/es\/wp-json\/wp\/v2\/categories?post=19896"},{"taxonomy":"post_tag","embeddable":true,"href":"https:\/\/www.europesays.com\/es\/wp-json\/wp\/v2\/tags?post=19896"}],"curies":[{"name":"wp","href":"https:\/\/api.w.org\/{rel}","templated":true}]}}