{"id":198963,"date":"2025-10-24T19:31:21","date_gmt":"2025-10-24T19:31:21","guid":{"rendered":"https:\/\/www.europesays.com\/es\/198963\/"},"modified":"2025-10-24T19:31:21","modified_gmt":"2025-10-24T19:31:21","slug":"musica-de-ninguna-parte-olvida-al-personaje","status":"publish","type":"post","link":"https:\/\/www.europesays.com\/es\/198963\/","title":{"rendered":"M\u00fasica de Ninguna Parte: Olvida al personaje"},"content":{"rendered":"<p><img decoding=\"async\" src=\"https:\/\/www.europesays.com\/es\/wp-content\/uploads\/2025\/10\/1761283090_910_expande.png\" alt=\"\"\/><img decoding=\"async\" src=\"https:\/\/www.europesays.com\/es\/wp-content\/uploads\/2025\/10\/6054534.jpg&#038;imagencompleta=1.jpeg\" alt=\"Llega a cines de M\u00e9xico 'Springsteen: M\u00fasica de Ninguna Parte', \u00bfvale la pena verla?\" class=\"zoomable-image\"\/><\/p>\n<p class=\"gr_pie_de_foto_panoramico\" style=\"text-align: left;\">Llega a cines de M\u00e9xico &#8216;Springsteen: M\u00fasica de Ninguna Parte&#8217;, \u00bfvale la pena verla? Cr\u00e9dito: Disney<\/p>\n<p><img decoding=\"async\" src=\"https:\/\/www.europesays.com\/es\/wp-content\/uploads\/2025\/10\/1761283090_910_expande.png\" alt=\"\"\/><img decoding=\"async\" src=\"https:\/\/www.europesays.com\/es\/wp-content\/uploads\/2025\/10\/6054536.jpg&#038;imagencompleta=1.jpeg\" alt=\"Esta pel\u00edcula est\u00e1 basada en el libro 'Deliver Me From Nowhere', de Warren Zanes, que retrata el per\u00edodo en el que Springsteen cre\u00f3 su disco m\u00e1s oscuro y rudimentario.\" class=\"zoomable-image\"\/><\/p>\n<p class=\"gr_pie_de_foto_panoramico\" style=\"text-align: left;\">Esta pel\u00edcula est\u00e1 basada en el libro \u00abDeliver Me From Nowhere\u00bb, de Warren Zanes, que retrata el per\u00edodo en el que Springsteen cre\u00f3 su disco m\u00e1s oscuro y rudimentario. Cr\u00e9dito: Disney<\/p>\n<p><img decoding=\"async\" src=\"https:\/\/www.europesays.com\/es\/wp-content\/uploads\/2025\/10\/1761283090_910_expande.png\" alt=\"\"\/><img decoding=\"async\" src=\"https:\/\/www.europesays.com\/es\/wp-content\/uploads\/2025\/10\/6054538.jpg&#038;imagencompleta=1.jpeg\" alt=\"Resulta interesante conocer las influencias de Springsteen (como la pel\u00edcula 'Badlands', de Terrence Malick) y los tejemanejes de la tecnolog\u00eda que utiliz\u00f3.\" class=\"zoomable-image\"\/><\/p>\n<p class=\"gr_pie_de_foto_panoramico\" style=\"text-align: left;\">Resulta interesante conocer las influencias de Springsteen (como la pel\u00edcula &#8216;Badlands&#8217;, de Terrence Malick) y los tejemanejes de la tecnolog\u00eda que utiliz\u00f3. Cr\u00e9dito: Disney<\/p>\n","protected":false},"excerpt":{"rendered":"Llega a cines de M\u00e9xico &#8216;Springsteen: M\u00fasica de Ninguna Parte&#8217;, \u00bfvale la pena verla? Cr\u00e9dito: Disney Esta pel\u00edcula&hellip;\n","protected":false},"author":2,"featured_media":198964,"comment_status":"","ping_status":"","sticky":false,"template":"","format":"standard","meta":{"footnotes":""},"categories":[170],"tags":[22714,177,146,147,25,24,184,185,11381,5651,863,11250,54911,23],"class_list":{"0":"post-198963","1":"post","2":"type-post","3":"status-publish","4":"format-standard","5":"has-post-thumbnail","7":"category-musica","8":"tag-bruce-springsteen","9":"tag-cine","10":"tag-entertainment","11":"tag-entretenimiento","12":"tag-es","13":"tag-espana","14":"tag-music","15":"tag-musica","16":"tag-ninguna","17":"tag-olvida","18":"tag-parte","19":"tag-personaje","20":"tag-primera-fila","21":"tag-spain"},"share_on_mastodon":{"url":"https:\/\/pubeurope.com\/@es\/115430810604189580","error":""},"_links":{"self":[{"href":"https:\/\/www.europesays.com\/es\/wp-json\/wp\/v2\/posts\/198963","targetHints":{"allow":["GET"]}}],"collection":[{"href":"https:\/\/www.europesays.com\/es\/wp-json\/wp\/v2\/posts"}],"about":[{"href":"https:\/\/www.europesays.com\/es\/wp-json\/wp\/v2\/types\/post"}],"author":[{"embeddable":true,"href":"https:\/\/www.europesays.com\/es\/wp-json\/wp\/v2\/users\/2"}],"replies":[{"embeddable":true,"href":"https:\/\/www.europesays.com\/es\/wp-json\/wp\/v2\/comments?post=198963"}],"version-history":[{"count":0,"href":"https:\/\/www.europesays.com\/es\/wp-json\/wp\/v2\/posts\/198963\/revisions"}],"wp:featuredmedia":[{"embeddable":true,"href":"https:\/\/www.europesays.com\/es\/wp-json\/wp\/v2\/media\/198964"}],"wp:attachment":[{"href":"https:\/\/www.europesays.com\/es\/wp-json\/wp\/v2\/media?parent=198963"}],"wp:term":[{"taxonomy":"category","embeddable":true,"href":"https:\/\/www.europesays.com\/es\/wp-json\/wp\/v2\/categories?post=198963"},{"taxonomy":"post_tag","embeddable":true,"href":"https:\/\/www.europesays.com\/es\/wp-json\/wp\/v2\/tags?post=198963"}],"curies":[{"name":"wp","href":"https:\/\/api.w.org\/{rel}","templated":true}]}}