{"id":199122,"date":"2025-10-24T21:35:32","date_gmt":"2025-10-24T21:35:32","guid":{"rendered":"https:\/\/www.europesays.com\/es\/199122\/"},"modified":"2025-10-24T21:35:32","modified_gmt":"2025-10-24T21:35:32","slug":"espana-completa-su-constelacion-espacial-con-el-lanzamiento-del-satelite-spainsat-ng-ii","status":"publish","type":"post","link":"https:\/\/www.europesays.com\/es\/199122\/","title":{"rendered":"Espa\u00f1a completa su constelaci\u00f3n espacial con el lanzamiento del sat\u00e9lite SpainSat NG II"},"content":{"rendered":"<p>El sat\u00e9lite de <a href=\"https:\/\/es.euronews.com\/next\/2025\/01\/30\/el-spainsat-ng-i-el-satelite-de-comunicaciones-seguras-mas-avanzado-ya-esta-en-orbita\" rel=\"nofollow noopener\" target=\"_blank\">comunicaciones seguras SpainSat NG II <\/a>despeg\u00f3 este viernes desde la base de Cabo Ca\u00f1averal, en Florida (EE.UU.) a bordo de un cohete<a href=\"https:\/\/es.euronews.com\/next\/2025\/10\/20\/a-spacex-se-le-acaba-el-tiempo-y-se-acerca-la-fecha-limite-de-la-mision-artemis-iii-a-pesa\" rel=\"nofollow noopener\" target=\"_blank\"> Falcon 9 de SpaceX<\/a>, tras una leve demora t\u00e9cnica. Su puesta en \u00f3rbita marca un nuevo hito en la carrera espacial espa\u00f1ola, <strong>al completar la constelaci\u00f3n del Programa SPAINSAT NG, considerado el proyecto espacial<\/strong> m\u00e1s ambicioso en la historia del pa\u00eds por su complejidad y la amplia participaci\u00f3n de la industria nacional.<\/p>\n<p>Hasta el centro de lanzamiento se desplaz\u00f3 una <strong>amplia delegaci\u00f3n espa\u00f1ola integrada<\/strong> por <a href=\"https:\/\/es.euronews.com\/2025\/10\/23\/espana-comprara-armamento-estadounidense-para-que-ucrania-se-defienda-de-rusia\" rel=\"nofollow noopener\" target=\"_blank\">representantes del Ministerio de Defensa<\/a>, las Fuerzas Armadas, la empresa Hisdesat, propietaria y operadora del sat\u00e9lite, y compa\u00f1\u00edas del sector aeroespacial, responsables de m\u00e1s del 45% del desarrollo industrial del aparato. <\/p>\n<p>El lanzamiento, inicialmente previsto para el jueves, se aplaz\u00f3 un d\u00eda debido a un problema t\u00e9cnico en el cohete. <strong>Space X repar\u00f3 a tiempo un cable da\u00f1ado del sistema de seguridad<\/strong>, lo que permiti\u00f3 mantener el calendario con apenas un retraso de 24 horas.<\/p>\n<p>Con m\u00e1s de seis toneladas de peso y 7,3 metros de altura, <a href=\"https:\/\/www.ciencia.gob.es\/Noticias\/2025\/enero\/satelite-comunicaciones-seguras.html\" target=\"_blank\" rel=\"noreferrer nofollow noopener\">el SpainSat NG II se sit\u00faa entre los sat\u00e9lites<\/a> de comunicaci\u00f3n m\u00e1s avanzados del mundo. <strong>Ofrece capacidades seguras y resilientes<\/strong> para las Fuerzas Armadas Espa\u00f1olas, la OTAN, la Comisi\u00f3n Europea y pa\u00edses aliados.<\/p>\n<p>Seg\u00fan el director general de Hisdesat, Miguel \u00c1ngel Garc\u00eda Primo, ,el sat\u00e9lite ha superado todas las pruebas previas al vuelo y, t<strong>ras su lanzamiento, realizar\u00e1 un viaje de entre cinco<\/strong> y seis meses hasta alcanzar su posici\u00f3n geoestacionaria, a unos 36.000 kil\u00f3metros de la Tierra.<\/p>\n<p>El SpainSat NG II <a href=\"https:\/\/www.defensa.gob.es\/comun\/slider\/2025\/01\/250128-lanzamiento-spainsat.html\" target=\"_blank\" rel=\"noreferrer nofollow noopener\">es el &#8216;gemelo&#8217; del SpainSat NG I<\/a>, lanzado el pasado enero. Juntos formar\u00e1n una constelaci\u00f3n que cubrir\u00e1 cerca de dos tercios del planeta, <strong>desde Am\u00e9rica hasta Asia<\/strong>, incluyendo Europa, \u00c1frica y Oriente Medio.<\/p>\n<p>Ambos sat\u00e9lites incorporan tecnolog\u00edas pioneras: <strong>antenas de \u00faltima generaci\u00f3n, sistemas de protecci\u00f3n<\/strong> contra interferencias y ciberataques, y escudos reforzados ante fen\u00f3menos nucleares en alta atm\u00f3sfera.<\/p>\n<p>Con esta misi\u00f3n,<a href=\"https:\/\/www.hisdesat.es\/c-seguras\/programa-spainsat-ng\/\" target=\"_blank\" rel=\"noreferrer nofollow noopener\"> Espa\u00f1a consolida su soberan\u00eda tecnol\u00f3gica <\/a>y refuerza la autonom\u00eda estrat\u00e9gica europea en comunicaciones satelitales seguras, <strong>situ\u00e1ndose entre los l\u00edderes globales del sector aeroespacial.<\/strong><\/p>\n","protected":false},"excerpt":{"rendered":"El sat\u00e9lite de comunicaciones seguras SpainSat NG II despeg\u00f3 este viernes desde la base de Cabo Ca\u00f1averal, en&hellip;\n","protected":false},"author":2,"featured_media":199123,"comment_status":"","ping_status":"","sticky":false,"template":"","format":"standard","meta":{"footnotes":""},"categories":[8],"tags":[17,18,25,10558,24,13,14,11,19,20,9,10,15,16,21671,12338,23,12,21,22],"class_list":{"0":"post-199122","1":"post","2":"type-post","3":"status-publish","4":"format-standard","5":"has-post-thumbnail","7":"category-espana","8":"tag-breaking-news","9":"tag-breakingnews","10":"tag-es","11":"tag-espacio","12":"tag-espana","13":"tag-featured-news","14":"tag-featurednews","15":"tag-headlines","16":"tag-latest-news","17":"tag-latestnews","18":"tag-news","19":"tag-noticias","20":"tag-noticias-destacadas","21":"tag-noticiasdestacadas","22":"tag-satelite","23":"tag-spacex","24":"tag-spain","25":"tag-titulares","26":"tag-ultimas-noticias","27":"tag-ultimasnoticias"},"share_on_mastodon":{"url":"https:\/\/pubeurope.com\/@es\/115431298081926254","error":""},"_links":{"self":[{"href":"https:\/\/www.europesays.com\/es\/wp-json\/wp\/v2\/posts\/199122","targetHints":{"allow":["GET"]}}],"collection":[{"href":"https:\/\/www.europesays.com\/es\/wp-json\/wp\/v2\/posts"}],"about":[{"href":"https:\/\/www.europesays.com\/es\/wp-json\/wp\/v2\/types\/post"}],"author":[{"embeddable":true,"href":"https:\/\/www.europesays.com\/es\/wp-json\/wp\/v2\/users\/2"}],"replies":[{"embeddable":true,"href":"https:\/\/www.europesays.com\/es\/wp-json\/wp\/v2\/comments?post=199122"}],"version-history":[{"count":0,"href":"https:\/\/www.europesays.com\/es\/wp-json\/wp\/v2\/posts\/199122\/revisions"}],"wp:featuredmedia":[{"embeddable":true,"href":"https:\/\/www.europesays.com\/es\/wp-json\/wp\/v2\/media\/199123"}],"wp:attachment":[{"href":"https:\/\/www.europesays.com\/es\/wp-json\/wp\/v2\/media?parent=199122"}],"wp:term":[{"taxonomy":"category","embeddable":true,"href":"https:\/\/www.europesays.com\/es\/wp-json\/wp\/v2\/categories?post=199122"},{"taxonomy":"post_tag","embeddable":true,"href":"https:\/\/www.europesays.com\/es\/wp-json\/wp\/v2\/tags?post=199122"}],"curies":[{"name":"wp","href":"https:\/\/api.w.org\/{rel}","templated":true}]}}