{"id":199187,"date":"2025-10-24T22:28:15","date_gmt":"2025-10-24T22:28:15","guid":{"rendered":"https:\/\/www.europesays.com\/es\/199187\/"},"modified":"2025-10-24T22:28:15","modified_gmt":"2025-10-24T22:28:15","slug":"nos-gustaria-hacer-realidad-el-sueno-de-llegar-a-ser-profesionales","status":"publish","type":"post","link":"https:\/\/www.europesays.com\/es\/199187\/","title":{"rendered":"\u201cNos gustar\u00eda hacer realidad el sue\u00f1o de llegar a ser profesionales\u201d"},"content":{"rendered":"<p>Silvia Castillejos y Valeria Castillejos han protagonizado una temporada ciclista plagada de triunfos. Silvia, la hermana mayor, se\u00a0 proclamaba el pasado Campeona de Espa\u00f1a de ruta infantil, adem\u00e1s de dominar el circuito de la Federaci\u00f3n en su categor\u00eda, tras un a\u00f1o para enmarcar. Por su parte, Valeria ser\u00eda la gran dominadora en alevines. Ambas estuvieron siempre en el podio, demostrando una clase, competitividad y capacidad de trabajo sencillamente admirables.<\/p>\n<p>Con las dos hablamos en la tienda de bicicletas de su padre, \u00d3scar Castillejos, seleccionar infantil de la regi\u00f3n, que en sus tiempos m\u00e1s j\u00f3venes tambi\u00e9n sabore\u00f3 las mieles del triunfo. A pesar de su corta edad y de los \u00e9xitos conseguidos, Silvia y Valeria demuestran tener los pies en la tierra, humildad y mucho sentido com\u00fan en sus respuestas.<\/p>\n<p>\u201cLa verdad es que estamos contentas porque hemos conseguido muchos de los objetivos que nos hab\u00edamos marcado al inicio de la temporada. Hemos ganado muchas carreras y la verdad es que ha sido un a\u00f1o bonito para las dos\u201d, empiezan diciendo cortando rompiendo pronto el hielo de la timidez. Llevan varios a\u00f1os cosechando victorias y les planteamos si a medida que se sube de categor\u00eda resulta m\u00e1s complicado ganar. \u201cCuesta m\u00e1s porque las carreras van aumentando en kil\u00f3metros, la gente va subiendo el nivel y los entrenamientos tambi\u00e9n son m\u00e1s exigentes\u201d.<\/p>\n<p>        <a target=\"_blank\" href=\"https:\/\/tiendabodegasdinastia.com\/\" rel=\"nofollow noopener\">&#13;<br \/>\n            <img decoding=\"async\" class=\"img-fluid d-block mx-auto cursor\" ng-click=\"clickBanner(539)\" src=\"https:\/\/www.europesays.com\/es\/wp-content\/uploads\/2025\/10\/001a8829-3938-4758-92e8-7de02b0b21ef.png\" alt=\"\"\/>&#13;<br \/>\n        <\/a><\/p>\n<p>Compaginan el ciclismo con la nataci\u00f3n y los estudios. Y en todos los terrenos destacan dos ni\u00f1as que saben que los logros no son fruto de la casualidad, sino de la constancia, la dedicaci\u00f3n y el esfuerzo. \u201cEs sacrificado porque no dispones del mismo tiempo que puede disponer cualquier otra persona de nuestra edad. Llegas a las siete de la tarde a casa despu\u00e9s de entrenar o nadar y te tienes que poner a estudiar. Y cuando la temporada de ciclismo coincide con la de nataci\u00f3n, las competiciones se juntan y muchas veces hay que elegir a donde ir\u201d, explica Silvia.<\/p>\n<p>Entrenan con la bicicleta dos\u00a0 d\u00edas a la semana y luego toca afrontar la competici\u00f3n el fin de semana. Por su vinculaci\u00f3n al ciclismo, su padre sigue de cerca la evoluci\u00f3n de las dos ciclistas. \u201cComo \u00e9l corri\u00f3, nos da consejos en los entrenamientos y en carrera suele estar al margen porque prefiere que seamos nosotras las que tomemos las decisiones y que nos podamos equivocar en un momento dado, porque de los errores se aprende\u201d.<\/p>\n<p>        <a target=\"_blank\" href=\"https:\/\/drive.google.com\/file\/d\/1Z0VYRiA24GWREf9TbIh6QxkEDTPm-mV5\/view?usp=sharing\" rel=\"nofollow noopener\">&#13;<br \/>\n            <img decoding=\"async\" class=\"img-fluid d-block mx-auto cursor\" ng-click=\"clickBanner(670)\" src=\"https:\/\/www.europesays.com\/es\/wp-content\/uploads\/2025\/10\/1761344894_148_6b7ba069-ee58-476c-9477-f91b1ccc361a.png\" alt=\"\"\/>&#13;<br \/>\n        <\/a><\/p>\n<p>Silvia y Valeria albergan el sue\u00f1o de seguir avanzando en el mundo del ciclismo. \u201cSer\u00eda muy bonito llegar a profesionales y poder correr el Tour de Francia, la Vuelta Ciclista a Espa\u00f1a y estar entre las mejores. Nos gustar\u00eda hacer realidad este sue\u00f1o, pero bueno hay que ir poco a poco\u201d.<\/p>\n<p>Como practica nataci\u00f3n y ciclismo, Silvia ha pensado en alguna ocasi\u00f3n que una modalidad como el triatl\u00f3n le pod\u00eda venir bien, \u201cpero de momento no me lo planteo\u201d. En las carreras compite tambi\u00e9n con chicos, circunstancia que tambien aflora en la entrevista. \u201cEs algo que me gusta y me motiva. A veces gano yo, otras veces ellos, pero creo que me viene bien tener esa exigencia de intentar ganarles\u201d.<\/p>\n<p>Las dos se encuentran ya en plena pretemporada, entrenando para la campa\u00f1a que se avecina y en la que esperan seguir ganando carreras. \u201cLuchar\u00e9 para volver a conseguir el campeonato nacional y a nivel regional quiero seguir dando el nivel hay con los chicos. Ser\u00e1 el \u00faltimo a\u00f1o que compita con ellos porque en cadetes ya corremos las chicas solas\u201d, explica Silvia mientras Valeria sonrie y escucha atenta las respuestas de su hermana.\u00a0 \u00a0\u00a0<\/p>\n<p>        <a target=\"_blank\" href=\"http:\/\/www.ovinosmanchegos.com\/\" rel=\"nofollow noopener\">&#13;<br \/>\n            <img decoding=\"async\" class=\"img-fluid d-block mx-auto cursor\" ng-click=\"clickBanner(201)\" src=\"https:\/\/www.europesays.com\/es\/wp-content\/uploads\/2025\/10\/1f29d41b-1bf5-47cf-8839-62ec59318c1a.png\" alt=\"\"\/>&#13;<br \/>\n        <\/a><\/p>\n<p>                    <img decoding=\"async\" ng-click=\"openLightboxModal(1)\" src=\"https:\/\/www.europesays.com\/es\/wp-content\/uploads\/2025\/10\/7dd4ec87-f673-472e-bc04-9c08f57e7905.png\" class=\"img-fluid mx-auto img-titular cursor\" alt=\"ob.imagen.Descripcion\"\/><br \/>\n                    <img class=\"img-fluid mx-auto img-titular cursor\"\/><\/p>\n<p>&#13;<br \/>\n                     3008 usuarios han visto esta noticia&#13;\n                <\/p>\n","protected":false},"excerpt":{"rendered":"Silvia Castillejos y Valeria Castillejos han protagonizado una temporada ciclista plagada de triunfos. Silvia, la hermana mayor, se\u00a0&hellip;\n","protected":false},"author":2,"featured_media":199188,"comment_status":"","ping_status":"","sticky":false,"template":"","format":"standard","meta":{"footnotes":""},"categories":[273],"tags":[299,313,312,634,168,2560,95,25,24,282,10,23,167,3022],"class_list":{"0":"post-199187","1":"post","2":"type-post","3":"status-publish","4":"format-standard","5":"has-post-thumbnail","7":"category-ciclismo","8":"tag-baloncesto","9":"tag-ciclismo","10":"tag-cycling","11":"tag-deporte","12":"tag-deportes","13":"tag-economa","14":"tag-economia","15":"tag-es","16":"tag-espana","17":"tag-futbol","18":"tag-noticias","19":"tag-spain","20":"tag-sports","21":"tag-tomelloso"},"share_on_mastodon":{"url":"https:\/\/pubeurope.com\/@es\/115431506609353961","error":""},"_links":{"self":[{"href":"https:\/\/www.europesays.com\/es\/wp-json\/wp\/v2\/posts\/199187","targetHints":{"allow":["GET"]}}],"collection":[{"href":"https:\/\/www.europesays.com\/es\/wp-json\/wp\/v2\/posts"}],"about":[{"href":"https:\/\/www.europesays.com\/es\/wp-json\/wp\/v2\/types\/post"}],"author":[{"embeddable":true,"href":"https:\/\/www.europesays.com\/es\/wp-json\/wp\/v2\/users\/2"}],"replies":[{"embeddable":true,"href":"https:\/\/www.europesays.com\/es\/wp-json\/wp\/v2\/comments?post=199187"}],"version-history":[{"count":0,"href":"https:\/\/www.europesays.com\/es\/wp-json\/wp\/v2\/posts\/199187\/revisions"}],"wp:featuredmedia":[{"embeddable":true,"href":"https:\/\/www.europesays.com\/es\/wp-json\/wp\/v2\/media\/199188"}],"wp:attachment":[{"href":"https:\/\/www.europesays.com\/es\/wp-json\/wp\/v2\/media?parent=199187"}],"wp:term":[{"taxonomy":"category","embeddable":true,"href":"https:\/\/www.europesays.com\/es\/wp-json\/wp\/v2\/categories?post=199187"},{"taxonomy":"post_tag","embeddable":true,"href":"https:\/\/www.europesays.com\/es\/wp-json\/wp\/v2\/tags?post=199187"}],"curies":[{"name":"wp","href":"https:\/\/api.w.org\/{rel}","templated":true}]}}