{"id":199301,"date":"2025-10-25T00:05:08","date_gmt":"2025-10-25T00:05:08","guid":{"rendered":"https:\/\/www.europesays.com\/es\/199301\/"},"modified":"2025-10-25T00:05:08","modified_gmt":"2025-10-25T00:05:08","slug":"impresiona-lo-realistas-que-son-las-esculturas","status":"publish","type":"post","link":"https:\/\/www.europesays.com\/es\/199301\/","title":{"rendered":"Impresiona lo realistas que son las esculturas"},"content":{"rendered":"<p>Sentir con sus propias manos una obra de arte. Este fue el inesperado regalo que recibi\u00f3 <strong>Eladio Fern\u00e1ndez <\/strong>este viernes, al visitar la exposici\u00f3n &#8216;Toca madera, alza el vuelo&#8217;, en el Musweo Provincial, una selecci\u00f3n de nueve esculturas pertenecientes al <strong>Museo Tiflol\u00f3gico<\/strong>, y realizadas tanto por artistas con discapacidad visual como sin ella.<\/p>\n<p>Con esta exposici\u00f3n, la<a href=\"https:\/\/www.elprogreso.es\/tags\/once\/\" rel=\"nofollow noopener\" target=\"_blank\"> Once<\/a> pretende dar visibilidad a las obras que se muestran en su museo ubicado en Madrid, y permitir al p\u00fablico disfrutar de la experiencia de acceder a todas las obras a trav\u00e9s del sentido del <strong>tacto.<\/strong><\/p>\n<p>La primera impresi\u00f3n de este invidente ya jubilado, de <strong>76 a\u00f1os,<\/strong> sobre las obras que acababa de visitar era de absoluto entusiasmo, seg\u00fan cuenta, en un ambiente excepcional para una persona que perdi\u00f3 la vista siendo ya adulto. \u00abLa sensaci\u00f3n fue una maravilla. Te impresiona lo realistas que son las <strong>esculturas <\/strong>y lo bien hechas que est\u00e1n\u00bb.<\/p>\n<p>Esta exposici\u00f3n realza el trabajo de los afiliados de la Once como lanzadera hacia la integraci\u00f3n, para que el p\u00fablico sienta, en primera persona, la sensibilidad que poseen las personas ciegas a la hora de elaborar estas obras.<\/p>\n<p>Eladio estuvo acompa\u00f1ado en esta experiencia por m\u00e1s compa\u00f1eros, que como \u00e9l, han perdido la visi\u00f3n. El grupo lo compon\u00edan cerca de <strong>20 personas<\/strong>.<\/p>\n<p>Las nueve piezas potenciaron la sensibilidad de Eladio, pero de entre todas ellas hubo una en la que se detuvo con m\u00e1s atenci\u00f3n: un singular espantap\u00e1jaros espl\u00e9ndidamente tallado y de poco m\u00e1s de <strong>30 cent\u00edmetros <\/strong>de alto que calzaba un amplio sombrero de ala ancha.<\/p>\n<p>\u00abMi pieza favorita de la exposici\u00f3n es la una figura de madera que recreaba a un <strong>espantallo<\/strong>. Era muy realista. Tanto la cabeza como las manos pod\u00edan sentirse perfectamente\u00bb, explica Eladio, qui\u00e9n tambi\u00e9n pudo escuchar un sonido caracter\u00edstico de los espantap\u00e1jaros, ya que ten\u00eda colgados de las manos \u00abunos cuantos cascabeles para espantar a las aves\u00bb, comenta este hombre curioso, que se afili\u00f3 a la Once en <strong>1993,<\/strong> \u00abel m\u00e1s antiguo de Lugo\u00bb, asegura.<\/p>\n<p>A trav\u00e9s de estas esculturas, se invita a reflexionar sobre el proceso de crecimiento personal y la importancia de aprender de las experiencias vitales.<\/p>\n<p>La exposici\u00f3n est\u00e1 compuesta por nueve esculturas de madera y metal<\/p>\n<p>Las nueve esculturas que pueden visitarse en el Museo Provincial son \u2018Alzando el vuelo\u2019, de <strong>Pablo Miranda <\/strong>y que fue realizada en madera torneada; el pacense <strong>Pedro Monago<\/strong> muestra \u2018Esp\u00edritu de la garza\u2019, tallada en madera; \u2018Vuelo del \u00c1guila\u2019 es la obra del palentino <strong>Teo Calvo<\/strong>, realizada en metal y madera; \u2018La noche\u2019, de <strong>Emilio S\u00e1nchez<\/strong>, elaborada con metal y madera; <strong>Idilia <\/strong>Fern\u00e1ndez presenta \u2018A\u00e9reo II\u2019, una talla en madera.<\/p>\n<p><strong>Ana Delgado<\/strong> muestra su obra \u2018Descenso-Ascenso\u2019, tambi\u00e9n realizada en madera; \u2018Oscuro IV\u2019 es la escultura de <strong>Jes\u00fas Curi\u00e1<\/strong>, elaborada en metal y madera; <strong>Carlos Purroy <\/strong>expone \u2018Sujetando el olmo\u2019, hecha en metal y madera, y <strong>Enrique Cabildo<\/strong> muestra \u2018Llama\u2019, una talla en madera.<\/p>\n","protected":false},"excerpt":{"rendered":"Sentir con sus propias manos una obra de arte. Este fue el inesperado regalo que recibi\u00f3 Eladio Fern\u00e1ndez&hellip;\n","protected":false},"author":2,"featured_media":199302,"comment_status":"","ping_status":"","sticky":false,"template":"","format":"standard","meta":{"footnotes":""},"categories":[173],"tags":[229,233,231,230,232,234,146,147,25,24,2003,54948,7318,54947,531,23],"class_list":{"0":"post-199301","1":"post","2":"type-post","3":"status-publish","4":"format-standard","5":"has-post-thumbnail","7":"category-arte-y-diseno","8":"tag-arte","9":"tag-arte-y-diseno","10":"tag-arts","11":"tag-arts-and-design","12":"tag-design","13":"tag-diseno","14":"tag-entertainment","15":"tag-entretenimiento","16":"tag-es","17":"tag-espana","18":"tag-exposicion","19":"tag-invidente","20":"tag-lugo","21":"tag-museo-provincial-de-lugo","22":"tag-once","23":"tag-spain"},"share_on_mastodon":{"url":"https:\/\/pubeurope.com\/@es\/115431887562466169","error":""},"_links":{"self":[{"href":"https:\/\/www.europesays.com\/es\/wp-json\/wp\/v2\/posts\/199301","targetHints":{"allow":["GET"]}}],"collection":[{"href":"https:\/\/www.europesays.com\/es\/wp-json\/wp\/v2\/posts"}],"about":[{"href":"https:\/\/www.europesays.com\/es\/wp-json\/wp\/v2\/types\/post"}],"author":[{"embeddable":true,"href":"https:\/\/www.europesays.com\/es\/wp-json\/wp\/v2\/users\/2"}],"replies":[{"embeddable":true,"href":"https:\/\/www.europesays.com\/es\/wp-json\/wp\/v2\/comments?post=199301"}],"version-history":[{"count":0,"href":"https:\/\/www.europesays.com\/es\/wp-json\/wp\/v2\/posts\/199301\/revisions"}],"wp:featuredmedia":[{"embeddable":true,"href":"https:\/\/www.europesays.com\/es\/wp-json\/wp\/v2\/media\/199302"}],"wp:attachment":[{"href":"https:\/\/www.europesays.com\/es\/wp-json\/wp\/v2\/media?parent=199301"}],"wp:term":[{"taxonomy":"category","embeddable":true,"href":"https:\/\/www.europesays.com\/es\/wp-json\/wp\/v2\/categories?post=199301"},{"taxonomy":"post_tag","embeddable":true,"href":"https:\/\/www.europesays.com\/es\/wp-json\/wp\/v2\/tags?post=199301"}],"curies":[{"name":"wp","href":"https:\/\/api.w.org\/{rel}","templated":true}]}}