{"id":199313,"date":"2025-10-25T00:15:13","date_gmt":"2025-10-25T00:15:13","guid":{"rendered":"https:\/\/www.europesays.com\/es\/199313\/"},"modified":"2025-10-25T00:15:13","modified_gmt":"2025-10-25T00:15:13","slug":"el-papa-los-movimientos-populares-antidoto-contra-la-indiferencia","status":"publish","type":"post","link":"https:\/\/www.europesays.com\/es\/199313\/","title":{"rendered":"El Papa: Los Movimientos populares, ant\u00eddoto contra la indiferencia"},"content":{"rendered":"<p>Le\u00f3n XIV recibe a los movimientos populares reunidos en Roma para el Quinto Encuentro Internacional y la Peregrinaci\u00f3n Jubilar. Recordando a su predecesor Francisco, reitera que \u00abtierra, techo y trabajo\u00bb son \u00abderechos sagrados\u00bb. A continuaci\u00f3n, se\u00f1ala el aumento de la injusticia social, los \u00abda\u00f1os colaterales\u00bb causados \u200b\u200bpor las nuevas tecnolog\u00edas, el trato inhumano a los migrantes y la proliferaci\u00f3n de drogas.<\/p>\n<p>Salvatore Cernuzio &#8211; Ciudad del Vaticano<\/p>\n<p>Pueblos despose\u00eddos, robados, saqueados, llevados a la pobreza; migrantes vulnerables, v\u00edctimas de abusos y tratados como basura. A esto se suma la proliferaci\u00f3n desenfrenada de drogas, tanto antiguas como nuevas (como el fentanilo); inundaciones, tsunamis y terremotos que exponen la crisis clim\u00e1tica; el lucro, cada vez m\u00e1s idolatrado, al igual que el culto al cuerpo y al bienestar f\u00edsico. Y, de nuevo, una justicia que parece estar fallando; nuevas tecnolog\u00edas que incrementan el progreso tanto como la desigualdad; desempleo, marginaci\u00f3n, explotaci\u00f3n; una tendencia general deshumanizante de injusticias sociales, y la creciente brecha entre una peque\u00f1a minor\u00eda \u2014el 1% de la poblaci\u00f3n\u2014 de ricos y la gran mayor\u00eda de pobres. El Papa Le\u00f3n XIV dibuja un retrato impregnado de amargo realismo de la \u00e9poca actual en su discurso a los Movimientos Populares, recibidos, esta tarde, en el Aula Pablo VI, con motivo del V Encuentro Internacional en Roma.<\/p>\n<p>      <a href=\"https:\/\/www.vaticannews.va\/es\/vaticano\/news\/2025-10\/encuentro-de-los-movimientos-populares-leon-xiv.html\" title=\"Movimientos Populares: \u201cLos pobres del mundo caminamos con el Papa Le\u00f3n\u201d\" rel=\"nofollow noopener\" target=\"_blank\"><\/p>\n<p>         <img decoding=\"async\" src=\"data:image\/gif;base64,R0lGODlhAQABAIAAAAAAAP\/\/\/yH5BAEAAAAALAAAAAABAAEAAAIBRAA7\" data-original=\"https:\/\/www.vaticannews.va\/content\/dam\/vaticannews\/agenzie\/images\/srv\/2025\/10\/23\/2025-10-23-partecipanti-all-incontro-mondiale-dei-movimenti-popo\/1761233387976.JPG\/_jcr_content\/renditions\/cq5dam.thumbnail.cropped.500.281.jpeg\" alt=\"Movimientos Populares: \u201cLos pobres del mundo caminamos con el Papa Le\u00f3n\u201d\"\/><\/p>\n<p>       <\/a><\/p>\n<p>\n       Los participantes del V Encuentro Mundial de los Movimientos Populares que estos d\u00edas se est\u00e1 celebrando en Roma (del 21 al 24 de octubre), procedentes de todo el mundo, vivieron &#8230;\n      <\/p>\n<p> <br \/>\nLas ense\u00f1anzas de Francisco y Le\u00f3n XIII <\/p>\n<p>Un largo discurso, salpicado de referencias a las ense\u00f1anzas de su predecesor, el Papa Francisco, quien promovi\u00f3 estos encuentros, y del Papa autor de la primera enc\u00edclica social, Le\u00f3n XIII y la Rerum\u00a0Novarum\u00a0. Un discurso en el que el Pont\u00edfice combin\u00f3 denuncias y llamamientos con est\u00edmulo a la acci\u00f3n, la profec\u00eda, la poes\u00eda y, sobre todo, la esperanza: de cambio, de un camino renovado de justicia, amor y paz, de cosas nuevas.\u00a0Rerum Novarum,\u00a0en efecto. As\u00ed como fue \u00abnuevo\u00bb y tambi\u00e9n \u00abbueno\u00bb izar la bandera en el Vaticano hace diez a\u00f1os con las palabras\u00a0\u00abTierra, Techo y Trabajo\u00bb.<\/p>\n<blockquote>\n<p>\u201cHaci\u00e9ndome eco de las peticiones de Francisco, hoy digo: Tierra, techo y trabajo son derechos sagrados, por los que vale la pena luchar, y quiero que me escuchen decir: \u201c\u00a1Estoy con ustedes!\u201d, \u201c\u00a1Estoy con ustedes!\u201d<\/p>\n<\/blockquote>\n<p>    <img decoding=\"async\" src=\"data:image\/gif;base64,R0lGODlhAQABAIAAAAAAAP\/\/\/yH5BAEAAAAALAAAAAABAAEAAAIBRAA7\" data-original=\"https:\/\/www.vaticannews.va\/content\/dam\/vaticannews\/agenzie\/images\/srv\/2025\/10\/23\/2025-10-23-partecipanti-all-incontro-mondiale-dei-movimenti-popo\/1761233962459.JPG\/_jcr_content\/renditions\/cq5dam.thumbnail.cropped.750.422.jpeg\" alt=\"El Papa en el Aula Pablo VI para la audiencia con los Movimientos Populares \" title=\"El Papa en el Aula Pablo VI para la audiencia con los Movimientos Populares \"\/><\/p>\n<p>\n   El Papa en el Aula Pablo VI para la audiencia con los Movimientos Populares \u00a0 (@Vatican Media)\n  <\/p>\n<p>Importancia prof\u00e9tica <\/p>\n<p>Unas dos mil personas estaban presentes en el Aula Pablo VI para escuchar al Papa Le\u00f3n XIV. Entre ellas, representantes de las \u00abperiferias\u00bb de todos los continentes: pobres, migrantes,\u00a0campesinos\u00a0y\u00a0cartoneros\u00a0. Han llegado en procesi\u00f3n desde el Spin Time Lab, el edificio en el barrio de Esquilino ocupado con fines habitacionales y sociales por unas 400 personas en situaciones de emergencia, que se ha convertido en la sede de los Movimientos Populares en Roma.<\/p>\n<p>Ma\u00f1ana vivir\u00e1n su peregrinaci\u00f3n jubilar acompa\u00f1ados por obispos y otros representantes de sus di\u00f3cesis. Este fue el \u00absue\u00f1o\u00bb del Papa Francisco, quien deseaba que este grupo social, a menudo rechazado o marginado por las instituciones, fuera acogido en el coraz\u00f3n de la Iglesia. Este sue\u00f1o lo est\u00e1 haciendo realidad Le\u00f3n, quien, como afirm\u00f3 al comienzo de su discurso, pretende continuar el camino iniciado por Jorge Mario Bergoglio, quien \u00aben los \u00faltimos a\u00f1os ha dialogado a menudo con su realidad, destacando su importancia prof\u00e9tica en el contexto de un mundo marcado por problemas de diversa \u00edndole\u00bb.<\/p>\n<p>     <a href=\"https:\/\/www.vaticannews.va\/es\/vaticano\/news\/2025-10\/jubileo-de-los-movimientos-populares-en-roma-solidaridad.html\" title=\"Jubileo de los Movimientos Populares en Roma: Solidaridad para hacer historia\" rel=\"nofollow noopener\" target=\"_blank\"><\/p>\n<p>        <img decoding=\"async\" src=\"data:image\/gif;base64,R0lGODlhAQABAIAAAAAAAP\/\/\/yH5BAEAAAAALAAAAAABAAEAAAIBRAA7\" data-original=\"https:\/\/www.vaticannews.va\/content\/dam\/vaticannews\/multimedia\/2025\/ottobre\/15\/IMG_7144AEM.jpg\/_jcr_content\/renditions\/cq5dam.thumbnail.cropped.500.281.jpeg\" alt=\"Jubileo de los Movimientos Populares en Roma: Solidaridad para hacer historia\"\/><\/p>\n<p>      <\/a><\/p>\n<p>\n      Presentados en la Oficina de Prensa de la Santa Sede los actos que marcar\u00e1n el V Encuentro de Movimientos Populares (21-24 de octubre) y la Peregrinaci\u00f3n Jubilar (25-26 de &#8230;\n     <\/p>\n<p>Abuso e inhumanidad hacia los migrantes <\/p>\n<p>Problemas dram\u00e1ticos, empezando por el de los migrantes. \u00abLos Estados tienen el derecho y el deber de proteger sus fronteras, pero esto debe equilibrarse con la obligaci\u00f3n moral de brindar refugio\u00bb, afirma Le\u00f3n XIV. Condena el \u00ababuso de migrantes vulnerables\u00bb, en el que \u00abno estamos presenciando el ejercicio leg\u00edtimo de la soberan\u00eda nacional, sino graves cr\u00edmenes cometidos o tolerados por el Estado\u00bb.<\/p>\n<p>Se est\u00e1n tomando medidas cada vez m\u00e1s inhumanas \u2013incluso pol\u00edticamente celebradas\u2013 para tratar a estos \u201cindeseables\u201d como si fueran basura y no seres humanos.<\/p>\n<p>Necesidades primarias insatisfechas <\/p>\n<p>Con igual fuerza, Le\u00f3n XIV se\u00f1ala el impacto negativo del desarrollo tecnol\u00f3gico en la salud, la educaci\u00f3n, el empleo, el transporte, la urbanizaci\u00f3n, las comunicaciones, la seguridad y la defensa. En primer lugar, destaca la \u00abparadoja\u00bb de la falta de tierra, alimento, vivienda y trabajo para millones de personas, mientras que \u00ablos tel\u00e9fonos celulares,\u00a0las redes sociales\u00a0e incluso la inteligencia artificial est\u00e1n al alcance de millones\u00bb. Esto incluye a los pobres.<\/p>\n<p>Asegur\u00e9monos de que cuando se satisfagan necesidades m\u00e1s sofisticadas, no se descuiden las fundamentales.<\/p>\n<p>    <img decoding=\"async\" src=\"data:image\/gif;base64,R0lGODlhAQABAIAAAAAAAP\/\/\/yH5BAEAAAAALAAAAAABAAEAAAIBRAA7\" data-original=\"https:\/\/www.vaticannews.va\/content\/dam\/vaticannews\/agenzie\/images\/srv\/2025\/10\/23\/2025-10-23-partecipanti-all-incontro-mondiale-dei-movimenti-popo\/1761233382710.JPG\/_jcr_content\/renditions\/cq5dam.thumbnail.cropped.750.422.jpeg\" alt=\" Miembros de movimientos populares de todo el mundo recibidos por el Papa en el Vaticano \" title=\" Miembros de movimientos populares de todo el mundo recibidos por el Papa en el Vaticano \"\/><\/p>\n<p>\n    Miembros de movimientos populares de todo el mundo recibidos por el Papa en el Vaticano \u00a0 (@Vatican Media)\n  <\/p>\n<p>Crisis clim\u00e1tica y crisis \u201cvirtual\u201d <\/p>\n<p>En resumen, el Papa habla de una \u00abmala gesti\u00f3n\u00bb que \u00abgenera y acrecienta las desigualdades bajo la apariencia de progreso. Y al no situar la dignidad humana en el centro, el sistema tambi\u00e9n falla en la justicia\u00bb. Uno por uno, el Pont\u00edfice enumera los \u00abda\u00f1os colaterales\u00bb; en primer lugar, la crisis clim\u00e1tica, quiz\u00e1s el ejemplo m\u00e1s evidente con sus fen\u00f3menos meteorol\u00f3gicos extremos. \u00ab\u00bfQui\u00e9nes sufren m\u00e1s? Siempre los m\u00e1s pobres\u00bb. Tanto quienes ven \u00ablo poco que tienen\u00bb arrasado por el agua; como los \u00abcampesinos, agricultores y pueblos ind\u00edgenas\u00bb que pierden sus tierras, identidades y producci\u00f3n local debido a la \u00abdesertificaci\u00f3n\u00bb del territorio.<\/p>\n<p>Luego est\u00e1 la crisis alimentada por las redes sociales: \u00ab\u00bfC\u00f3mo puede un joven pobre vivir con esperanza y sin ansiedad cuando\u00a0las redes sociales\u00a0exaltan constantemente el consumo desenfrenado y un \u00e9xito econ\u00f3mico totalmente inalcanzable?\u00bb, pregunta el Papa. \u00bfY c\u00f3mo olvidar la adicci\u00f3n a los juegos de azar digitales, con plataformas dise\u00f1adas para crear \u00abdependencia compulsiva\u00bb y \u00abadicci\u00f3n\u00bb?<\/p>\n<p>\n   Discurso del Papa Le\u00f3n XIV en el idioma original (italiano)\n  <\/p>\n<p>La devastaci\u00f3n causada por las drogas antiguas y nuevas <\/p>\n<p>El Obispo de Roma no permanece en silencio, pues, ante la \u201cnovedad\u201d o, mejor dicho, la \u201cambig\u00fcedad\u201d de la industria farmac\u00e9utica.<\/p>\n<p>En la cultura actual, no sin la ayuda de ciertas campa\u00f1as publicitarias, se promueve una especie de culto al bienestar f\u00edsico, casi una idolatr\u00eda del cuerpo y, en esta visi\u00f3n, el misterio del dolor se interpreta de forma reductiva; esto tambi\u00e9n puede llevar a la dependencia de la ingesta de analg\u00e9sicos, cuya venta obviamente aumenta los beneficios de las propias productoras.<\/p>\n<p>En particular, el Papa mira a su tierra natal, Estados Unidos, devastada por la adicci\u00f3n a los opioides: \u00abConsideremos, por ejemplo ,\u00a0el fentanilo\u00a0, la droga de la muerte, la segunda causa principal de muerte entre los pobres de ese pa\u00eds\u00bb. \u00abLa proliferaci\u00f3n de nuevas drogas sint\u00e9ticas, cada vez m\u00e1s letales, no es solo un delito cometido por los narcotraficantes, sino una realidad relacionada con la producci\u00f3n de drogas y su lucro, carente de una \u00e9tica global\u00bb, enfatiza Le\u00f3n XIV.<\/p>\n<p>     <a href=\"https:\/\/www.vaticannews.va\/es\/vaticano\/news\/2025-10\/jubileo-movimientos-populares-mattia-ferrari-solidaridad.html\" title=\"Solidaridad organizada: el coraz\u00f3n de los Movimientos Populares\" rel=\"nofollow noopener\" target=\"_blank\"><\/p>\n<p>        <img decoding=\"async\" src=\"data:image\/gif;base64,R0lGODlhAQABAIAAAAAAAP\/\/\/yH5BAEAAAAALAAAAAABAAEAAAIBRAA7\" data-original=\"https:\/\/www.vaticannews.va\/content\/dam\/vaticannews\/multimedia\/2025\/ottobre\/20\/2025.10.20-P-Mattia-FerrariIMG_3215.jpg\/_jcr_content\/renditions\/cq5dam.thumbnail.cropped.500.281.jpeg\" alt=\"Solidaridad organizada: el coraz\u00f3n de los Movimientos Populares\"\/><\/p>\n<p>      <\/a><\/p>\n<p>\n      En vista del Jubileo de los Movimientos Populares, el padre Mattia Ferrari, capell\u00e1n de la ONG Mediterr\u00e1nea y coordinador del Encuentro Mundial de Movimientos Populares, subraya el &#8230;\n     <\/p>\n<p>Extracci\u00f3n de minerales en pa\u00edses pobres <\/p>\n<p>Y tambi\u00e9n critica el desarrollo de nuevas tecnolog\u00edas de la informaci\u00f3n y las telecomunicaciones basadas en la extracci\u00f3n de minerales del subsuelo de pa\u00edses pobres. El colt\u00e1n en la Rep\u00fablica Democr\u00e1tica del Congo, por nombrar solo un caso, cuya extracci\u00f3n \u00abdepende de la violencia paramilitar, el trabajo infantil y el desplazamiento de poblaci\u00f3n\u00bb. O el litio, el \u00aboro blanco\u00bb que alimenta la competencia entre grandes potencias y corporaciones y representa \u00abuna grave amenaza para la soberan\u00eda y la estabilidad de los estados pobres\u00bb, con empresarios y pol\u00edticos \u00abalardeando de promover golpes de Estado y otras formas de desestabilizaci\u00f3n pol\u00edtica\u00bb solo para apoderarse de \u00e9l.<\/p>\n<p>Poetas sociales <\/p>\n<p>El panorama es devastador, pero el Papa Le\u00f3n se siente alentado. Le anima ver c\u00f3mo los movimientos populares, la sociedad civil y la Iglesia se enfrentan a \u00abestas nuevas formas de deshumanizaci\u00f3n, testimoniando constantemente que quienes lo necesitan son nuestro pr\u00f3jimo, nuestros hermanos y hermanas\u00bb.\u00a0<\/p>\n<p>Esto os convierte en campeones de la humanidad, testigos de la justicia, poetas de la solidaridad.<\/p>\n<p>    <img decoding=\"async\" src=\"data:image\/gif;base64,R0lGODlhAQABAIAAAAAAAP\/\/\/yH5BAEAAAAALAAAAAABAAEAAAIBRAA7\" data-original=\"https:\/\/www.vaticannews.va\/content\/dam\/vaticannews\/agenzie\/images\/srv\/2025\/10\/23\/2025-10-23-partecipanti-all-incontro-mondiale-dei-movimenti-popo\/1761233975628.JPG\/_jcr_content\/renditions\/cq5dam.thumbnail.cropped.750.422.jpeg\" alt=\" El Papa saluda a una mujer, miembro de los Movimientos Populares \" title=\" El Papa saluda a una mujer, miembro de los Movimientos Populares \"\/><\/p>\n<p>\n    El Papa saluda a una mujer, miembro de los Movimientos Populares \u00a0 (@Vatican Media)\n  <\/p>\n<p>\u201cPoetas sociales\u201d, repite el Papa, \u201cconstructores de solidaridad en la diversidad\u201d.<\/p>\n<blockquote>\n<p>\u201cLa Iglesia debe estar con ustedes: una Iglesia pobre para los pobres, una Iglesia en salida, una Iglesia que se arriesga, una Iglesia valiente, prof\u00e9tica y alegre\u201d<\/p>\n<\/blockquote>\n<p>No ideolog\u00eda, sino Evangelio <\/p>\n<p>Lo importante es que el servicio est\u00e9 siempre inspirado por el amor, \u00abla mayor virtud de todas\u00bb. De hecho, afirma Robert Francis Prevost \u2014bas\u00e1ndose tambi\u00e9n en su experiencia misionera en Per\u00fa\u2014: \u00abCuando\u00a0se forman cooperativas y grupos de trabajo para alimentar a los hambrientos, albergar a los sin techo, rescatar a los n\u00e1ufragos, cuidar a los ni\u00f1os, crear empleos, acceder a tierras y construir viviendas, debemos recordar que no estamos participando en ideolog\u00edas, sino que estamos viviendo verdaderamente el Evangelio\u00bb. En el coraz\u00f3n del Evangelio se encuentra, de hecho, \u00abel mandamiento del amor\u00bb. Por eso, los movimientos populares, incluso antes de la exigencia de justicia, deben estar \u00abimpulsados \u200b\u200bpor el deseo de amor, contra todo individualismo y prejuicio\u00bb.<\/p>\n<p>Contrarrestar la \u00abglobalizaci\u00f3n de la impotencia\u00bb <\/p>\n<p>Todo esto, subraya el Papa, \u00abes un ant\u00eddoto contra la indiferencia estructural que se est\u00e1 extendiendo\u00bb. Si Francisco hablaba de una \u00abglobalizaci\u00f3n de la indiferencia\u00bb, Le\u00f3n XVI se refiere a una \u00abglobalizaci\u00f3n de la impotencia\u00bb. A esta debe contrarrestarse una \u00abcultura de la reconciliaci\u00f3n y el compromiso\u00bb.<\/p>\n<p>Los movimientos populares llenan este vac\u00edo creado por la falta de amor con el gran milagro de la solidaridad, fundada en el cuidado de los dem\u00e1s y en la reconciliaci\u00f3n.<\/p>\n<p>     <a href=\"https:\/\/www.vaticannews.va\/es\/vaticano\/news\/2025-10\/cartoneros-movimientos-populares-trabajo-dignidad-fratrnidad.html\" title=\"Movimientos Populares, los &quot;Cartoneros&quot; en Roma: la voz de los trabajadores invisibles\" rel=\"nofollow noopener\" target=\"_blank\"><\/p>\n<p>        <img decoding=\"async\" src=\"data:image\/gif;base64,R0lGODlhAQABAIAAAAAAAP\/\/\/yH5BAEAAAAALAAAAAABAAEAAAIBRAA7\" data-original=\"https:\/\/www.vaticannews.va\/content\/dam\/vaticannews\/multimedia\/2025\/ottobre\/22\/v1.jpg\/_jcr_content\/renditions\/cq5dam.thumbnail.cropped.500.281.jpeg\" alt=\"Movimientos Populares, los &quot;Cartoneros&quot; en Roma: la voz de los trabajadores invisibles\"\/><\/p>\n<p>      <\/a><\/p>\n<p>\n      \u201cNuestro trabajo es limpiar el medio ambiente y mejorar nuestra vida\u201d. Hombres y mujeres que viven en barrios perif\u00e9ricos y se ganan la vida recogiendo y vendiendo residuos &#8230;\n     <\/p>\n<p>Vista desde los suburbios <\/p>\n<p>Le\u00f3n XIV anima entonces al trabajo y la acci\u00f3n: \u00abHoy quisiera explorar con ustedes &#8216;cosas nuevas&#8217;, empezando por las periferias\u00bb. Porque desde las periferias, \u00ablas cosas parecen diferentes\u00bb, mientras que \u00abdesde el centro, hay poca conciencia de los problemas que afectan a los excluidos, y cuando se discuten en los debates pol\u00edticos y econ\u00f3micos, da la impresi\u00f3n de que se trata de\u00a0algo secundario\u00bb. \u00abLas periferias a menudo claman justicia, y\u00a0ustedes claman no &#8216;por desesperaci\u00f3n&#8217;, sino &#8216;por deseo&#8217;\u00bb, a\u00f1ade el Pont\u00edfice. \u00abEl suyo es un clamor por buscar soluciones en una sociedad dominada por sistemas injustos. Y no lo hacen con microprocesadores ni biotecnolog\u00eda, sino en el nivel m\u00e1s b\u00e1sico, con la belleza de la artesan\u00eda\u00bb.<\/p>\n<p>\u201cY esto es poes\u00eda\u2026\u201d<\/p>\n<p>    <img decoding=\"async\" src=\"data:image\/gif;base64,R0lGODlhAQABAIAAAAAAAP\/\/\/yH5BAEAAAAALAAAAAABAAEAAAIBRAA7\" data-original=\"https:\/\/www.vaticannews.va\/content\/dam\/vaticannews\/agenzie\/images\/srv\/2025\/10\/23\/2025-10-23-partecipanti-all-incontro-mondiale-dei-movimenti-popo\/1761233362645.JPG\/_jcr_content\/renditions\/cq5dam.thumbnail.cropped.750.422.jpeg\" alt=\"Regalos al Pont\u00edfice \" title=\"Regalos al Pont\u00edfice \"\/><\/p>\n<p>\n   Regalos al Pont\u00edfice \u00a0 (@Vatican Media)\n  <\/p>\n<p>Vac\u00edo \u00e9tico <\/p>\n<p>M\u00e1s all\u00e1 de todo esto, nos enfrentamos a un vac\u00edo \u00e9tico creado por la crisis de los sindicatos del siglo XX, cada vez m\u00e1s reducidos, y por los sistemas de seguridad social que han hecho a los pobres a\u00fan m\u00e1s vulnerables y desprotegidos. \u00abLas instituciones sociales del pasado no eran perfectas, pero al eliminar gran parte de ellas y adornar lo que queda con leyes ineficaces y tratados incumplidos, el sistema hace a los seres humanos m\u00e1s vulnerables que antes\u00bb, se\u00f1ala el Papa. Por lo tanto, los movimientos populares, junto con los creyentes y los gobiernos, \u00abest\u00e1n llamados urgentemente a llenar ese vac\u00edo, iniciando procesos de justicia y solidaridad que se extiendan a toda la sociedad\u00bb.<\/p>\n<p>La iglesia de al lado <\/p>\n<p>\u201cAs\u00ed como la Iglesia apoy\u00f3 en el pasado la formaci\u00f3n de sindicatos, hoy debemos apoyar los movimientos populares\u201d, asegura el Sucesor de Pedro.<\/p>\n<p>La Iglesia apoya sus justas luchas por la tierra, la vivienda y el trabajo. Al igual que mi predecesor Francisco, creo que los caminos correctos empiezan desde abajo y de la periferia hacia el centro. Sus numerosas y creativas iniciativas pueden transformarse en nuevas pol\u00edticas p\u00fablicas y derechos sociales.<\/p>\n","protected":false},"excerpt":{"rendered":"Le\u00f3n XIV recibe a los movimientos populares reunidos en Roma para el Quinto Encuentro Internacional y la Peregrinaci\u00f3n&hellip;\n","protected":false},"author":2,"featured_media":199314,"comment_status":"","ping_status":"","sticky":false,"template":"","format":"standard","meta":{"footnotes":""},"categories":[42],"tags":[436,17,18,1295,13,14,11,12034,136,61,62,63,64,19,20,14066,9,10,15,16,399,54952,400,8375,952,12631,14100,12,21,22,65,66,67],"class_list":{"0":"post-199313","1":"post","2":"type-post","3":"status-publish","4":"format-standard","5":"has-post-thumbnail","7":"category-internacional","8":"tag-jubileo2025","9":"tag-breaking-news","10":"tag-breakingnews","11":"tag-cambio-climatico","12":"tag-featured-news","13":"tag-featurednews","14":"tag-headlines","15":"tag-iglesia","16":"tag-inteligencia-artificial","17":"tag-internacional","18":"tag-international","19":"tag-international-news","20":"tag-internationalnews","21":"tag-latest-news","22":"tag-latestnews","23":"tag-migrantes-y-refugiados","24":"tag-news","25":"tag-noticias","26":"tag-noticias-destacadas","27":"tag-noticiasdestacadas","28":"tag-papa-francisco","29":"tag-papa-leon-xiii","30":"tag-papa-leon-xiv","31":"tag-pobreza","32":"tag-politica","33":"tag-santa-sede","34":"tag-solidaridad","35":"tag-titulares","36":"tag-ultimas-noticias","37":"tag-ultimasnoticias","38":"tag-world","39":"tag-world-news","40":"tag-worldnews"},"share_on_mastodon":{"url":"","error":"Validation failed: Text character limit of 500 exceeded"},"_links":{"self":[{"href":"https:\/\/www.europesays.com\/es\/wp-json\/wp\/v2\/posts\/199313","targetHints":{"allow":["GET"]}}],"collection":[{"href":"https:\/\/www.europesays.com\/es\/wp-json\/wp\/v2\/posts"}],"about":[{"href":"https:\/\/www.europesays.com\/es\/wp-json\/wp\/v2\/types\/post"}],"author":[{"embeddable":true,"href":"https:\/\/www.europesays.com\/es\/wp-json\/wp\/v2\/users\/2"}],"replies":[{"embeddable":true,"href":"https:\/\/www.europesays.com\/es\/wp-json\/wp\/v2\/comments?post=199313"}],"version-history":[{"count":0,"href":"https:\/\/www.europesays.com\/es\/wp-json\/wp\/v2\/posts\/199313\/revisions"}],"wp:featuredmedia":[{"embeddable":true,"href":"https:\/\/www.europesays.com\/es\/wp-json\/wp\/v2\/media\/199314"}],"wp:attachment":[{"href":"https:\/\/www.europesays.com\/es\/wp-json\/wp\/v2\/media?parent=199313"}],"wp:term":[{"taxonomy":"category","embeddable":true,"href":"https:\/\/www.europesays.com\/es\/wp-json\/wp\/v2\/categories?post=199313"},{"taxonomy":"post_tag","embeddable":true,"href":"https:\/\/www.europesays.com\/es\/wp-json\/wp\/v2\/tags?post=199313"}],"curies":[{"name":"wp","href":"https:\/\/api.w.org\/{rel}","templated":true}]}}