{"id":199315,"date":"2025-10-25T00:16:11","date_gmt":"2025-10-25T00:16:11","guid":{"rendered":"https:\/\/www.europesays.com\/es\/199315\/"},"modified":"2025-10-25T00:16:11","modified_gmt":"2025-10-25T00:16:11","slug":"cruce-de-insultos-y-simbologia-franquista-en-el-acto-de-vito-quiles-en-malaga","status":"publish","type":"post","link":"https:\/\/www.europesays.com\/es\/199315\/","title":{"rendered":"Cruce de insultos y simbolog\u00eda franquista en el acto de Vito Quiles en M\u00e1laga"},"content":{"rendered":"<p>La tercera y \u00faltima parada en Andaluc\u00eda de la gira que Vito Quiles est\u00e1 realizando bajo el t\u00edtulo &#8216;Espa\u00f1a combativa. Periodismo cr\u00edtico y comunicaci\u00f3n pol\u00edtica&#8217;  &#8230; tuvo este viernes M\u00e1laga como parada tras haber pasado por Granada y Sevilla y antes de proseguir por otras ciudades espa\u00f1olas. Aunque la conferencia que el periodista iba a dar en la Facultad de Derecho no fue autorizada por la Universidad de M\u00e1laga (UMA), partidarios y detractores se concentraron a las puertas del centro durante dos horas y media, donde hubo cruce de insultos y se exhibi\u00f3 simbolog\u00eda franquista. <\/p>\n<p class=\"v-p\">El amplio despliegue policial (hubo una docena de furgonetas y varias decenas de agentes de la Polic\u00eda Nacional) que vall\u00f3 las escaleras y las zonas de acceso a la facultad -que permaneci\u00f3 cerrada- ha evitado que se produjeran incidentes antes, durante y despu\u00e9s de la presencia de Quiles. <\/p>\n<p class=\"v-p\">Una hora antes de las seis de la tarde han empezado a congregarse los partidarios de Quiles -fueron mayoritarios, con varios centenares de asistentes, donde predominaron los varones y un gran n\u00famero de j\u00f3venes- y los detractores, que sumaron entorno al centenar de participantes. Ambos grupos se han situado a ambos lados de la entrada principal de la facultad, frente a frente, en espacios acotados con vallas y controlados por los polic\u00edas. <\/p>\n<p><img decoding=\"async\" loading=\"lazy\" src=\"https:\/\/www.europesays.com\/es\/wp-content\/uploads\/2025\/10\/bandera fascista-U57578080816dsw-748x524@Diario Sur.jpg\" class=\"v-a-img\" width=\"748\" height=\"524\" alt=\"Bandera franquista exhibida por uno de los afines a Quiles antes de la llegada del periodista.\" data-voc-vtm-id=\"in-text-traffic\"\/><\/p>\n<p>Bandera franquista exhibida por uno de los afines a Quiles antes de la llegada del periodista.<\/p>\n<p>salvador salas<\/p>\n<p><img loading=\"lazy\" decoding=\"async\" src=\"https:\/\/www.europesays.com\/es\/wp-content\/uploads\/2025\/10\/bandera fascista-U57578080816dsw-748x524@Diario Sur.jpg\" class=\"v-mdl__img-z\" width=\"748\" height=\"524\" alt=\"\"\/><\/p>\n<p class=\"v-p\">Durante la espera se sucedieron los c\u00e1nticos, meg\u00e1fono en mano, de ambos grupos con consignas e insultos mutuos. Los afines a Quiles han descalificado a los partidos de izquierda y al presidente del Gobierno, han coreado frases como &#8216;Rojo el que no vote&#8217;, &#8216;Rojo muerto, abono para mi huerto&#8217;, &#8216;La sede del PSOE es un puticlub&#8217; o &#8216;Vito Quiles, orgullo nacional&#8217; y han exhibido banderas espa\u00f1olas, entre ellas una franquista y otras donde hab\u00edan quitado el escudo constitucional, ense\u00f1as de Borgo\u00f1a y han entonado, ante de la llegada del periodista, estrofas del &#8216;Cara al sol&#8217; y alg\u00fan grito de &#8216;Franco, Franco&#8217; y a favor de Jos\u00e9 Antonio Primo de Rivera. <\/p>\n<p class=\"v-p\">Por su parte, lo detractores han lamentado en sus consignas que la madre de Santiago Abascal no hubiera abortado, han invitado a los afines a Quiles a \u00ababrir un libro de historia\u00bb y han coreado frases como \u00abVerg\u00fcenza me dar\u00eda ser ultraderechista\u00bb, \u00abM\u00e1laga ser\u00e1 la tumba del fascismo\u00bb, \u00abFuera fascistas de la universidad\u00bb, \u00abVito, acaba la carrera\u00bb o \u00abVito, fascista, t\u00fa no eres periodista\u00bb.<\/p>\n<p>Su llegada se hizo esperar<\/p>\n<p class=\"v-p\">La llegada de Vito Quiles se ha hecho esperar ya que ha comparecido, rodeado de cinco guardaespaldas y con una bandera espa\u00f1ola constitucional al cuello, a las 18.36. Tras acercarse a la zona donde estaban sus detractores, a los que ha dirigido algunos gestos, se ha marchado hacia donde estaban sus partidarios, que le han recibido con v\u00edtores.<\/p>\n<p class=\"v-p\">Quiles se ha subido a un peque\u00f1o escal\u00f3n para, meg\u00e1fono en mano, lanzar una arenga a los suyos donde, tras calificar como \u00abcuatro gatos\u00bb a los detractores presentes, ha arremetido contra el rector de la UMA, Teodomiro L\u00f3pez, por no autorizar su conferencia y se ha referido a \u00e9l como \u00abmiserable y mafioso\u00bb, ha atacado al Gobierno y a la izquierda y ha reivindicado a la juventud como \u00abel futuro de Espa\u00f1a\u00bb. \u00abVamos a arrasar. El futuro pertenece a los patriotas, no a los comunistas\u00bb, ha asegurado. <\/p>\n<p class=\"v-p\">Treinta y ocho minutos despu\u00e9s de su llegada, a las 19.17 horas, Quiles ha abandonado, escoltado y haci\u00e9ndose &#8216;selfies&#8217; con sus afines, la explanada que da acceso a la Facultad de Derecho, al igual que hac\u00edan sus partidarios. La polic\u00eda aguard\u00f3 a que \u00e9stos se hubieran dispersados para autorizar la salida de los detractores del periodista para evitar altercados. <\/p>\n<p><img decoding=\"async\" loading=\"lazy\" src=\"https:\/\/www.europesays.com\/es\/wp-content\/uploads\/2025\/10\/grupos-U10741363527WTP-748x524@Diario Sur.jpg\" class=\"v-a-img\" width=\"748\" height=\"524\" alt=\"Los dos grupos, separados por el dispositivo policial.\" data-voc-vtm-id=\"in-text-traffic\"\/><\/p>\n<p>Los dos grupos, separados por el dispositivo policial.<\/p>\n<p>salvador salas<\/p>\n<p><img loading=\"lazy\" decoding=\"async\" src=\"https:\/\/www.europesays.com\/es\/wp-content\/uploads\/2025\/10\/grupos-U10741363527WTP-748x524@Diario Sur.jpg\" class=\"v-mdl__img-z\" width=\"748\" height=\"524\" alt=\"\"\/><\/p>\n<p class=\"v-p\">Antes de la celebraci\u00f3n del evento, la UMA ha emitido un comunicado donde argumentaba la negativa a que tuviera lugar la conferencia en Derecho -promovida por la asociaci\u00f3n &#8216;Students for Liberty M\u00e1laga&#8217;- en que no cumpl\u00eda con los criterios que se requiere para la celebraci\u00f3n de estos eventos en las instalaciones universitarias en cuanto a transparencia, la pertinencia \u00abavalada por nuestros centros o departamentos\u00bb y prever medidas garanticen la seguridad y la convivencia universitaria. <\/p>\n<p class=\"v-p\">La universidad record\u00f3, asimismo, que de acuerdo a su normativa la UMA debe garantizar que los espacios universitarios se reserven para iniciativas con fines acad\u00e9micos, cient\u00edficos, culturales o sociales, preservando la neutralidad institucional, el respeto a la diversidad de pensamiento y la convivencia dentro de la comunidad universitaria. <\/p>\n","protected":false},"excerpt":{"rendered":"La tercera y \u00faltima parada en Andaluc\u00eda de la gira que Vito Quiles est\u00e1 realizando bajo el t\u00edtulo&hellip;\n","protected":false},"author":2,"featured_media":199316,"comment_status":"","ping_status":"","sticky":false,"template":"","format":"standard","meta":{"footnotes":""},"categories":[8],"tags":[10357,17,18,20433,25,24,13,14,45302,11,20348,19,20,3855,9,10,15,16,54954,54953,23,12,21,22,23236],"class_list":{"0":"post-199315","1":"post","2":"type-post","3":"status-publish","4":"format-standard","5":"has-post-thumbnail","7":"category-espana","8":"tag-acto","9":"tag-breaking-news","10":"tag-breakingnews","11":"tag-cruce","12":"tag-es","13":"tag-espana","14":"tag-featured-news","15":"tag-featurednews","16":"tag-franquista","17":"tag-headlines","18":"tag-insultos","19":"tag-latest-news","20":"tag-latestnews","21":"tag-malaga","22":"tag-news","23":"tag-noticias","24":"tag-noticias-destacadas","25":"tag-noticiasdestacadas","26":"tag-quiles","27":"tag-simbologia","28":"tag-spain","29":"tag-titulares","30":"tag-ultimas-noticias","31":"tag-ultimasnoticias","32":"tag-vito"},"share_on_mastodon":{"url":"https:\/\/pubeurope.com\/@es\/115431931825464495","error":""},"_links":{"self":[{"href":"https:\/\/www.europesays.com\/es\/wp-json\/wp\/v2\/posts\/199315","targetHints":{"allow":["GET"]}}],"collection":[{"href":"https:\/\/www.europesays.com\/es\/wp-json\/wp\/v2\/posts"}],"about":[{"href":"https:\/\/www.europesays.com\/es\/wp-json\/wp\/v2\/types\/post"}],"author":[{"embeddable":true,"href":"https:\/\/www.europesays.com\/es\/wp-json\/wp\/v2\/users\/2"}],"replies":[{"embeddable":true,"href":"https:\/\/www.europesays.com\/es\/wp-json\/wp\/v2\/comments?post=199315"}],"version-history":[{"count":0,"href":"https:\/\/www.europesays.com\/es\/wp-json\/wp\/v2\/posts\/199315\/revisions"}],"wp:featuredmedia":[{"embeddable":true,"href":"https:\/\/www.europesays.com\/es\/wp-json\/wp\/v2\/media\/199316"}],"wp:attachment":[{"href":"https:\/\/www.europesays.com\/es\/wp-json\/wp\/v2\/media?parent=199315"}],"wp:term":[{"taxonomy":"category","embeddable":true,"href":"https:\/\/www.europesays.com\/es\/wp-json\/wp\/v2\/categories?post=199315"},{"taxonomy":"post_tag","embeddable":true,"href":"https:\/\/www.europesays.com\/es\/wp-json\/wp\/v2\/tags?post=199315"}],"curies":[{"name":"wp","href":"https:\/\/api.w.org\/{rel}","templated":true}]}}