{"id":199319,"date":"2025-10-25T00:23:42","date_gmt":"2025-10-25T00:23:42","guid":{"rendered":"https:\/\/www.europesays.com\/es\/199319\/"},"modified":"2025-10-25T00:23:42","modified_gmt":"2025-10-25T00:23:42","slug":"cesar-macias-joven-promesa-del-ciclismo-mexicano-ficha-por-el-burgos-burpellet-bh-ciclismo","status":"publish","type":"post","link":"https:\/\/www.europesays.com\/es\/199319\/","title":{"rendered":"C\u00e9sar Mac\u00edas, joven promesa del ciclismo mexicano, ficha por el Burgos-Burpellet-BH &#8211; Ciclismo"},"content":{"rendered":"<ol>\n<li><a href=\"https:\/\/news.google.com\/rss\/articles\/CBMiakFVX3lxTE1UaHd0UE9nMnNNLVE0bWZYZm13ZnFFZUI2UEc0VkZQc0FaOXdFQXl0a09yenk3aC1vMHp3NVlQMXhPU0JjVzk2clU5NHJtVGNkc1BnSHNsQzkzQkVGQmVPa1Q4UUU0aGZ0QkE?oc=5\" target=\"_blank\" rel=\"nofollow noopener\">C\u00e9sar Mac\u00edas, joven promesa del ciclismo mexicano, ficha por el Burgos-Burpellet-BH<\/a>&nbsp;&nbsp;Ciclismo<\/li>\n<li><a href=\"https:\/\/news.google.com\/rss\/articles\/CBMinwFBVV95cUxOX0dkSEdTUnNuSTZjOFBHS3ZFNVZpd0dObktJSGdsVXVjcThTSlF1YVZ1NHA4cWxlQjY5TW5RVHAtaENWcDhQLVlMTEZsc0Etamh4YmlWSy1kaXZtSDFwWFB2MVFYWS1JREVNLVdLRjFsbGpmckVjNTI4M0VZZHJWU3BoNVRxMEJqSFdCTnNSZV9GeU1FU0pvN0FkWkZOeGPSAZ8BQVVfeXFMTmotS1JXQWpkTWg1RVJtLUw0RGdpS3ZaZzdIV09WQzVuQ1Q0a2dDUktOMzdXYXI5eWVraFgtV1hTeUJHcnowMURtTTZBY3RDTG0yTHdIRXF6SHU5a1ZzQkdhR2VCYTRGN3ZOSk5kMEgwSU5hZ1JGUFVuOUh4MWVUQ0RMZzUwTVViN1BsVndHSENCMmdCclBrR1BPdEphZ1M4?oc=5\" target=\"_blank\" rel=\"nofollow noopener\">C\u00e9sar Mac\u00edas, velocidad y juventud para el Burgos Burpellet BH<\/a>&nbsp;&nbsp;MARCA<\/li>\n<li><a href=\"https:\/\/news.google.com\/rss\/articles\/CBMitgFBVV95cUxNb3BYQi1zb2Vwb24tUjZfQmExNkdZcW5PelpkdHY2WmlubjdzbnoyOXdDR1lPWlBVYW83MUp0dTY0dWZFbkZQVm1CVjZ1TFpaQU4zcDRKVDQwQVZDY3hIbEtVamt1UnM5NlZnOGR6SkI5OUg4dzctN1ZyT3h4RmIwbHdSdC1xbDVIZ1VuSmNJcklZcVZWc0R6bGt6clJMYmlka2g0OWdXX2dTNEQ3dlJwbWV5X0xZZw?oc=5\" target=\"_blank\" rel=\"nofollow noopener\">\u00a1M\u00e9xico est\u00e1 de moda y no s\u00f3lo con Isaac del Toro! Ojo al fichaje del equipo Burgos<\/a>&nbsp;&nbsp;Ciclismoaldia.es<\/li>\n<li><a href=\"https:\/\/news.google.com\/rss\/articles\/CBMiywFBVV95cUxNRU5GUE5aa3BvMmJXSi1pNFNwSGtURWhxOXh3Y1VISUphYU5qdWJWN24wN0tuczBqZlBMYzZFWGNmU0M3R0pjaXhBdGNFSlgxdlpDdVllZDVGR0p4SlVXdUdZM1RIelp1RTdZVU0xcUc3Y19vTmJaclhyZ2pBRDZFdFpEbUtaQkNJY0FvVWtsaTI3TUlnbDUtcFQtN3lYaURPTzVTWmp6Z2NFNHNoSUlkbWRqcGo3Z1ZyVnd2Q1pRZEVwLXl6NUY0Z0lna9IB0AFBVV95cUxONEw0bzJ0Y09oQUZsbzFIbjhEeTM5U3gwTWJ3TkpsOVVWcWNVaFVMcUJqMTRIdEVrdjUycF9LVU1kbVdrcXRsQlJfSk5YVTRBbUFFOFkzTjEtNWRLWFlKZTJPM3dQVVZBZ3VFUVVuMjdPYnZCTjcyRTZncXVLQnNGNGpsQ3YzQlRxTTJoeGIyTGI4dVAzcVlsNmRSWF9UbW1LUVpnbmJRQXRNcW5tamlLWXdEOHVZNDZhMnpTbnBtaHRSSk1WVTBkeWdNd2UtbGNR?oc=5\" target=\"_blank\" rel=\"nofollow noopener\">El joven mexicano C\u00e9sar Mac\u00edas refuerza el bloque de sprint del Burgos Burpellet BH<\/a>&nbsp;&nbsp;El Correo de Burgos<\/li>\n<li><a href=\"https:\/\/news.google.com\/rss\/articles\/CBMiYkFVX3lxTFBYWVFhRFVwSWhTWDlHWlFnMFRWSU5ETWRuU2pvNmw1YzdaVkJSTXBkLVVPVGF5cC1QNzV2VGVrNmx4NW83aFlYbmItUnVvR0R1LTJ4SjB6Z0hrWmVEa3g1WDZB?oc=5\" target=\"_blank\" rel=\"nofollow noopener\">Mercado fichajes 2026: El mexicano Mac\u00edas, al Burgos<\/a>&nbsp;&nbsp;Ciclo21<\/li>\n<\/ol>\n","protected":false},"excerpt":{"rendered":"C\u00e9sar Mac\u00edas, joven promesa del ciclismo mexicano, ficha por el Burgos-Burpellet-BH&nbsp;&nbsp;Ciclismo C\u00e9sar Mac\u00edas, velocidad y juventud para el&hellip;\n","protected":false},"author":2,"featured_media":199320,"comment_status":"","ping_status":"","sticky":false,"template":"","format":"standard","meta":{"footnotes":""},"categories":[273],"tags":[10919,313,1757,312,168,158,25,24,10764,23,167],"class_list":{"0":"post-199319","1":"post","2":"type-post","3":"status-publish","4":"format-standard","5":"has-post-thumbnail","7":"category-ciclismo","8":"tag-cesar","9":"tag-ciclismo","10":"tag-ciclista","11":"tag-cycling","12":"tag-deportes","13":"tag-el","14":"tag-es","15":"tag-espana","16":"tag-mexicano","17":"tag-spain","18":"tag-sports"},"share_on_mastodon":{"url":"https:\/\/pubeurope.com\/@es\/115431958290416720","error":""},"_links":{"self":[{"href":"https:\/\/www.europesays.com\/es\/wp-json\/wp\/v2\/posts\/199319","targetHints":{"allow":["GET"]}}],"collection":[{"href":"https:\/\/www.europesays.com\/es\/wp-json\/wp\/v2\/posts"}],"about":[{"href":"https:\/\/www.europesays.com\/es\/wp-json\/wp\/v2\/types\/post"}],"author":[{"embeddable":true,"href":"https:\/\/www.europesays.com\/es\/wp-json\/wp\/v2\/users\/2"}],"replies":[{"embeddable":true,"href":"https:\/\/www.europesays.com\/es\/wp-json\/wp\/v2\/comments?post=199319"}],"version-history":[{"count":0,"href":"https:\/\/www.europesays.com\/es\/wp-json\/wp\/v2\/posts\/199319\/revisions"}],"wp:featuredmedia":[{"embeddable":true,"href":"https:\/\/www.europesays.com\/es\/wp-json\/wp\/v2\/media\/199320"}],"wp:attachment":[{"href":"https:\/\/www.europesays.com\/es\/wp-json\/wp\/v2\/media?parent=199319"}],"wp:term":[{"taxonomy":"category","embeddable":true,"href":"https:\/\/www.europesays.com\/es\/wp-json\/wp\/v2\/categories?post=199319"},{"taxonomy":"post_tag","embeddable":true,"href":"https:\/\/www.europesays.com\/es\/wp-json\/wp\/v2\/tags?post=199319"}],"curies":[{"name":"wp","href":"https:\/\/api.w.org\/{rel}","templated":true}]}}