{"id":199321,"date":"2025-10-25T00:25:50","date_gmt":"2025-10-25T00:25:50","guid":{"rendered":"https:\/\/www.europesays.com\/es\/199321\/"},"modified":"2025-10-25T00:25:50","modified_gmt":"2025-10-25T00:25:50","slug":"solo-el-aplomo-de-joksimovic-acompana-a-la-inspiracion-de-cabarrot","status":"publish","type":"post","link":"https:\/\/www.europesays.com\/es\/199321\/","title":{"rendered":"Solo el aplomo de Joksimovic acompa\u00f1a a la inspiraci\u00f3n de Cabarrot"},"content":{"rendered":"<p>La disputa del Eurobasket sub&#8217;18 el pasado verano en Belgrado ha deparado varias reivindicaciones patrias en torno a la figura de Stefan Joksimovic. Los  &#8230; seguidores serbios no pierden la ocasi\u00f3n en cada publicaci\u00f3n de una buena acci\u00f3n en redes sociales del adolescente azulgrana, de todav\u00eda 16 a\u00f1os, para recordar que naci\u00f3 en su pa\u00eds y no en Eslovenia. El Hemofarm de Vrsac venci\u00f3 al Buducnost en la noche del 15 de noviembre de 2008, con 9 puntos de Nebojsa Joksimovic, ex del Estrella Roja, que horas m\u00e1s tarde acunaba por primera vez a su hijo Stefan. <\/p>\n<p class=\"v-p\">El padre hizo carrera en los Balcanes hasta retirarse en 2017, aunque su hijo se crio en Eslovenia y comenz\u00f3 a despuntar con el Ilirija Ljubljana hasta recalar en el Baskonia en 2023. Su agente es el exjugador esloveno Sa\u0161a Zagorac y para terminar de revelar de d\u00f3nde se siente, este a\u00f1o porta el dorsal 77. El de Luka Doncic. En su tercera temporada en Vitoria, la que le convertir\u00e1 en cupo de formaci\u00f3n, parece uno de los pocos motivos que avivan la llama de las esperanzas en el conjunto vitoriano. Pese a su edad, Galbiati no renuncia a dar minutos de calidad a un jugador en edad juvenil que no deja de asombrar a cada paso que da en la pista.<\/p>\n<p class=\"v-p\">El debut de la primera jornada que le convirti\u00f3 en el jugador m\u00e1s joven en debutar en la Euroliga con la camiseta del Baskonia no fue una mera an\u00e9cdota pese a que s\u00f3lo estuviera un segundo sobre la pista. Su pretemporada ya dej\u00f3 entrever que estaba a punto de derribar la puerta del primer equipo y con el paso de las semanas y las lesiones en la cuerda exterior, el internacional sub&#8217;18 esloveno se abre paso en los quintetos. 15 minutos ante el Granada y 14 ayer, con sus primeros puntos en la m\u00e1xima competici\u00f3n continental con un descaro insolente. Fint\u00f3 el triple en la esquina y se fue directo al aro para dejar una bandeja con su mano izquierda. En el segundo cuarto, coloc\u00f3 el 36-40 con un triple lanzado tras recibir de saque de fondo. Y eso que la mec\u00e1nica de tiro parece ser una faceta con margen de mejora.<\/p>\n<p class=\"v-p\">Una p\u00e9rdida de bal\u00f3n antes de cruzar al campo rival fue el \u00fanico error rese\u00f1able cometido por un joven talentoso que tambi\u00e9n demuestra saber lo que le toca hacer en estos momentos. No hace nada que no le corresponda por su rol. Una de sus mayores habilidades es driblar, pero apenas ha echado el bal\u00f3n al suelo ni ha encarado a\u00fan a sus rivales. Con 16 a\u00f1os, la templanza y la madurez parecen ser mejores virtudes que la calidad individual que tambi\u00e9n atesora. Juega siempre serio, concentrado, sin ruborizarse ni ante las c\u00e1maras ni ante los rivales. <\/p>\n<p class=\"v-p\">El adolescente parece ser el \u00fanico llamado a cambiar el humor de los aficionados del Baskonia en este inicio de curso en el que tambi\u00e9n destaca la inspiraci\u00f3n de Cabarrot. El galo juega con esa confianza que traen consigo los jugadores que acuden en verano con la selecci\u00f3n francesa. A Yabusele le vali\u00f3 para irse a la NBA como un sexto hombre de garant\u00edas. Con el alero azulgrana, quiz\u00e1s, para ser el l\u00edder en ataque y en defensa que deseaba ser cuando lleg\u00f3 a Vitoria el verano anterior. Abronc\u00f3 de sobremanera a Joksimovic en el \u00faltimo cuarto, fruto de las frustraci\u00f3n, tras un desajuste colectivo en el que \u00e9l tambi\u00e9n qued\u00f3 se\u00f1alado.<\/p>\n<p class=\"v-p\">Consolidado como uno de los m\u00e1ximos anotadores de la Euroliga en estas seis jornadas (20 puntos de media, 50% en triples), volvi\u00f3 a echarse el equipo a la espalda en el fat\u00eddico tercer cuarto. 24 horas antes, Sasa Obradovic hab\u00eda declarado que perder no era una opci\u00f3n para el Estrella Roja y as\u00ed fue. Ni siquiera con el llamamiento al karma los azulgranas tuvieron algo m\u00e1s que echarse a la boca que la ilusi\u00f3n de Joksimovic, la finura de Cabarrot y un buen debut de Kobi Simmons. \u00abTuvo un buen inicio. Dej\u00f3 una gran impresi\u00f3n\u00bb, expres\u00f3 Galbiati sobre el flamante fichaje.<\/p>\n","protected":false},"excerpt":{"rendered":"La disputa del Eurobasket sub&#8217;18 el pasado verano en Belgrado ha deparado varias reivindicaciones patrias en torno a&hellip;\n","protected":false},"author":2,"featured_media":199322,"comment_status":"","ping_status":"","sticky":false,"template":"","format":"standard","meta":{"footnotes":""},"categories":[269],"tags":[54955,299,298,42783,54956,168,25,24,10432,8235,1138,23,167],"class_list":{"0":"post-199321","1":"post","2":"type-post","3":"status-publish","4":"format-standard","5":"has-post-thumbnail","7":"category-baloncesto","8":"tag-aplomo","9":"tag-baloncesto","10":"tag-basketball","11":"tag-cabarrot","12":"tag-colabora","13":"tag-deportes","14":"tag-es","15":"tag-espana","16":"tag-inspiracion","17":"tag-joksimovic","18":"tag-solo","19":"tag-spain","20":"tag-sports"},"share_on_mastodon":{"url":"https:\/\/pubeurope.com\/@es\/115431970128053996","error":""},"_links":{"self":[{"href":"https:\/\/www.europesays.com\/es\/wp-json\/wp\/v2\/posts\/199321","targetHints":{"allow":["GET"]}}],"collection":[{"href":"https:\/\/www.europesays.com\/es\/wp-json\/wp\/v2\/posts"}],"about":[{"href":"https:\/\/www.europesays.com\/es\/wp-json\/wp\/v2\/types\/post"}],"author":[{"embeddable":true,"href":"https:\/\/www.europesays.com\/es\/wp-json\/wp\/v2\/users\/2"}],"replies":[{"embeddable":true,"href":"https:\/\/www.europesays.com\/es\/wp-json\/wp\/v2\/comments?post=199321"}],"version-history":[{"count":0,"href":"https:\/\/www.europesays.com\/es\/wp-json\/wp\/v2\/posts\/199321\/revisions"}],"wp:featuredmedia":[{"embeddable":true,"href":"https:\/\/www.europesays.com\/es\/wp-json\/wp\/v2\/media\/199322"}],"wp:attachment":[{"href":"https:\/\/www.europesays.com\/es\/wp-json\/wp\/v2\/media?parent=199321"}],"wp:term":[{"taxonomy":"category","embeddable":true,"href":"https:\/\/www.europesays.com\/es\/wp-json\/wp\/v2\/categories?post=199321"},{"taxonomy":"post_tag","embeddable":true,"href":"https:\/\/www.europesays.com\/es\/wp-json\/wp\/v2\/tags?post=199321"}],"curies":[{"name":"wp","href":"https:\/\/api.w.org\/{rel}","templated":true}]}}