{"id":199325,"date":"2025-10-25T00:28:11","date_gmt":"2025-10-25T00:28:11","guid":{"rendered":"https:\/\/www.europesays.com\/es\/199325\/"},"modified":"2025-10-25T00:28:11","modified_gmt":"2025-10-25T00:28:11","slug":"irene-rosales-comparte-la-primera-foto-junto-a-guillermo-su-nueva-ilusion","status":"publish","type":"post","link":"https:\/\/www.europesays.com\/es\/199325\/","title":{"rendered":"Irene Rosales comparte la primera foto junto a Guillermo, su nueva ilusi\u00f3n"},"content":{"rendered":"<p id=\"ePFLxuLKyO\" data-wc=\"94\">Hace tan solo dos meses, Irene Rosales y Kiko Rivera anunciaban su separaci\u00f3n tras dos a\u00f1os de relaci\u00f3n y dos hijas en com\u00fan. Unas semanas despu\u00e9s del anuncio de la ruptura la modelo fue fotografiada junto a Guillermo, un empresario sevillano y antiguo conocido suyo. Aunque ambos procuran pasar desapercibidos y se muestran muy comedidos tanto en sus declaraciones como en sus apariciones juntos, este viernes la ex pareja de Kiko Rivera ha dado el paso y ha compartido en sus redes sociales la primera foto junto a Guillermo, su nuevo motivo de felicidad.<\/p>\n<p> <img src=\"https:\/\/www.europesays.com\/es\/wp-content\/uploads\/2025\/10\/6b5f7767a0af-2025-10-2419-12-17.png\"   width=\"572\" height=\"1024\" loading=\"lazy\" decoding=\"async\" alt=\"Media Image\" fetchpriority=\"auto\" class=\"image ho-image\"\/><\/p>\n<p id=\"eTifZ6upjxG\" data-wc=\"76\">La sevillana ha decidido que es momento de dejar esconderse y ha publicado un selfie\u00a0 junto a Guillermo, con la canci\u00f3n &#8216;Disfruto&#8217; de Mindblow y Grooveboy de fondo y acompa\u00f1ada del siguiente texto: \u00abAyer todo eran risitas. Hoy arrastramos cansancio\u00bb. A esta peque\u00f1a pero tierna demostraci\u00f3n de cari\u00f1o se le suma otro v\u00eddeo que Irene ha compartido con sus seguidores en el que se vislumbra la sombra de ambos paseando, junto a dos emoticonos de corazones.<\/p>\n<p>Ruptura y especulaciones<\/p>\n<p id=\"eDNeNR4Crf\" data-wc=\"90\">Pese a que en un principio tanto el hijo de Isabel Pantoja como Irene optaron por el silencio y no quisieron dar detalles sobre el motivo de la separaci\u00f3n, la joven sevillana finalmente revel\u00f3 en la revista Semana que su matrimonio se hab\u00eda roto porque ella hab\u00eda terminado siendo \u00abm\u00e1s madre que esposa\u00bb. A\u00fan as\u00ed, ambos aseguraron que por encima de todo segu\u00edan siendo una familia, y as\u00ed lo demostraron el pasado mes de septiembre, cuando acudieron juntos al colegio de sus hijas para apoyarlas en la vuelta al cole.<\/p>\n<p> <img src=\"https:\/\/www.europesays.com\/es\/wp-content\/uploads\/2025\/09\/74065928ada8-europapress6944609irenerosaleskikoriverajuntohijaanacaminocolegio10s.jpg\"   width=\"1024\" height=\"682\" loading=\"lazy\" decoding=\"async\" alt=\"Irene, de la mano de Carlota, mientras Kiko camina por delante\" fetchpriority=\"auto\" class=\"image ho-image\"\/>\u00a9 Europa Press<\/p>\n<p id=\"ek7ou8BABY\" data-wc=\"87\">Adelant\u00e1ndose a las especulaciones, Irene opt\u00f3 por aclarar que, pese a haber establecido un nuevo v\u00ednculo poco tiempo despu\u00e9s de la ruptura, su matrimonio no finaliz\u00f3 a causa de ninguna infidelidad y que ella nunca hubiera traicionado de esa forma la confianza de Kiko: \u201cMi matrimonio con Kiko termin\u00f3 y yo empec\u00e9 a tener una amistad con este chico, y no ha tenido nada que ver con mi separaci\u00f3n (\u2026) Guillermo y yo solo somos dos personas adultas y sin compromisos que se est\u00e1n conociendo\u201d, puntualiz\u00f3 tajante. \u00a0<\/p>\n<p id=\"eSRJl1TAN7p\" data-wc=\"122\">Guillermo e Irene se conocieron de a\u00f1os atr\u00e1s, seg\u00fan se ha podido confirmar mediante una imagen que \u00e9l comparti\u00f3 junto a Irene en el a\u00f1o 2020. A\u00fan as\u00ed, son pocos los datos recabados acerca del nuevo compa\u00f1ero de la modelo andaluza, a excepci\u00f3n de su faceta empresarial y que una de sus corporaciones curiosamente era la encargada de colocar el c\u00e9sped en la casa que antes compart\u00edan Kiko e Irene. Lo que s\u00ed sabemos es que el empresario sevillano es el responsable de haberle devuelto la ilusi\u00f3n a Irene, que ya no se coh\u00edbe a la hora de mostrar su dicha en redes sociales: \u00abEs bonito sanar. Es bonito cuidarse. Es bonito volver a brillar. Es bonito volver a llenarse de paz\u00bb.<\/p>\n","protected":false},"excerpt":{"rendered":"Hace tan solo dos meses, Irene Rosales y Kiko Rivera anunciaban su separaci\u00f3n tras dos a\u00f1os de relaci\u00f3n&hellip;\n","protected":false},"author":2,"featured_media":199326,"comment_status":"","ping_status":"","sticky":false,"template":"","format":"standard","meta":{"footnotes":""},"categories":[174],"tags":[517,255,146,147,25,24,256,30468,23],"class_list":{"0":"post-199325","1":"post","2":"type-post","3":"status-publish","4":"format-standard","5":"has-post-thumbnail","7":"category-famosos","8":"tag-actualidad","9":"tag-celebrities","10":"tag-entertainment","11":"tag-entretenimiento","12":"tag-es","13":"tag-espana","14":"tag-famosos","15":"tag-irene-rosales","16":"tag-spain"},"share_on_mastodon":{"url":"https:\/\/pubeurope.com\/@es\/115431978058039107","error":""},"_links":{"self":[{"href":"https:\/\/www.europesays.com\/es\/wp-json\/wp\/v2\/posts\/199325","targetHints":{"allow":["GET"]}}],"collection":[{"href":"https:\/\/www.europesays.com\/es\/wp-json\/wp\/v2\/posts"}],"about":[{"href":"https:\/\/www.europesays.com\/es\/wp-json\/wp\/v2\/types\/post"}],"author":[{"embeddable":true,"href":"https:\/\/www.europesays.com\/es\/wp-json\/wp\/v2\/users\/2"}],"replies":[{"embeddable":true,"href":"https:\/\/www.europesays.com\/es\/wp-json\/wp\/v2\/comments?post=199325"}],"version-history":[{"count":0,"href":"https:\/\/www.europesays.com\/es\/wp-json\/wp\/v2\/posts\/199325\/revisions"}],"wp:featuredmedia":[{"embeddable":true,"href":"https:\/\/www.europesays.com\/es\/wp-json\/wp\/v2\/media\/199326"}],"wp:attachment":[{"href":"https:\/\/www.europesays.com\/es\/wp-json\/wp\/v2\/media?parent=199325"}],"wp:term":[{"taxonomy":"category","embeddable":true,"href":"https:\/\/www.europesays.com\/es\/wp-json\/wp\/v2\/categories?post=199325"},{"taxonomy":"post_tag","embeddable":true,"href":"https:\/\/www.europesays.com\/es\/wp-json\/wp\/v2\/tags?post=199325"}],"curies":[{"name":"wp","href":"https:\/\/api.w.org\/{rel}","templated":true}]}}