{"id":199365,"date":"2025-10-25T01:03:21","date_gmt":"2025-10-25T01:03:21","guid":{"rendered":"https:\/\/www.europesays.com\/es\/199365\/"},"modified":"2025-10-25T01:03:21","modified_gmt":"2025-10-25T01:03:21","slug":"el-juez-ordena-derribar-dos-casas-prefabricadas-ilegales-construidas-hace-32-anos-en-primera-linea-de-playa-en-aldan","status":"publish","type":"post","link":"https:\/\/www.europesays.com\/es\/199365\/","title":{"rendered":"El juez ordena derribar\u00a0dos casas prefabricadas ilegales construidas hace 32 a\u00f1os en primera l\u00ednea de playa\u00a0en Ald\u00e1n"},"content":{"rendered":"<p>\t\t\t \t\t \t\t\t\t\t\t\tEmbarcaciones de recreo fondeadas en la playa de Arneles, en Ald\u00e1n, en agosto del 2024 <strong class=\"pd-l\">Oscar V\u00e1zquez  <\/strong><\/p>\n<p>\t\t\t\t\t\tEl magistrado se acoge al informe europeo Auken\u00a0que deplora la existencia de viviendas clandestinas que afean y destruyen el paisaje<br \/>\n\t\t\t\t\t\t\t\t\t\t\t\t<strong>25 oct 2025<\/strong> . Actualizado a las 01:56 h.\t\t\t\t\t\t<\/p>\n<p class=\"first-paragraph txt\"><strong>El juez avala el derribo de dos casas prefabricadas en la r\u00eda de\u00a0Ald\u00e1n, en Cangas<\/strong>, que fueron construidas en primera l\u00ednea de playa en los a\u00f1os 90. Tras 32 a\u00f1os sin licencia, el<strong> Juzgado Contencioso-Administrativo n\u00famero 1 de Pontevedra<\/strong>\u00a0concluye que la Xunta puede ordenar en cualquier momento la demolici\u00f3n de las viviendas construidas ilegalmente en zona de<strong> servidumbre de protecci\u00f3n de costas (ZSPC)<\/strong>, aunque hayan transcurrido m\u00e1s de 15 a\u00f1os desde su terminaci\u00f3n.<\/p>\n<p class=\"txt\">Por ello, el juez\u00a0ha ratificado la orden de demolici\u00f3n impuesta en noviembre de 2022 por la <strong>Axencia de Protecci\u00f3n da Legalidade Urban\u00edstica (APLU)<\/strong> a dos viviendas prefabricadas construidas sin licencia en primera l\u00ednea de playa en la r\u00eda de Ald\u00e1n. El juez se basa el informe europeo Auken que deplora a estas viviendas clandestinas que \u00abdestruyen\u00bb el paisaje y censura la \u00abpasividad\u00bb de las autoridades espa\u00f1olas para no agilizar las demoliciones.<\/p>\n<p class=\"txt\">El magistrado considera que la APLU no vulner\u00f3 el principio de non bis in idem\u00a0(no se puede juzgar dos veces por lo mismo) por el hecho de que en <strong>1993<\/strong> el Ayuntamiento de Cangas le hubiese impuesto sendas sanciones de multa al entonces propietario por las infracciones urban\u00edsticas cometidas.<\/p>\n<p class=\"txt\">En la sentencia, subraya que \u00abha quedado claro que a d\u00eda de hoy contin\u00faa siendo indefinido el plazo del que dispone la Administraci\u00f3n para poder exigir la demolici\u00f3n de las construcciones erigidas il\u00edcitamente en ZSPC tras la entrada en vigor de la Ley 22\/1988 (LC), incluso en el supuesto de que previamente se hubiese dictado otra orden de demolici\u00f3n prescrita\u00bb.<\/p>\n<p class=\"txt\">Adem\u00e1s, rechaza que se vulnerase el derecho de propiedad de los demandantes, pues la orden de demolici\u00f3n \u00abno expropia las fincas afectadas\u00bb. De esta forma, el juez destaca que \u00abcontin\u00faan perteneciendo a sus propietarios particulares\u00bb. En el fallo, explica que \u00ablo \u00fanico que hace es exigirles que se destinen a los usos permitidos en la legislaci\u00f3n vigente y que, por tanto, demuelan los elementos constructivos que se erigieron clandestina e ilegalmente en ellas\u00bb.<\/p>\n<p class=\"txt\">A lo que a\u00f1ade que <strong>\u00abel tiempo transcurrido no dota, en este caso, de inmunidad a dichas construcciones,<\/strong> habida cuenta del lugar singular en el que se erigieron il\u00edcitamente, afectando a valores sobresalientes vinculados al dominio p\u00fablico mar\u00edtimo-terrestre que el legislador pretende proteger\u00bb.<\/p>\n<p class=\"txt\">\u00a0El titular del Juzgado Contencioso-Administrativo n\u00famero 1 de Pontevedra declara la compatibilidad de la orden de demolici\u00f3n con la resoluci\u00f3n del Parlamento de la Uni\u00f3n Europea de 2009 aprobatoria del <strong>informe Auken<\/strong>\u00a0sobre el impacto de la urbanizaci\u00f3n extensiva en Espa\u00f1a en los derechos individuales de los ciudadanos europeos, el medio ambiente y la aplicaci\u00f3n del Derecho comunitario.<\/p>\n<p class=\"txt\">As\u00ed, incide en que dicho informe\u00a0\u00abdenuncia, precisamente, actuaciones como estas: construcciones realizadas de manera clandestina e ilegal en \u00e1mbitos costeros, destruyendo el paisaje y el medio ambiente\u00bb, al tiempo que destaca que \u00abcensura la pasividad y lentitud de las autoridades espa\u00f1olas (administrativas y judiciales) para exigir el cumplimiento de la legalidad, y les conmina a que sean m\u00e1s r\u00e1pidas y eficaces\u00bb.<\/p>\n<p class=\"txt\">\u00a0El magistrado recalca que la normativa de la Uni\u00f3n Europea invocada en la demanda \u00abno ampara estas actuaciones ilegales\u00bb. En la sentencia, subraya que \u00abla obligaci\u00f3n de reponer f\u00edsicamente los terrenos a su situaci\u00f3n originaria en este tipo de obras ilegalizables, en \u00e1mbitos de especial protecci\u00f3n ambiental, prevalece obviamente sobre el derecho de propiedad e intereses econ\u00f3micos de los autores del il\u00edcito y de sus sucesores\u00bb. El fallo no es firme, pues cabe presentar recurso ante el TSXG.<\/p>\n<p>&#13;<br \/>\n\tArchivado en:&#13;<br \/>\n\t\t\t\t\t<a href=\"https:\/\/www.lavozdegalicia.es\/temas\/parlamento-europeo\/\" target=\"_blank\" class=\"mg-l\" rel=\"nofollow noopener\">Parlamento Europeo<\/a>&#13;<br \/>\n\t\t\t\t\t<a href=\"https:\/\/www.lavozdegalicia.es\/temas\/cangas\/\" target=\"_blank\" class=\"mg-l\" rel=\"nofollow noopener\">Cangas<\/a>&#13;<br \/>\n\t\t\t\t\t<a href=\"https:\/\/www.lavozdegalicia.es\/temas\/playas\/\" target=\"_blank\" class=\"mg-l\" rel=\"nofollow noopener\">Playas<\/a>&#13;<br \/>\n\t\t\t\t\t<a href=\"https:\/\/www.lavozdegalicia.es\/temas\/xunta-de-galicia\/\" target=\"_blank\" class=\"mg-l\" rel=\"nofollow noopener\">Xunta de Galicia<\/a>&#13;<br \/>\n\t\t\t\t\t<a href=\"https:\/\/www.lavozdegalicia.es\/temas\/tsxg\/\" target=\"_blank\" class=\"mg-l\" rel=\"nofollow noopener\">TSXG<\/a>&#13;<br \/>\n\t&#13;<\/p>\n","protected":false},"excerpt":{"rendered":"Embarcaciones de recreo fondeadas en la playa de Arneles, en Ald\u00e1n, en agosto del 2024 Oscar V\u00e1zquez El&hellip;\n","protected":false},"author":2,"featured_media":199366,"comment_status":"","ping_status":"","sticky":false,"template":"","format":"standard","meta":{"footnotes":""},"categories":[8],"tags":[17,18,2903,25,24,13,14,11,19,20,9,10,15,16,6939,9550,23,12,11794,21,22,8510],"class_list":{"0":"post-199365","1":"post","2":"type-post","3":"status-publish","4":"format-standard","5":"has-post-thumbnail","7":"category-espana","8":"tag-breaking-news","9":"tag-breakingnews","10":"tag-cangas","11":"tag-es","12":"tag-espana","13":"tag-featured-news","14":"tag-featurednews","15":"tag-headlines","16":"tag-latest-news","17":"tag-latestnews","18":"tag-news","19":"tag-noticias","20":"tag-noticias-destacadas","21":"tag-noticiasdestacadas","22":"tag-parlamento-europeo","23":"tag-playas","24":"tag-spain","25":"tag-titulares","26":"tag-tsxg","27":"tag-ultimas-noticias","28":"tag-ultimasnoticias","29":"tag-xunta-de-galicia"},"share_on_mastodon":{"url":"https:\/\/pubeurope.com\/@es\/115432115715394574","error":""},"_links":{"self":[{"href":"https:\/\/www.europesays.com\/es\/wp-json\/wp\/v2\/posts\/199365","targetHints":{"allow":["GET"]}}],"collection":[{"href":"https:\/\/www.europesays.com\/es\/wp-json\/wp\/v2\/posts"}],"about":[{"href":"https:\/\/www.europesays.com\/es\/wp-json\/wp\/v2\/types\/post"}],"author":[{"embeddable":true,"href":"https:\/\/www.europesays.com\/es\/wp-json\/wp\/v2\/users\/2"}],"replies":[{"embeddable":true,"href":"https:\/\/www.europesays.com\/es\/wp-json\/wp\/v2\/comments?post=199365"}],"version-history":[{"count":0,"href":"https:\/\/www.europesays.com\/es\/wp-json\/wp\/v2\/posts\/199365\/revisions"}],"wp:featuredmedia":[{"embeddable":true,"href":"https:\/\/www.europesays.com\/es\/wp-json\/wp\/v2\/media\/199366"}],"wp:attachment":[{"href":"https:\/\/www.europesays.com\/es\/wp-json\/wp\/v2\/media?parent=199365"}],"wp:term":[{"taxonomy":"category","embeddable":true,"href":"https:\/\/www.europesays.com\/es\/wp-json\/wp\/v2\/categories?post=199365"},{"taxonomy":"post_tag","embeddable":true,"href":"https:\/\/www.europesays.com\/es\/wp-json\/wp\/v2\/tags?post=199365"}],"curies":[{"name":"wp","href":"https:\/\/api.w.org\/{rel}","templated":true}]}}