{"id":199412,"date":"2025-10-25T01:44:11","date_gmt":"2025-10-25T01:44:11","guid":{"rendered":"https:\/\/www.europesays.com\/es\/199412\/"},"modified":"2025-10-25T01:44:11","modified_gmt":"2025-10-25T01:44:11","slug":"roncero-advierte-que-la-gasolina-vertida-por-lamine-antes-de-el-clasico-es-un-arma-de-doble-filo-al-madrid-le-ha-hecho-un-favor-futbol","status":"publish","type":"post","link":"https:\/\/www.europesays.com\/es\/199412\/","title":{"rendered":"Roncero advierte que la \u00abgasolina\u00bb vertida por Lamine antes de &#8216;El Cl\u00e1sico&#8217; es un arma de doble filo: \u00abAl Madrid le ha hecho un favor\u00bb | F\u00fatbol"},"content":{"rendered":"<p>Las dos mayores potencias de LaLiga se dan cita este domingo en un duelo que volver\u00e1 a acaparar las miradas del mundo del f\u00fatbol. Real Madrid y FC Barcelona se ver\u00e1n las caras por primera vez en la temporada en un Santiago Bernab\u00e9u con sed de revancha tras el pleno cul\u00e9 en los Cl\u00e1sicos del curso pasado. En el \u00faltimo SER Deportivos antes de la gran cita, caldeada adem\u00e1s por <a href=\"https:\/\/cadenaser.com\/nacional\/2025\/10\/23\/lamine-yamal-advierte-sobre-el-clasico-la-ultima-vez-que-he-ido-al-bernabeu-0-4-cadena-ser\/\" target=\"_blank\" rel=\"nofollow noopener\" title=\"https:\/\/cadenaser.com\/nacional\/2025\/10\/23\/lamine-yamal-advierte-sobre-el-clasico-la-ultima-vez-que-he-ido-al-bernabeu-0-4-cadena-ser\/\">las palabras de Lamine Yamal en la Kings League<\/a>, los periodistas Tom\u00e1s Roncero y Santi Gim\u00e9nez enfrentan sus posturas desde Madrid y Barcelona.<\/p>\n<p>M\u00e1s informaci\u00f3n<\/p>\n<p>En la capital de Espa\u00f1a, Roncero se mostr\u00f3 \u00aboptimista\u00bb respecto a las opciones del Madrid y as\u00ed lo explic\u00f3 en directo: \u00abEs cierto que el a\u00f1o pasado los imputs no eran tan halag\u00fce\u00f1os para el Real Madrid y ahora veo las sinergias contrarias. Quitando el d\u00eda del accidente del derbi, ha ganado sus 11 partidos, tiene a un portero que est\u00e1 en su mejor estado de forma, tiene al mejor jugador del mundo en la actualidad que se llama Kylian Mbapp\u00e9 y tiene un equipo con hambre, la que transmite su entrenador, que a diferencia de Ancelotti tiene que hacer su carrera\u00bb, enumer\u00f3, con confianza.<\/p>\n<p>\u00abSin embargo, al Bar\u00e7a lo veo con el &#8216;s\u00edndrome de la barriga llena'\u00bb, dijo, en contraposici\u00f3n: \u00abNo es el Bar\u00e7a arrollador del a\u00f1o pasado que te com\u00eda y te mord\u00eda. Tengo razones m\u00e1s que l\u00f3gicas para ser optimista\u00bb, insisti\u00f3 Roncero.<\/p>\n<p>Santi Gim\u00e9nez: \u00abS\u00f3lo ha sucedido una vez en la historia&#8230;\u00bb<\/p>\n<p>Tampoco desdijo estos argumentos Santi Gim\u00e9nez, aunque augur\u00f3 un nuevo plan arriesgado de Hansi Flick: \u00abCreo que el Bar\u00e7a no se va a proteger, cosa que me parece temeraria. Va a seguir jugando con lo mismo y que sea lo que dios quiera. El Madrid no est\u00e1 bien y el Bar\u00e7a no est\u00e1 como el a\u00f1o pasado. Para m\u00ed el Madrid cuando juega en casa siempre es el favorito y luego est\u00e1 una cuesti\u00f3n estad\u00edstica: ganarle cinco partidos seguidos al Madrid s\u00f3lo ha sucedido una vez en la historia\u00bb, puso sobre la mesa, recordando la mejor racha del FC Barcelona con Pep Guardiola al mando.<\/p>\n<p>\u00abSi a eso le unimos que el Madrid va a tener la espina clavada de la temporada pasada, Xabi Alonso ser\u00eda el tercer partido grande de los tres que ha jugado que perder\u00eda y la necesidad la tiene m\u00e1s el Madrid&#8230;\u00bb, rescat\u00f3 en \u00faltima instancia, aun avisando que \u00abqueda much\u00edsimo por cortar\u00bb.<\/p>\n<p>\u00bfSe ha equivocado Lamine Yamal?<\/p>\n<p>Tema aparte fueron <a href=\"https:\/\/cadenaser.com\/nacional\/2025\/10\/24\/es-para-hacerselo-mirar-la-reaccion-de-pacojo-tras-las-palabras-de-lamine-yamal-antes-del-clasico-cadena-ser\/\" target=\"_blank\" rel=\"nofollow noopener\" title=\"https:\/\/cadenaser.com\/nacional\/2025\/10\/24\/es-para-hacerselo-mirar-la-reaccion-de-pacojo-tras-las-palabras-de-lamine-yamal-antes-del-clasico-cadena-ser\/\">las pol\u00e9micas palabras pre-Cl\u00e1sico de Lamine Yamal<\/a>, recordando sus precedentes recientes frente al Real Madrid y sembrando la duda respecto a las actuaciones arbitrales. \u00abLo que dijo tiene poca importancia\u00bb, resumi\u00f3 Gim\u00e9nez al respecto, aunque s\u00ed fue cr\u00edtico con el hecho de \u00abque lo dijera y el momento en que lo dijera\u00bb. \u00abMe parece en un contexto de un cr\u00edo de 18 a\u00f1os que le meten los dedos en la boca, Ibai Llanos concretamente, y \u00e9l salta\u00bb, manifest\u00f3 el periodista, que incluso dej\u00f3 caer que \u00aben una entrevista seria no lo hubiera dicho nunca\u00bb.<\/p>\n<p>M\u00e1s all\u00e1 fue todav\u00eda Tom\u00e1s Roncero, quien puso por delante la \u00abm\u00edstica inviolable\u00bb del f\u00fatbol: \u00abAntes de un Cl\u00e1sico la estrella del Bar\u00e7a no tiene que mostrarse salvo que sea una entrevista formal y seria. Y si no se muestra, mejor, porque todo lo que diga se le puede volver en su contra como en un juicio\u00bb. \u00abPara m\u00ed se equivoca\u00bb, se sincer\u00f3 el subdirector del Diario As, y lo dijo haciendo referencia al eco que han generado estas palabras entre el madridismo.<\/p>\n<p>\u00abAl Madrid le ha hecho un favor desde el punto de vista emocional y esc\u00e9nico. El Bernab\u00e9u se ha puesto cada vez m\u00e1s elitista y cuesta ver a la gente ca\u00f1era de afici\u00f3n, que es lo que hace que pueda intimidar al rival. Ahora parece una platea en la que todo el mundo guarda su sitio, muchas zonas VIP y habla la megafon\u00eda por la gente. Pero les has dado gasolina. El ambiente va a estar mucho m\u00e1s caliente de lo que iba a estar\u00bb, previ\u00f3, a escasas 48 horas del Cl\u00e1sico.<\/p>\n","protected":false},"excerpt":{"rendered":"Las dos mayores potencias de LaLiga se dan cita este domingo en un duelo que volver\u00e1 a acaparar&hellip;\n","protected":false},"author":2,"featured_media":199413,"comment_status":"","ping_status":"","sticky":false,"template":"","format":"standard","meta":{"footnotes":""},"categories":[93],"tags":[54966,16705,210,1204,168,25,14196,24,54967,1205,280,525,22428,54968,54969,40538,1212,1215,54970,54971,54972,54973,23,1219,1220,167,28841,1221,1222],"class_list":{"0":"post-199412","1":"post","2":"type-post","3":"status-publish","4":"format-standard","5":"has-post-thumbnail","7":"category-deportes","8":"tag-202526-season","9":"tag-athletic-performance","10":"tag-barcelona","11":"tag-club-football","12":"tag-deportes","13":"tag-es","14":"tag-esp","15":"tag-espana","16":"tag-estadi-olimpic-lluis-companys","17":"tag-european-football","18":"tag-football","19":"tag-game","20":"tag-gongora","21":"tag-greek-football","22":"tag-international-tournament","23":"tag-league-match","24":"tag-match","25":"tag-nurphoto","26":"tag-october-21","27":"tag-olympiacos-f-c","28":"tag-olympiacos-fc","29":"tag-professional-player","30":"tag-spain","31":"tag-spanish-football","32":"tag-sporting-event","33":"tag-sports","34":"tag-sports-event","35":"tag-sports-photography","36":"tag-team"},"share_on_mastodon":{"url":"","error":"Validation failed: Text character limit of 500 exceeded"},"_links":{"self":[{"href":"https:\/\/www.europesays.com\/es\/wp-json\/wp\/v2\/posts\/199412","targetHints":{"allow":["GET"]}}],"collection":[{"href":"https:\/\/www.europesays.com\/es\/wp-json\/wp\/v2\/posts"}],"about":[{"href":"https:\/\/www.europesays.com\/es\/wp-json\/wp\/v2\/types\/post"}],"author":[{"embeddable":true,"href":"https:\/\/www.europesays.com\/es\/wp-json\/wp\/v2\/users\/2"}],"replies":[{"embeddable":true,"href":"https:\/\/www.europesays.com\/es\/wp-json\/wp\/v2\/comments?post=199412"}],"version-history":[{"count":0,"href":"https:\/\/www.europesays.com\/es\/wp-json\/wp\/v2\/posts\/199412\/revisions"}],"wp:featuredmedia":[{"embeddable":true,"href":"https:\/\/www.europesays.com\/es\/wp-json\/wp\/v2\/media\/199413"}],"wp:attachment":[{"href":"https:\/\/www.europesays.com\/es\/wp-json\/wp\/v2\/media?parent=199412"}],"wp:term":[{"taxonomy":"category","embeddable":true,"href":"https:\/\/www.europesays.com\/es\/wp-json\/wp\/v2\/categories?post=199412"},{"taxonomy":"post_tag","embeddable":true,"href":"https:\/\/www.europesays.com\/es\/wp-json\/wp\/v2\/tags?post=199412"}],"curies":[{"name":"wp","href":"https:\/\/api.w.org\/{rel}","templated":true}]}}