{"id":199414,"date":"2025-10-25T01:46:11","date_gmt":"2025-10-25T01:46:11","guid":{"rendered":"https:\/\/www.europesays.com\/es\/199414\/"},"modified":"2025-10-25T01:46:11","modified_gmt":"2025-10-25T01:46:11","slug":"rosa-villacastin-deja-claro-lo-que-piensa-de-la-princesa-leonor-tras-su-discurso-en-los-princesa-de-asturias","status":"publish","type":"post","link":"https:\/\/www.europesays.com\/es\/199414\/","title":{"rendered":"Rosa Villacast\u00edn deja claro lo que piensa de la princesa Leonor tras su discurso en los Princesa de Asturias"},"content":{"rendered":"<p>La princesa Leonor <a href=\"https:\/\/www.huffingtonpost.es\/virales\/una-experta-protocolo-fija-lleva-puesto-felipe-vi-detalle-apreciaran.html\" rel=\"nofollow noopener\" target=\"_blank\">ha dejado a todos sin palabras<\/a> con su emocionante discurso durante la clausura de los Premios Princesa de Asturias 2025, donde ha usado un tono acorde a sus 19 a\u00f1os y donde se ha dirigido uno por uno a todos los premiados.<\/p>\n<p>En este discurso <a href=\"https:\/\/www.huffingtonpost.es\/virales\/dura-cuatro-segundos-gesto-infanta-sofia-letizia-dice-mas-parece.html\" rel=\"nofollow noopener\" target=\"_blank\">ha habido dos momentos entra\u00f1ables<\/a>: cuando se ha dirigido a sus <b>padres como boomers<\/b> y cuando, para hablar de la tenista Serena Williams, galardonada con el Premio Princesa de Asturias de los Deportes, se ha acordado de su hermana, la infanta Sof\u00eda.\u00a0<\/p>\n<p>\u00abNos has demostrado que la grandeza no est\u00e1 en ganar siempre, est\u00e1 en la capacidad de levantarse, en aprender y seguir adelante. Es bonito lo que dices de tu hermana: &#8216;Sin Venus, no habr\u00eda habido Serena&#8217;. <b>Las hermanas c\u00f3mplices son nuestras grandes aliadas y compa\u00f1eras de viaje\u00bb,<\/b> ha dicho concretamente.\u00a0<\/p>\n<p>La emoci\u00f3n de Rosa Villacast\u00edn<\/p>\n<p>En redes sociales, profesionales y expertos de la comunicaci\u00f3n han puesto en valor las palabras de la princesa Leonor, que ha sido la pen\u00faltima en hablar, el \u00faltimo ha sido el rey Felipe VI, que ha dejado caer que <a href=\"https:\/\/www.huffingtonpost.es\/politica\/felipe-vi-adelanta-intencion-ir-cediendole-espacio-honor-princesa-leonor.html\" rel=\"nofollow noopener\" target=\"_blank\">va a ir cediendo protagonismo a su primog\u00e9nita<\/a> dejando en el aire su participaci\u00f3n en los Premios Princesa de Asturias 2026.\u00a0<\/p>\n<p>De hecho, ha sido Leonor la que ha dado paso a los premios del a\u00f1o que viene, algo que sol\u00eda hacer el rey, por lo que los expertos de RTVE han se\u00f1alado que todo apunta a que este haya sido el \u00faltimo a\u00f1o del rey al frente de estos importantes galardones.\u00a0<\/p>\n<p>Una de las m\u00e1s efusivas, virtualmente hablando, con el discurso de Leonor ha sido la periodista Rosa Villacast\u00edn, que ha escrito: \u00abLeonor, princesa de Asturias. <b>Qu\u00e9 seguridad durante su discurso en los Premios Princesa de Asturias. Qu\u00e9 fuerza!!!!<\/b> Qu\u00e9 orgullosos sus padres, Felipe y Letizia. El futuro de la corona est\u00e1 asegurado con esta mujer, de gran personalidad\u00bb.\u00a0<\/p>\n","protected":false},"excerpt":{"rendered":"La princesa Leonor ha dejado a todos sin palabras con su emocionante discurso durante la clausura de los&hellip;\n","protected":false},"author":2,"featured_media":199415,"comment_status":"","ping_status":"","sticky":false,"template":"","format":"standard","meta":{"footnotes":""},"categories":[91],"tags":[146,147,25,24,34665,811,36777,23],"class_list":{"0":"post-199414","1":"post","2":"type-post","3":"status-publish","4":"format-standard","5":"has-post-thumbnail","7":"category-entretenimiento","8":"tag-entertainment","9":"tag-entretenimiento","10":"tag-es","11":"tag-espana","12":"tag-premios-princesa-de-asturias","13":"tag-princesa-leonor","14":"tag-rosa-villacastin","15":"tag-spain"},"share_on_mastodon":{"url":"https:\/\/pubeurope.com\/@es\/115432284680112687","error":""},"_links":{"self":[{"href":"https:\/\/www.europesays.com\/es\/wp-json\/wp\/v2\/posts\/199414","targetHints":{"allow":["GET"]}}],"collection":[{"href":"https:\/\/www.europesays.com\/es\/wp-json\/wp\/v2\/posts"}],"about":[{"href":"https:\/\/www.europesays.com\/es\/wp-json\/wp\/v2\/types\/post"}],"author":[{"embeddable":true,"href":"https:\/\/www.europesays.com\/es\/wp-json\/wp\/v2\/users\/2"}],"replies":[{"embeddable":true,"href":"https:\/\/www.europesays.com\/es\/wp-json\/wp\/v2\/comments?post=199414"}],"version-history":[{"count":0,"href":"https:\/\/www.europesays.com\/es\/wp-json\/wp\/v2\/posts\/199414\/revisions"}],"wp:featuredmedia":[{"embeddable":true,"href":"https:\/\/www.europesays.com\/es\/wp-json\/wp\/v2\/media\/199415"}],"wp:attachment":[{"href":"https:\/\/www.europesays.com\/es\/wp-json\/wp\/v2\/media?parent=199414"}],"wp:term":[{"taxonomy":"category","embeddable":true,"href":"https:\/\/www.europesays.com\/es\/wp-json\/wp\/v2\/categories?post=199414"},{"taxonomy":"post_tag","embeddable":true,"href":"https:\/\/www.europesays.com\/es\/wp-json\/wp\/v2\/tags?post=199414"}],"curies":[{"name":"wp","href":"https:\/\/api.w.org\/{rel}","templated":true}]}}