{"id":199419,"date":"2025-10-25T01:50:09","date_gmt":"2025-10-25T01:50:09","guid":{"rendered":"https:\/\/www.europesays.com\/es\/199419\/"},"modified":"2025-10-25T01:50:09","modified_gmt":"2025-10-25T01:50:09","slug":"asi-queda-el-horario-de-salida-y-puesta-de-sol-si-se-acaba-con-el-cambio-de-hora-municipio-a-municipio-eldiario-es","status":"publish","type":"post","link":"https:\/\/www.europesays.com\/es\/199419\/","title":{"rendered":"As\u00ed queda el horario de salida y puesta de sol si se acaba con el cambio de hora, municipio a municipio &#8211; elDiario.es"},"content":{"rendered":"<ol>\n<li><a href=\"https:\/\/news.google.com\/rss\/articles\/CBMivgFBVV95cUxNTlY0dkhIdGV0NmlGQWJlLUVTSTRkLVY1dXFIUEg1ZE13WVFQRmFxMjNwY2xaNFVPeXVuMHNudklkaGh1R0dBeUg3LVVTQng5QXFMOVVMYTRndXpUNTVmYmE4MG1RNWJObUpYYUZ1YmhDaDZCb0htby0zS2s4VnFhOXUyblNnTUNRT3dJMVBXOGRYQklwOUw1Uk5DWWN5MXVRR3p4cVBibG9YWTNhRVNRSGkxYk5UbU1zZkxKTW130gHDAUFVX3lxTFBSY24wVk9SMndxYktjd3ZQUzZ3T1JHSllNeDlFMVRmVHB4d01FTkZUUWdLUl92d1hTbEZ6ZDBhci0wVURkdTNvblUyNEl5QVk5Nk1XVEM1eVdSY094ZnBRSDJhUGhRZmlGMnNOTTRXQ1NubHlWLXRmd0hOWmxmQzBIWDVqaEdsMHFTaGsxdHY1dzItUFB3ZUdVUnU2WEJYZXYzZXhIQWx4VG9fTzdyb3RkSno0cnhTRnRWVGhUbWNjcEE1QQ?oc=5\" target=\"_blank\" rel=\"nofollow noopener\">As\u00ed queda el horario de salida y puesta de sol si se acaba con el cambio de hora, municipio a municipio<\/a>&nbsp;&nbsp;elDiario.es<\/li>\n<li><a href=\"https:\/\/news.google.com\/rss\/articles\/CBMiowFBVV95cUxPUWxFUXBoQkc3LVFyU1Qzc09LUUdyQk5uVjhMSHNYcXJOTVA3ZnROMlV0dUxjVkdXNVFRNV9Ybm5qZmFSLXU0Y2cxZlNkZ1c0dEZpa0xZUnZGOTZMX0xyS09UVVFFZlIxZTM2N25nVEJVMjJKQXQzRFlnVmpCeEZhUkt3eS1yZERINkFQN213STNNTm5nOWxCLVVrRnh1UHpKM0x3?oc=5\" target=\"_blank\" rel=\"nofollow noopener\">Cambio horario de invierno 2025: \u00bfse adelanta se atrasa el reloj? \u00bfamanece antes o despu\u00e9s?<\/a>&nbsp;&nbsp;ABC<\/li>\n<li><a href=\"https:\/\/news.google.com\/rss\/articles\/CBMi3AFBVV95cUxPYTJfbHQwcWdzMFJNeHBJSUF5TjF1Q3lFTGZRUmE5dVZxLU9FR3l1NEVZdzh3TmtqNHJDVWV1bTUxc2lSV0RhSVBTcXlCYzZJa3VYSFpNSG9CQWNkNGNNbHJQSmFfckwyQ1VlLWRUTTBreFgwWjB4QTVrYXBfSHVQTE1Xd2ZqaUJ0WkI2eFJrUVluVWFiNkYwSGp1anhWOXZaSGlRU2QzRWtZZWhaa1NYWnNzeEM2ODZRaWZHbnd2ZGFHMm5OSTlBdFFESm5rTFdXUlFJQ0JxYWVYVEJT?oc=5\" target=\"_blank\" rel=\"nofollow noopener\">\u00bfPor qu\u00e9 Europa no elimina el cambio de hora? Los temores de una desincronizaci\u00f3n<\/a>&nbsp;&nbsp;EL PA\u00cdS<\/li>\n<li><a href=\"https:\/\/news.google.com\/rss\/articles\/CBMi6gJBVV95cUxQVFZyWE5ya29LN1M4em50UFNKcl9fYlA1cWptMFJHd0J3X1hLeThlMmVLQUdoU3Rpc0xBRUl2dHNUdF9SekEwYXJNRmxzNm1uVUw5QXVVakV4OHNlajJlQ2ZUbnM3ekRxUUhnSmt2dWJ4OFhtaWZaRktkRWg0SmhrWFVGaXlCcldpSVFpdnZTUllxUzg3V2VjZjVhSW5JV0N1alVoaGhuYXU5OW5KV3JBN3piMlZTWWRnR0ItYTk1V1lKMUFLZFBSM0Y2N1VSVVM0WS1oY0o2YnN4VWZaUGxwbDRaQ0c5M1NVRXgwUlQ5UWFobkpKZGRjTmdkUEJEMXJ4NUx3R0dCX2NTMEZMUVBxUXFlNEZZcDRoX0xkSnI0bXp2WjVJek5VaXNZYkpxbFRWaWZQc1Y4ZG1XZDg4dUVubW8tcXk2R0lHbHc4SVRwdnRXaURUYnM4WjZCLUxvTGZXbVNUM1hydlNUZ9IB7wJBVV95cUxNMDFKa0l6SXRpVWp6clJZX0lFc0JVcXFqM3RZTE9ZUEtNdmlYaU1oT0JCRHZOcFNTUTdkTEtqWERBLVZRYTA0bm4yWHhmVXpvRVdWUGFOUUhxNG5mWmJVTUVQb0dha01EYXN4MHlMN2h4OXNLSGZCdHQ0QUJjNXVwR0hUYjdTWWxDUGVWbnplT2Y3elBfSnNzTUJNeGpYVG5MOEdGRF9Nb3QtOVZNMmljUzc2RkRKWmFYZHItNlZhdG9EMmlCM2Zxc0VaMlY2cUwzNHNZeFBBZXl0TTFFalJuOVdaQVZGUjFEUVlsdWxUSDF2X0Y3ZTZxVW1oRFZLRTRmWFhTN0J6Y3ctMmotNHY5MVZLN1NGV01rT2hhNEFmMlVuRlc3bW5icWhjU0NWbFVEOGplZmtoanlDMGE3RDFFSGtDaUlfZTJlQlBHWExSWExWbEIwdkpfYnpvajJwNEszR1FWUlRMVHBGak10dHdV?oc=5\" target=\"_blank\" rel=\"nofollow noopener\">\u201cEl adelanto del anochecer y la reducci\u00f3n de horas de luz puede afectar al estado de \u00e1nimo y favorecer trastornos afectivos estacionales\u201d: Mar\u00eda Jos\u00e9 Ar\u00f3stegui, psic\u00f3loga experta en sue\u00f1o, sobre el cambio de hora<\/a>&nbsp;&nbsp;La Vanguardia<\/li>\n<li><a href=\"https:\/\/news.google.com\/rss\/articles\/CBMirAFBVV95cUxPeF9EYjdvSkdTVGFWajRCNnlrLTVUT0lZZDlaNnBrVVRnbS1lSkY0VUY2U1ZkUGZ1RUJCY1ZTaVZJckxNWUhqX2ZrMzlDem9VOU5FQy01ZHlKUWpQZGRRelQ3WUpWZnBoRWxMQ05IdkRYTk9HcThHTTZPTmJrRnoxd0wtRDJuZFU0ZFFZQTBJeWRzUXFCWjhkS002MEFxdTFKdG1Dd1g4Y3V0aHhh0gGyAUFVX3lxTE5PQnBtUW1GbzB1ZVJBYjJhcTdGUlgtVEZhWHd3cjY0aWFTWEhZY1pIVm03cWI3MVZZbzVqOFlGUzl6ekZVVGkwZGhrT2tMUUtVZWZ5MTVVY0IxRGhBVEFqbFhIakFiNGgzOHhXb3FZVzBIeVpqY2NHeGpEVXRaaGZZdW1obDU1cGNRQWZRYmhwWm4yNXRLOS1Ec3pkRURXSTRueU9LbnFCMVR3U1UwZEhEVGc?oc=5\" target=\"_blank\" rel=\"nofollow noopener\">Mario Picazo, tajante sobre el cambio horario: \u00abEspa\u00f1a deber\u00eda mantener inamovible el horario de invierno\u00bb<\/a>&nbsp;&nbsp;El Confidencial<\/li>\n<\/ol>\n","protected":false},"excerpt":{"rendered":"As\u00ed queda el horario de salida y puesta de sol si se acaba con el cambio de hora,&hellip;\n","protected":false},"author":2,"featured_media":199420,"comment_status":"","ping_status":"","sticky":false,"template":"","format":"standard","meta":{"footnotes":""},"categories":[8],"tags":[2887,17,18,7556,25,24,13,14,11,1458,319,19,20,26665,9,10,15,16,6990,3041,1965,688,2829,23,12,21,22],"class_list":{"0":"post-199419","1":"post","2":"type-post","3":"status-publish","4":"format-standard","5":"has-post-thumbnail","7":"category-espana","8":"tag-acaba","9":"tag-breaking-news","10":"tag-breakingnews","11":"tag-cambio","12":"tag-es","13":"tag-espana","14":"tag-featured-news","15":"tag-featurednews","16":"tag-headlines","17":"tag-hora","18":"tag-horario","19":"tag-latest-news","20":"tag-latestnews","21":"tag-municipio","22":"tag-news","23":"tag-noticias","24":"tag-noticias-destacadas","25":"tag-noticiasdestacadas","26":"tag-puesta","27":"tag-queda","28":"tag-salida","29":"tag-si","30":"tag-sol","31":"tag-spain","32":"tag-titulares","33":"tag-ultimas-noticias","34":"tag-ultimasnoticias"},"share_on_mastodon":{"url":"https:\/\/pubeurope.com\/@es\/115432300572780927","error":""},"_links":{"self":[{"href":"https:\/\/www.europesays.com\/es\/wp-json\/wp\/v2\/posts\/199419","targetHints":{"allow":["GET"]}}],"collection":[{"href":"https:\/\/www.europesays.com\/es\/wp-json\/wp\/v2\/posts"}],"about":[{"href":"https:\/\/www.europesays.com\/es\/wp-json\/wp\/v2\/types\/post"}],"author":[{"embeddable":true,"href":"https:\/\/www.europesays.com\/es\/wp-json\/wp\/v2\/users\/2"}],"replies":[{"embeddable":true,"href":"https:\/\/www.europesays.com\/es\/wp-json\/wp\/v2\/comments?post=199419"}],"version-history":[{"count":0,"href":"https:\/\/www.europesays.com\/es\/wp-json\/wp\/v2\/posts\/199419\/revisions"}],"wp:featuredmedia":[{"embeddable":true,"href":"https:\/\/www.europesays.com\/es\/wp-json\/wp\/v2\/media\/199420"}],"wp:attachment":[{"href":"https:\/\/www.europesays.com\/es\/wp-json\/wp\/v2\/media?parent=199419"}],"wp:term":[{"taxonomy":"category","embeddable":true,"href":"https:\/\/www.europesays.com\/es\/wp-json\/wp\/v2\/categories?post=199419"},{"taxonomy":"post_tag","embeddable":true,"href":"https:\/\/www.europesays.com\/es\/wp-json\/wp\/v2\/tags?post=199419"}],"curies":[{"name":"wp","href":"https:\/\/api.w.org\/{rel}","templated":true}]}}