{"id":199454,"date":"2025-10-25T02:25:10","date_gmt":"2025-10-25T02:25:10","guid":{"rendered":"https:\/\/www.europesays.com\/es\/199454\/"},"modified":"2025-10-25T02:25:10","modified_gmt":"2025-10-25T02:25:10","slug":"pense-que-iba-a-ser-mas-dificil-porque-a-estas-edades-uno-ya-no-quiere-cambiar-nada","status":"publish","type":"post","link":"https:\/\/www.europesays.com\/es\/199454\/","title":{"rendered":"Pens\u00e9 que iba a ser m\u00e1s dif\u00edcil porque a estas edades uno ya no quiere cambiar nada"},"content":{"rendered":"<p data-journey-content=\"true\" data-node-id=\"1\" class=\"body-dropcap css-1vn2egp emevuu60\">Fue el a\u00f1o 2017, cuando <strong data-node-id=\"1.1\">Isabel Preysler y Mario Vargas Llosa<\/strong> <a href=\"https:\/\/www.harpersbazaar.com\/es\/famosas\/el-estilo-de\/a14460609\/isabel-preysler-y-mario-vargas-llosa-hablan-como-nunca-de-su-amor\/\" target=\"_blank\" data-vars-ga-outbound-link=\"https:\/\/www.harpersbazaar.com\/es\/famosas\/el-estilo-de\/a14460609\/isabel-preysler-y-mario-vargas-llosa-hablan-como-nunca-de-su-amor\/\" data-vars-ga-ux-element=\"Hyperlink\" data-vars-ga-call-to-action=\"recibieron a Harper&#039;s Bazaar\" data-node-id=\"1.3\" class=\"body-link css-156jt4g emevuu60\" rel=\"nofollow noopener\">recibieron a Harper&#8217;s Bazaar<\/a> en el domicilio que ambos compart\u00edan en Madrid para protagonizar una exclusiva sesi\u00f3n de fotos en pareja. Nuestra cabecera se convirti\u00f3 entonces en testigo de excepci\u00f3n de su relaci\u00f3n, aquella que hab\u00eda comenzado apenas unos meses atr\u00e1s a pesar de que ambos se conoc\u00edan hac\u00eda mucho tiempo. <\/p>\n<p data-journey-content=\"true\" data-node-id=\"4\" class=\"css-6wxqfj emevuu60\">\u00abMi vida ahora mismo es maravillosa\u00bb, afirm\u00f3 el autor de obras como La ciudad y los perros o Conversaci\u00f3n en La Catedral. \u00abEstoy trabajando muy bien, me siento con un esp\u00edritu muy vivo y joven, a pesar de mi edad. Eso se debe, sin duda, a este entorno tan agradable y a mi relaci\u00f3n con Isabel, que es magn\u00edfica\u00bb, a\u00f1adi\u00f3 el peruano. <\/p>\n<p><img draggable=\"true\" alt=\"vargas llosa celebrates his 80th birthday\" title=\"Vargas Llosa Celebrates His 80th Birthday\" loading=\"lazy\" width=\"3500\" height=\"2333\" decoding=\"async\" data-nimg=\"1\" style=\"color:transparent;width:100%;height:auto;\"   src=\"https:\/\/www.europesays.com\/es\/wp-content\/uploads\/2025\/10\/isabel-preysler-and-mario-vargas-llosa-attend-the-mario-news-photo-1761239302.pjpeg\" class=\"css-0 e1g79fud0\"\/><\/p>\n<p>Pablo Cuadra\/\/Getty Images<\/p>\n<p data-journey-content=\"true\" data-node-id=\"7\" class=\"css-6wxqfj emevuu60\">Isabel Preysler tambi\u00e9n se mostraba encantada de esta etapa que acababa de iniciar, aunque admiti\u00f3 que tuvo que adaptarse a los cambios de rutina que sufri\u00f3 en su hogar cuando Mario Vargas Llosa se instal\u00f3 en \u00e9l. \u00abYa me hab\u00eda acostumbrado a leer sola en la cama hasta la hora que quisiera sin tener que apagar la luz. Son muchas cosas a las que tienes que ir adapt\u00e1ndote, pero cuando est\u00e1s enamorada te amoldas absolutamente a todo. <strong data-node-id=\"7.1\">Pens\u00e9 que iba a ser m\u00e1s dif\u00edcil porque a estas edades uno ya no quiere cambiar nada<\/strong>, Mario lo ha hecho de maravilla, as\u00ed que para m\u00ed, que tengo 15 a\u00f1os menos, ha resultado m\u00e1s f\u00e1cil todav\u00eda. El amor en la madurez se disfruta de una manera distinta, pero la intensidad con la que se vive es exactamente la misma\u00bb, reflexion\u00f3 para Harper&#8217;s Bazaar. <\/p>\n<p data-journey-content=\"true\" data-node-id=\"11\" class=\"css-6wxqfj emevuu60\">\u00abHemos encontrado una forma armoniosa de coexistir siendo dos personas muy diferentes con curiosidades tremendamente distintas. La clave es esa complicidad&#8230; Eso son los misterios del amor\u00bb, declar\u00f3 por su parte el Premio Nobel. <\/p>\n<p><img draggable=\"true\" alt=\"isabel preysler y mario vargas llosa rompen\" title=\"Isabel Preysler y Mario Vargas Llosa rompen\" loading=\"lazy\" width=\"1338\" height=\"1600\" decoding=\"async\" data-nimg=\"1\" style=\"color:transparent;width:100%;height:auto;\"   src=\"https:\/\/www.europesays.com\/es\/wp-content\/uploads\/2025\/10\/isabel-preysler-1672222314.jpeg\" class=\"css-0 e1g79fud0\"\/><\/p>\n<p>F\u00e9lix Valiente<\/p>\n<p data-journey-content=\"true\" data-node-id=\"14\" class=\"css-6wxqfj emevuu60\">La medi\u00e1tica relaci\u00f3n entre Isabel Preysler y Mario Vargas Llosa comenz\u00f3 en la primavera de 2015, cuando ella <strong data-node-id=\"14.1\">acababa de quedarse viuda de Miguel Boyer<\/strong> y \u00e9l a\u00fan estaba casado con Patricia Llosa. <\/p>\n<p data-journey-content=\"true\" data-node-id=\"16\" class=\"css-6wxqfj emevuu60\">\u00abHemos sido amigos durante 30 a\u00f1os y nos hemos estado viendo, \u00e9l con su mujer y yo con mi marido, desde luego. <strong data-node-id=\"16.1\">Siempre nos hemos hecho gracia el uno al otro<\/strong>, si lo puedo decir as\u00ed, pero llegar a tener esto, no. No lo imagin\u00e9 jam\u00e1s, jam\u00e1s. Lo que estoy viviendo es algo absolutamente maravilloso\u00bb, coment\u00f3 la socialit\u00e9 sobre el inicio de esta uni\u00f3n a esta cabecera, donde confes\u00f3 despu\u00e9s qu\u00e9 fue lo que le hizo empezar a ver a su amigo de un modo diferente. \u00ab<strong data-node-id=\"16.5\">Lo que me enamor\u00f3 de \u00e9l fueron sus cartas<\/strong>\u00ab, reconoci\u00f3.<\/p>\n<p><img draggable=\"true\" alt=\"Isabel Preysler y Mario Vargas Llosa\" title=\"Isabel Preysler y Mario Vargas Llosa\" loading=\"lazy\" width=\"2000\" height=\"1196\" decoding=\"async\" data-nimg=\"1\" style=\"color:transparent;width:100%;height:auto;\"   src=\"https:\/\/www.europesays.com\/es\/wp-content\/uploads\/2025\/10\/home-1513671803.jpg\" class=\"css-0 e1g79fud0\"\/><\/p>\n<p>\u00a9 F\u00e9lix Valiente.<\/p>\n<p data-journey-content=\"true\" data-node-id=\"19\" class=\"css-6wxqfj emevuu60\">Precisamente esas cartas a las que se refer\u00eda Isabel Preysler en el reportaje con nuestro medio son las que ahora tanto est\u00e1n dando de qu\u00e9 hablar a ra\u00edz de que la filipina haya querido publicar ocho de ellas en su comentado <strong data-node-id=\"19.1\"><a href=\"https:\/\/www.harpersbazaar.com\/es\/famosas\/el-estilo-de\/a68965977\/isabel-preysler-libro-biografia-pense-hora-supiesen-verdad\/\" target=\"_blank\" data-vars-ga-outbound-link=\"https:\/\/www.harpersbazaar.com\/es\/famosas\/el-estilo-de\/a68965977\/isabel-preysler-libro-biografia-pense-hora-supiesen-verdad\/\" data-vars-ga-ux-element=\"Hyperlink\" data-vars-ga-call-to-action=\"libro de memorias\" data-node-id=\"19.1.0\" class=\"body-link css-156jt4g emevuu60\" rel=\"nofollow noopener\">libro de memorias<\/a><\/strong>. \u00abYo nunca he estado tan seguro sobre nada como lo estoy contigo. Te quiero y nada me har\u00eda m\u00e1s feliz que pasar todo lo que me queda de vida a tu lado, ador\u00e1ndote y procurando hacerte feliz\u2026. Qu\u00e9 revoluci\u00f3n has causado en mi vida, amor m\u00edo\u00bb, puede leerse en una de estas misivas. \u00abMe parece que hace siglos desde la \u00faltima vez que te tuve desnuda en mis brazos, sintiendo latir tu coraz\u00f3n\u00bb, aparece escrito en otra. <\/p>\n<p data-journey-content=\"true\" data-node-id=\"21\" class=\"css-6wxqfj emevuu60\">\u00ab<strong data-node-id=\"21.1\">Las cartas son m\u00edas y yo puedo publicarlas<\/strong> (&#8230;). No creo que puedan molestar a nadie\u00bb, se\u00f1al\u00f3 una convencida Isabel Preysler en la presentaci\u00f3n de su biograf\u00eda ante los medios de comunicaci\u00f3n. <\/p>\n","protected":false},"excerpt":{"rendered":"Fue el a\u00f1o 2017, cuando Isabel Preysler y Mario Vargas Llosa recibieron a Harper&#8217;s Bazaar en el domicilio&hellip;\n","protected":false},"author":2,"featured_media":199455,"comment_status":"","ping_status":"","sticky":false,"template":"","format":"standard","meta":{"footnotes":""},"categories":[174],"tags":[255,253,146,147,25,24,256,23],"class_list":{"0":"post-199454","1":"post","2":"type-post","3":"status-publish","4":"format-standard","5":"has-post-thumbnail","7":"category-famosos","8":"tag-celebrities","9":"tag-discover","10":"tag-entertainment","11":"tag-entretenimiento","12":"tag-es","13":"tag-espana","14":"tag-famosos","15":"tag-spain"},"share_on_mastodon":{"url":"https:\/\/pubeurope.com\/@es\/115432438055914195","error":""},"_links":{"self":[{"href":"https:\/\/www.europesays.com\/es\/wp-json\/wp\/v2\/posts\/199454","targetHints":{"allow":["GET"]}}],"collection":[{"href":"https:\/\/www.europesays.com\/es\/wp-json\/wp\/v2\/posts"}],"about":[{"href":"https:\/\/www.europesays.com\/es\/wp-json\/wp\/v2\/types\/post"}],"author":[{"embeddable":true,"href":"https:\/\/www.europesays.com\/es\/wp-json\/wp\/v2\/users\/2"}],"replies":[{"embeddable":true,"href":"https:\/\/www.europesays.com\/es\/wp-json\/wp\/v2\/comments?post=199454"}],"version-history":[{"count":0,"href":"https:\/\/www.europesays.com\/es\/wp-json\/wp\/v2\/posts\/199454\/revisions"}],"wp:featuredmedia":[{"embeddable":true,"href":"https:\/\/www.europesays.com\/es\/wp-json\/wp\/v2\/media\/199455"}],"wp:attachment":[{"href":"https:\/\/www.europesays.com\/es\/wp-json\/wp\/v2\/media?parent=199454"}],"wp:term":[{"taxonomy":"category","embeddable":true,"href":"https:\/\/www.europesays.com\/es\/wp-json\/wp\/v2\/categories?post=199454"},{"taxonomy":"post_tag","embeddable":true,"href":"https:\/\/www.europesays.com\/es\/wp-json\/wp\/v2\/tags?post=199454"}],"curies":[{"name":"wp","href":"https:\/\/api.w.org\/{rel}","templated":true}]}}