{"id":199466,"date":"2025-10-25T02:35:23","date_gmt":"2025-10-25T02:35:23","guid":{"rendered":"https:\/\/www.europesays.com\/es\/199466\/"},"modified":"2025-10-25T02:35:23","modified_gmt":"2025-10-25T02:35:23","slug":"merlin-properties-inaugura-la-ampliacion-de-marineda-city","status":"publish","type":"post","link":"https:\/\/www.europesays.com\/es\/199466\/","title":{"rendered":"Merlin Properties inaugura la ampliaci\u00f3n de Marineda City"},"content":{"rendered":"<p>        <img decoding=\"async\" id=\"\" src=\"https:\/\/www.europesays.com\/es\/wp-content\/uploads\/2025\/10\/vermultimedia.ashx\" class=\"imgNew\" title=\"Merlin inaugura la ampliaci\u00f3n de Marineda City\" alt=\"Merlin inaugura la ampliaci\u00f3n de Marineda City\" itemprop=\"image\" \/><\/p>\n<p>            &#13;<br \/>\n                Acto de inauguraci\u00f3n\u00a0|\u00a0&#13;<br \/>\n                Merlin Properties&#13;<\/p>\n<p>infoRETAIL.- Merlin Properties ha inaugurado la ampliaci\u00f3n del centro comercial Marineda City en La Coru\u00f1a, que se ha convertido en una pieza clave en la estrategia de\u00a0retail de la compa\u00f1\u00eda, tal y como ha destacado el CEO de Merlin Properties, Ismael Clemente.<\/p>\n<p>Tras dos a\u00f1os de reforma, <a href=\"https:\/\/www.revistainforetail.com\/noticiadet\/merlin-compra-el-corte-ingles-de-marineda-city\/4ed056e9b30b47c9f769de8c5bd3657d\" target=\"_blank\" rel=\"noopener nofollow\">despu\u00e9s de la adquisici\u00f3n a El Corte Ingl\u00e9s<\/a>, y 41 millones de euros de inversi\u00f3n, este nuevo espacio se ha integrado en el complejo ya existente con m\u00e1s de 30 nuevas marcas de sectores como la alimentaci\u00f3n, la moda, el deporte, el hogar, la restauraci\u00f3n y el ocio, entre otros, que representan m\u00e1s del 93% de la superficie bruta alquilable.<\/p>\n<p>Desde la compa\u00f1\u00eda inmobiliaria explican que esta nueva ampliaci\u00f3n cuenta con un dise\u00f1o caracterizado por la integraci\u00f3n con el espacio ya existente aportando un ambiente di\u00e1fano, luminoso, con la extensi\u00f3n del lucernario, y c\u00e1lido, con la integraci\u00f3n de\u00a0estructuras de madera y zonas de vegetaci\u00f3n natural.\u00a0<\/p>\n<p>En palabras del arquitecto y socio director de L35 Arquitectos, \u00c1ngel Pi, \u201cel nuevo\u00a0mall est\u00e1 ba\u00f1ado de luz en todas sus plantas comerciales gracias a los lucernarios abiertos sobre grandes pa\u00f1os verticales que favorecen la reflexi\u00f3n, dotando al paseo de un agradable ambiente natural\u201d.<\/p>\n<p>La reforma, que se ha prolongado durante dos a\u00f1os y ha contado con 41 millones de euros de inversi\u00f3n, permitir\u00e1 la entrada de operadores como Mercadona, Primaprix, Veritas o Kiabi<\/p>\n<p>\u201cPor su parte -contin\u00faa el experto-, la plaza ha sido la gran beneficiada por la entrada de luz natural ya que ha quedado completamente cubierta por un gran lucernario que replica el existente, logrando que su percepci\u00f3n sea la de un \u00e1mbito \u00fanico gracias al tratamiento superficial mediante una l\u00e1mina met\u00e1lica ondulada que difumina el puente estructural de cubierta y la coronaci\u00f3n de madera ac\u00fastica que abraza toda la plaza como un elemento singular\u201d.<\/p>\n<p>En la reforma, adem\u00e1s, se ha dado especial importancia a la sostenibilidad, en l\u00ednea con las inversiones que ya ha hecho Merlin Properties en los \u00faltimos a\u00f1os en el centro comercial, implantando diversas medidas de valorizaci\u00f3n de residuos y reciclaje y utilizando sistemas de ahorro de agua y energ\u00eda.<\/p>\n<p>Las personas que visiten Marineda City a partir de ma\u00f1ana podr\u00e1n disfrutar de marcas de moda como Scalpers, Mango Teen, Kiabi, Pepco, Punt Roma, Joma, Futbol Emotion, Sprinter, RKS y JD Sports, as\u00ed como visitar el outlet de marcas de ropa y calzado premium Half Price.<\/p>\n<p>Tambi\u00e9n abrir\u00e1n sus puertas el establecimiento de alimentaci\u00f3n Primaprix; la cadena de art\u00edculos de hogar, juguetes y regalos, MGI; la cadena danesa especializada en decoraci\u00f3n JYSK; la tienda de menaje Oh&#8217;Gar, adem\u00e1s de la tienda especializada en mascotas Guaw. Finalmente, los clientes de Marineda City podr\u00e1n disfrutar de los 800 metros cuadrados (m2) de la firma de cosm\u00e9tica y perfumer\u00eda\u00a0Druni, y de la renovada y amplia Arenal, as\u00ed como de la nueva tienda de Multi\u00f3pticas, la cafeter\u00eda Bombon Boss y la cadena de restauraci\u00f3n Vips.<\/p>\n<p>Pr\u00f3ximas aperturas<br \/>En las pr\u00f3ximas semanas, abrir\u00e1n sus puertas otras de las marcas que han elegido Marineda City para sus nuevos establecimientos. Es el caso de los supermercados Mercadona y Veritas, cadena especializada en alimentaci\u00f3n ecol\u00f3gica, o los locales de restauraci\u00f3n Starbucks y Vicio. En el \u00e1mbito de tecnolog\u00eda, tambi\u00e9n est\u00e1 prevista la pr\u00f3xima apertura del distribuidor oficial de productos Apple K-tuin y el establecimiento de productos electr\u00f3nicos CeX. Asimismo, se incorporar\u00e1 la tienda de colchones y productos de descanso Bed\u2019s.<\/p>\n<p>Finalmente, a lo largo de 2026 se inaugurar\u00e1 Estrella Park Aventura que, con m\u00e1s de 7.000 m2 de superficie, se convertir\u00e1 en el centro de ocio familiar m\u00e1s grande de Galicia con una oferta de toboganes, hinchables XXL, realidad virtual, simuladores, mission room, pistas de futbol indoor y salas de cumplea\u00f1os.<\/p>\n<p>\u00a0<\/p>\n","protected":false},"excerpt":{"rendered":"&#13; Acto de inauguraci\u00f3n\u00a0|\u00a0&#13; Merlin Properties&#13; infoRETAIL.- Merlin Properties ha inaugurado la ampliaci\u00f3n del centro comercial Marineda City&hellip;\n","protected":false},"author":2,"featured_media":199467,"comment_status":"","ping_status":"","sticky":false,"template":"","format":"standard","meta":{"footnotes":""},"categories":[80],"tags":[26344,26345,82,9371,26342,3213,95,94,1180,25,24,25339,26346,2893,26340,1667,1239,3013,10,26341,8462,26343,4223,7659,1738,23],"class_list":{"0":"post-199466","1":"post","2":"type-post","3":"status-publish","4":"format-standard","5":"has-post-thumbnail","7":"category-economia","8":"tag-aceite","9":"tag-aceituna","10":"tag-business","11":"tag-consumer","12":"tag-consumidor","13":"tag-consumo","14":"tag-economia","15":"tag-economy","16":"tag-editorial","17":"tag-es","18":"tag-espana","19":"tag-grandes-superficies","20":"tag-grasas-vegetales","21":"tag-industria","22":"tag-inforetail","23":"tag-informacion","24":"tag-mercado","25":"tag-mundo","26":"tag-noticias","27":"tag-olimerca","28":"tag-oliva","29":"tag-olivar","30":"tag-productos","31":"tag-retail","32":"tag-revista","33":"tag-spain"},"share_on_mastodon":{"url":"https:\/\/pubeurope.com\/@es\/115432478257244571","error":""},"_links":{"self":[{"href":"https:\/\/www.europesays.com\/es\/wp-json\/wp\/v2\/posts\/199466","targetHints":{"allow":["GET"]}}],"collection":[{"href":"https:\/\/www.europesays.com\/es\/wp-json\/wp\/v2\/posts"}],"about":[{"href":"https:\/\/www.europesays.com\/es\/wp-json\/wp\/v2\/types\/post"}],"author":[{"embeddable":true,"href":"https:\/\/www.europesays.com\/es\/wp-json\/wp\/v2\/users\/2"}],"replies":[{"embeddable":true,"href":"https:\/\/www.europesays.com\/es\/wp-json\/wp\/v2\/comments?post=199466"}],"version-history":[{"count":0,"href":"https:\/\/www.europesays.com\/es\/wp-json\/wp\/v2\/posts\/199466\/revisions"}],"wp:featuredmedia":[{"embeddable":true,"href":"https:\/\/www.europesays.com\/es\/wp-json\/wp\/v2\/media\/199467"}],"wp:attachment":[{"href":"https:\/\/www.europesays.com\/es\/wp-json\/wp\/v2\/media?parent=199466"}],"wp:term":[{"taxonomy":"category","embeddable":true,"href":"https:\/\/www.europesays.com\/es\/wp-json\/wp\/v2\/categories?post=199466"},{"taxonomy":"post_tag","embeddable":true,"href":"https:\/\/www.europesays.com\/es\/wp-json\/wp\/v2\/tags?post=199466"}],"curies":[{"name":"wp","href":"https:\/\/api.w.org\/{rel}","templated":true}]}}