{"id":199470,"date":"2025-10-25T02:37:46","date_gmt":"2025-10-25T02:37:46","guid":{"rendered":"https:\/\/www.europesays.com\/es\/199470\/"},"modified":"2025-10-25T02:37:46","modified_gmt":"2025-10-25T02:37:46","slug":"tendran-noticias-de-nuestros-servicios-juridicos","status":"publish","type":"post","link":"https:\/\/www.europesays.com\/es\/199470\/","title":{"rendered":"\u00abTendr\u00e1n noticias de nuestros servicios jur\u00eddicos\u00bb"},"content":{"rendered":"<p style=\"\">La ministra de Sanidad, M\u00f3nica Garc\u00eda, ha elevado la amenaza contra las comunidades aut\u00f3nomas del PP, que este viernes <a href=\"https:\/\/www.abc.es\/sociedad\/comunidades-pp-pais-vasco-abandonan-reunion-monica-20251024111705-nt.html\" target=\"_self\" data-voc-vtm-id=\"in-text-traffic\" title=\"han abandonado la reuni\u00f3n del Consejo Interterritorial\" rel=\"nofollow noopener\">han abandonado la reuni\u00f3n del Consejo Interterritorial<\/a>, para forzarles a dar informaci\u00f3n sobre los cribados de c\u00e1ncer. \u00abTendr\u00e1n noticias de nuestros servicios jur\u00eddicos. Vamos a  &#8230; estudiar todas las v\u00edas legales para que las consejer\u00edas del PP den respuesta e informaci\u00f3n\u00bb, ha advertido en rueda de prensa tras el encuentro. <\/p>\n<p class=\"voc-p\" style=\"\">Garc\u00eda ha llamado \u00abcafres\u00bb a los dirigentes populares, a los que ha acusado de \u00abboicotear\u00bb las respuestas \u00aba una crisis de confianza que hay ahora mismo en la sanidad, que antes estaba circunscrita en Andaluc\u00eda y que se ha extendido a todas las comunidades aut\u00f3nomas del PP\u00bb y ha responsabilizado directamente a la presidenta de la Comunidad de Madrid, Isabel D\u00edaz Ayuso del plant\u00f3n de las autonom\u00edas. \u00abNo s\u00e9 si han dado la orden desde G\u00e9nova 13 o Ayuso desde la Puerta del Sol\u00bb. <\/p>\n<p class=\"voc-p\" style=\"\">\u00abLa obligaci\u00f3n del ministerio es pedir informaci\u00f3n y datos\u00bb, ha proseguido Garc\u00eda, que ha insistido en se\u00f1alar a dirigentes del PP. \u00abEn el momento que quieren ocultar esos datos las preguntas son qu\u00e9 quieren ocultar y a qui\u00e9n quieren proteger. \u00bfA Moreno Bonilla? \u00bfA Ayuso?\u00bb, ha lanzado. Previamente, los consejeros de Sanidad de las regiones populares hab\u00edan defendido que el ministerio est\u00e1 llevando a cabo una \u00abmanipulaci\u00f3n unilateral\u00bb de los acuerdos adoptados en la Ponencia de Cribados del mes de abril. Aseguran que el departamento de Garc\u00eda todav\u00eda no ha puesto en marcha la herramienta necesaria <a href=\"https:\/\/www.abc.es\/sociedad\/comunidades-pp-pais-vasco-abandonan-reunion-monica-20251024111705-nt.html\" target=\"_self\" data-voc-vtm-id=\"in-text-traffic\" title=\"para gestionar los datos sobre los cribados\" rel=\"nofollow noopener\">para gestionar los datos sobre los cribados<\/a> y que est\u00e1 utilizando la crisis \u00abde forma interesada, partidista y en contra del propio sistema nacional de salud\u00bb. <\/p>\n<p class=\"voc-p\" style=\"\">La ministra de Sanidad ha insistido en que el PP \u00abha extendido\u00bb al resto de las comunidades en las que gobierna la crisis por los fallos en los cribados de c\u00e1ncer de Andaluc\u00eda. Sin embargo no ha mencionado los problemas en Castilla-La Mancha, gobernada por el PSOE, donde miles de mujeres del \u00e1rea de Talavera de la Reina no recibieron el resultado de sus mamograf\u00edas por el cierre de la cl\u00ednica al que el Gobierno de Page hab\u00eda adjudicado la gesti\u00f3n de las pruebas. <\/p>\n<p class=\"voc-p\" style=\"\">Los populares han abandonado a primera hora la reuni\u00f3n del Consejo Interterritorial que se celebrara este viernes en Zaragoza para denunciar la \u00abutilizaci\u00f3n partidaria y sectaria\u00bb del mismo por parte del ministerio. Han acusado a la ministra de usar el \u00f3rgano de manera \u00abideol\u00f3gica y al servicio de los intereses del partido en el poder\u00bb. M\u00f3nica Garc\u00eda, por su parte, les ha culpado de \u00abboicotear\u00bb los acuerdos que se iban a votar y que, ante la ausencia de la mayor\u00eda, no han podido ser despachados. \u00abS\u00e9 que hay consejeros del PP que hoy est\u00e1n avergonzados de lo que han hecho\u00bb, ha afirmado. <\/p>\n","protected":false},"excerpt":{"rendered":"La ministra de Sanidad, M\u00f3nica Garc\u00eda, ha elevado la amenaza contra las comunidades aut\u00f3nomas del PP, que este&hellip;\n","protected":false},"author":2,"featured_media":199471,"comment_status":"","ping_status":"","sticky":false,"template":"","format":"standard","meta":{"footnotes":""},"categories":[8],"tags":[17,18,3582,25995,56,25,24,13,14,3142,11,10926,19,20,21317,9,10,15,16,956,4113,23,12,21,22],"class_list":{"0":"post-199470","1":"post","2":"type-post","3":"status-publish","4":"format-standard","5":"has-post-thumbnail","7":"category-espana","8":"tag-breaking-news","9":"tag-breakingnews","10":"tag-comunidades","11":"tag-cribados","12":"tag-datos","13":"tag-es","14":"tag-espana","15":"tag-featured-news","16":"tag-featurednews","17":"tag-garcia","18":"tag-headlines","19":"tag-juridicos","20":"tag-latest-news","21":"tag-latestnews","22":"tag-monica","23":"tag-news","24":"tag-noticias","25":"tag-noticias-destacadas","26":"tag-noticiasdestacadas","27":"tag-pp","28":"tag-servicios","29":"tag-spain","30":"tag-titulares","31":"tag-ultimas-noticias","32":"tag-ultimasnoticias"},"share_on_mastodon":{"url":"https:\/\/pubeurope.com\/@es\/115432489199402816","error":""},"_links":{"self":[{"href":"https:\/\/www.europesays.com\/es\/wp-json\/wp\/v2\/posts\/199470","targetHints":{"allow":["GET"]}}],"collection":[{"href":"https:\/\/www.europesays.com\/es\/wp-json\/wp\/v2\/posts"}],"about":[{"href":"https:\/\/www.europesays.com\/es\/wp-json\/wp\/v2\/types\/post"}],"author":[{"embeddable":true,"href":"https:\/\/www.europesays.com\/es\/wp-json\/wp\/v2\/users\/2"}],"replies":[{"embeddable":true,"href":"https:\/\/www.europesays.com\/es\/wp-json\/wp\/v2\/comments?post=199470"}],"version-history":[{"count":0,"href":"https:\/\/www.europesays.com\/es\/wp-json\/wp\/v2\/posts\/199470\/revisions"}],"wp:featuredmedia":[{"embeddable":true,"href":"https:\/\/www.europesays.com\/es\/wp-json\/wp\/v2\/media\/199471"}],"wp:attachment":[{"href":"https:\/\/www.europesays.com\/es\/wp-json\/wp\/v2\/media?parent=199470"}],"wp:term":[{"taxonomy":"category","embeddable":true,"href":"https:\/\/www.europesays.com\/es\/wp-json\/wp\/v2\/categories?post=199470"},{"taxonomy":"post_tag","embeddable":true,"href":"https:\/\/www.europesays.com\/es\/wp-json\/wp\/v2\/tags?post=199470"}],"curies":[{"name":"wp","href":"https:\/\/api.w.org\/{rel}","templated":true}]}}