{"id":199494,"date":"2025-10-25T03:10:21","date_gmt":"2025-10-25T03:10:21","guid":{"rendered":"https:\/\/www.europesays.com\/es\/199494\/"},"modified":"2025-10-25T03:10:21","modified_gmt":"2025-10-25T03:10:21","slug":"jaka-lakovic-no-se-fia-del-colista-no-hay-ningun-partido-facil-en-la-liga-endesa","status":"publish","type":"post","link":"https:\/\/www.europesays.com\/es\/199494\/","title":{"rendered":"Jaka Lakovic no se f\u00eda del colista: \u00abNo hay ning\u00fan partido f\u00e1cil en la Liga Endesa\u00bb"},"content":{"rendered":"<p><a class=\"v-mdl-ath__fig-a\" href=\"https:\/\/www.canarias7.es\/autor\/oliver-suarez-armas-3403.html\" title=\"\u00d3liver Su\u00e1rez Armas\" rel=\"nofollow noopener\" target=\"_blank\"><br \/>\n<img decoding=\"async\" class=\"v-mdl-ath__img\" src=\"https:\/\/www.europesays.com\/es\/wp-content\/uploads\/2025\/07\/autor-3403-foto-1.jpeg\" alt=\"\u00d3liver Su\u00e1rez Armas\"\/><br \/>\n<\/a><\/p>\n<p class=\"v-mdl-ath__p v-mdl-ath__p--6\">\nViernes, 24 de octubre 2025, 09:48<\/p>\n<p>| Actualizado 14:08h.<\/p>\n<p class=\"v-p\">El Dreamland Gran Canaria <strong>persigue alargar su din\u00e1mica positiva de tres victorias consecutivas<\/strong> entre la Liga Endesa (BAXI Manresa) y la Basketball Champions League (Le Mans Sarthe Basket y KK Spartak Office Shoes). El combinado claretiano, decimotercer clasificado en la fase regular de la Liga Endesa, visitar\u00e1 este domingo (11:00 horas, DAZN) al colista B\u00e0squet Girona con el prop\u00f3sito de dar un golpe sobre la mesa para escalar en la clasificaci\u00f3n.<\/p>\n<p class=\"v-p\">El m\u00e1ximo responsable t\u00e9cnico del equipo amarillo, Jaka Lakovic, se\u00f1al\u00f3 este viernes que \u00ab<strong>el equipo est\u00e1 con m\u00e1s confianza en nuestro trabajo y en el proceso<\/strong>. Hemos mejorado en cohesi\u00f3n y los bajones que sufr\u00edamos son m\u00e1s cortos. Somos m\u00e1s constantes en nuestro juego y estamos respondiendo bien en defensa\u00bb.<\/p>\n<p><a href=\"http:\/\/www.canarias7.es\/deportes\/cb-gran-canaria\/isaiah-wong-criminologo-dreamland-gran-canaria-ganas-20251023164115-nt.html#vtm_modulosEngag=mod-rel:deportes:noticia:1:cmp:1-not\" class=\"v-a-link\" aria-label=\"Imagen\" rel=\"nofollow noopener\" target=\"_blank\"><\/p>\n<p><img decoding=\"async\" loading=\"lazy\" src=\"https:\/\/www.europesays.com\/es\/wp-content\/uploads\/2025\/10\/wong2-kLfF--366x256@Canarias7.jpg\" class=\"v-a-img\" width=\"258\" height=\"180\" alt=\"\" data-voc-vtm-id=\"in-text-traffic\"\/><\/p>\n<p><\/a><\/p>\n<p class=\"v-p\">\u00ab<strong>El Girona ha empezado 0-3, pero no creo que ense\u00f1e la verdad de c\u00f3mo est\u00e1n.<\/strong> Es un equipo peligroso y de calidad. No hay ning\u00fan partido f\u00e1cil en la Liga Endesa. No espera un encuentro muy dif\u00edcil. Est\u00e1n con la necesidad de victorias como todos. Tenemos que igualar el nivel de motivaci\u00f3n y de intensidad\u00bb, argument\u00f3 el preparador esloveno ante los medios de comunicaci\u00f3n en la sala de prensa del Gran Canaria Arena.<\/p>\n<p>Reporta un error<\/p>\n","protected":false},"excerpt":{"rendered":"Viernes, 24 de octubre 2025, 09:48 | Actualizado 14:08h. El Dreamland Gran Canaria persigue alargar su din\u00e1mica positiva&hellip;\n","protected":false},"author":2,"featured_media":199495,"comment_status":"","ping_status":"","sticky":false,"template":"","format":"standard","meta":{"footnotes":""},"categories":[269],"tags":[299,298,4597,7221,168,2125,25,24,1147,3956,4596,54982,7532,50588,22611,23,167],"class_list":{"0":"post-199494","1":"post","2":"type-post","3":"status-publish","4":"format-standard","5":"has-post-thumbnail","7":"category-baloncesto","8":"tag-baloncesto","9":"tag-basketball","10":"tag-basquet","11":"tag-canaria","12":"tag-deportes","13":"tag-directo","14":"tag-es","15":"tag-espana","16":"tag-girona","17":"tag-gran","18":"tag-habla","19":"tag-jaka","20":"tag-jugar","21":"tag-lakovic","22":"tag-previa","23":"tag-spain","24":"tag-sports"},"share_on_mastodon":{"url":"https:\/\/pubeurope.com\/@es\/115432615292916602","error":""},"_links":{"self":[{"href":"https:\/\/www.europesays.com\/es\/wp-json\/wp\/v2\/posts\/199494","targetHints":{"allow":["GET"]}}],"collection":[{"href":"https:\/\/www.europesays.com\/es\/wp-json\/wp\/v2\/posts"}],"about":[{"href":"https:\/\/www.europesays.com\/es\/wp-json\/wp\/v2\/types\/post"}],"author":[{"embeddable":true,"href":"https:\/\/www.europesays.com\/es\/wp-json\/wp\/v2\/users\/2"}],"replies":[{"embeddable":true,"href":"https:\/\/www.europesays.com\/es\/wp-json\/wp\/v2\/comments?post=199494"}],"version-history":[{"count":0,"href":"https:\/\/www.europesays.com\/es\/wp-json\/wp\/v2\/posts\/199494\/revisions"}],"wp:featuredmedia":[{"embeddable":true,"href":"https:\/\/www.europesays.com\/es\/wp-json\/wp\/v2\/media\/199495"}],"wp:attachment":[{"href":"https:\/\/www.europesays.com\/es\/wp-json\/wp\/v2\/media?parent=199494"}],"wp:term":[{"taxonomy":"category","embeddable":true,"href":"https:\/\/www.europesays.com\/es\/wp-json\/wp\/v2\/categories?post=199494"},{"taxonomy":"post_tag","embeddable":true,"href":"https:\/\/www.europesays.com\/es\/wp-json\/wp\/v2\/tags?post=199494"}],"curies":[{"name":"wp","href":"https:\/\/api.w.org\/{rel}","templated":true}]}}