{"id":199611,"date":"2025-10-25T05:07:25","date_gmt":"2025-10-25T05:07:25","guid":{"rendered":"https:\/\/www.europesays.com\/es\/199611\/"},"modified":"2025-10-25T05:07:25","modified_gmt":"2025-10-25T05:07:25","slug":"deslumbra-en-los-premios-con-un-vestido-de-50-euros-de-hm","status":"publish","type":"post","link":"https:\/\/www.europesays.com\/es\/199611\/","title":{"rendered":"deslumbra en los premios con un vestido de 50 euros de H&#038;M"},"content":{"rendered":"<p><strong><a href=\"https:\/\/theobjective.com\/etiqueta\/leonor-de-borbon\/\" rel=\"nofollow noopener\" target=\"_blank\">Leonor<\/a><\/strong>, sus padres y la infanta Sof\u00eda han llegado puntuales al <strong>Teatro Campoamor de Oviedo<\/strong> para presentar los premios Princesa de Asturias en la edici\u00f3n de este a\u00f1o. Al igual que en ocasiones anteriores, y desde que la heredera del trono cumpliera la mayor\u00eda de edad, Leonor ha ido ganando cierta repercusi\u00f3n y protagonismo. Adem\u00e1s, la princesa no ha dejado indiferente a nadie y se ha enfundado un favorecedor vestido en color ciruela con \u2018brilli\u2019 y con corte midi de <strong>H&amp;M por 50 euros<\/strong>. Adem\u00e1s, lo ha combinado con complementos en una tonalidad m\u00e1s oscura. <\/p>\n<p><strong>Puede seguir, en directo y al detalle, los premios Princesa de Asturias aqu\u00ed: <\/strong><a href=\"https:\/\/theobjective.com\/wp-admin\/post.php?post=3793551&amp;action=edit\" rel=\"nofollow noopener\" target=\"_blank\">https:\/\/theobjective.com\/directo\/gente\/2025-10-24\/premios-princesa-asturias-2025-vivo-online-hoy\/<\/a><\/p>\n<p>La ceremonia de esta noche contar\u00e1 con la presencia de los galardonados de la edici\u00f3n de 2025, quienes ser\u00e1n reconocidos por sus contribuciones destacadas en campos como las artes, las ciencias sociales, la investigaci\u00f3n cient\u00edfica y t\u00e9cnica, la cooperaci\u00f3n internacional, la comunicaci\u00f3n y humanidades, los deportes, las letras y la concordia. Entre los premiados se encuentran personalidades como el fil\u00f3sofo <strong>Byung-Chul Han, el escritor Eduardo Mendoza, la fot\u00f3grafa Graciela Iturbide y la tenista <a href=\"https:\/\/theobjective.com\/gente\/2025-10-24\/serena-williams-asesinato-hermana-soportarlo\/\" rel=\"nofollow noopener\" target=\"_blank\">Serena Williams.<\/a><\/strong><\/p>\n<p>Leonor se enfunda un favorecedor traje en los premios Princesa de Asturias <\/p>\n<p><img fetchpriority=\"high\" decoding=\"async\" width=\"1024\" height=\"683\" src=\"https:\/\/www.europesays.com\/es\/wp-content\/uploads\/2025\/10\/familia-real-looks-2025-1024x683.jpg\" alt=\"\" class=\"wp-image-3794985\"  \/>La reina Sof\u00eda con la Familia Real en los premios Princesa de Asturias 2025. | Gtres<\/p>\n<p>Adem\u00e1s de la ceremonia de entrega, los miembros de la Familia Real han participado <strong>en diversas actividades previas<\/strong>, incluyendo <strong><a href=\"https:\/\/theobjective.com\/gente\/2025-10-24\/leonor-no-arriesga-oviedo-inspira-viana\/\" rel=\"nofollow noopener\" target=\"_blank\">audiencias con los galardonados<\/a> <\/strong>y un concierto inaugural en el Auditorio Pr\u00edncipe Felipe de Oviedo. Este conjunto de actos subraya el compromiso de la Fundaci\u00f3n Princesa de Asturias con la promoci\u00f3n de la excelencia y el di\u00e1logo intercultural. Sobre su look, el a\u00f1o pasado, la heredera del trono opt\u00f3 por un traje de dos piezas, con solapas grandes en color negro y con el pelo recogido. Un conjunto que fue de lo m\u00e1s aplaudido por la solemnidad de la elecci\u00f3n. <\/p>\n<p>En su debut en los Premios Princesa de Asturias, con solo 13 a\u00f1os, Leonor opt\u00f3 por <strong>un estilo juvenil y formal<\/strong>. Para la ceremonia de entrega de los galardones, eligi\u00f3 un vestido azul celeste con falda tableada, combin\u00e1ndolo con bailarinas, un look adecuado para su edad y discreto. En la recepci\u00f3n de los galardonados, se decant\u00f3 por un vestido rosa con falda de quillas, mostrando una imagen m\u00e1s madura pero a\u00fan infantil. En otro acto, se present\u00f3 con un conjunto m\u00e1s informal: v<strong>aqueros, gabardina y zapatos tipo brogue, reflejando su transici\u00f3n hacia la adolescencia.<\/strong><\/p>\n<p>Sus looks, a lo largo de la historia de los premios <\/p>\n<p>En la edici\u00f3n de 2020, marcada por la pandemia, Leonor incorpor\u00f3 la <strong>mascarilla <\/strong>a su atuendo. Para el concierto previo, elige un vestido de la extinta marca Po\u00e8te, con un dise\u00f1o sencillo y elegante. Para la ceremonia, opt\u00f3 por un vestido color champ\u00e1n con tacones kitten heels, mostrando un estilo m\u00e1s maduro y acorde a su crecimiento.\u00a0En 2021, Leonor dio un salto en su estilo. Para el concierto previo, eligi\u00f3 <strong>un vestido fucsia de Cayro Woman<\/strong>, con drapeado y asimetr\u00eda en la falda, mostrando un toque juvenil y elegante. Para la ceremonia, se present\u00f3 con un vestido babydoll de estampado geom\u00e9trico y minifalda, reflejando su transici\u00f3n hacia la madurez.\u00a0Al a\u00f1o siguiente, la princesa opt\u00f3 por un estilo m\u00e1s cl\u00e1sico y sofisticado. Para el concierto del d\u00eda anterior, eligi\u00f3 un traje sastre fucsia de Laura Bernal, combinando formalidad y juventud. Para la ceremonia, se enfund\u00f3 un vestido de Michael Kors con estampado de palmeras y lentejuelas, mostrando un estilo m\u00e1s arriesgado y moderno.<\/p>\n<p><img loading=\"lazy\" decoding=\"async\" width=\"1024\" height=\"576\" src=\"https:\/\/www.europesays.com\/es\/wp-content\/uploads\/2025\/10\/preocupacion-letizia-leonor-sofia-1024x576.jpeg\" alt=\"\" class=\"wp-image-3187331\"  \/>Los Reyes y sus hijas en los Premios Princesa de Asturias. | Gtres<\/p>\n<p>En 2023, la princesa eligi\u00f3 <strong>un vestido rosa de Simorra para la audiencia previa<\/strong>, con un corte real y especial. Para la ceremonia, se presenta con un vestido floral de H&amp;M, mostrando un estilo m\u00e1s juvenil y fresco. En la \u00faltima edici\u00f3n, Leonor sorprendi\u00f3 con un esmoquin negro con chaleco a juego, un look masculino que refleja madurez y sofisticaci\u00f3n. Complet\u00f3 el atuendo con <strong>estilettos negros, maquillaje suave y un recogido despeinado, mostrando un estilo elegante y moderno.<\/strong>\u00a0En el d\u00eda de ayer, durante el ic\u00f3nico concierto que da inicio a los eventos relacionados con los premios, la princesa eligi\u00f3 una chaqueta con brillos y de estilo tweed, as\u00ed como un pantal\u00f3n en la misma tonalidad, azul marino, de pata ancha. <\/p>\n","protected":false},"excerpt":{"rendered":"Leonor, sus padres y la infanta Sof\u00eda han llegado puntuales al Teatro Campoamor de Oviedo para presentar los&hellip;\n","protected":false},"author":2,"featured_media":199612,"comment_status":"","ping_status":"","sticky":false,"template":"","format":"standard","meta":{"footnotes":""},"categories":[174],"tags":[55001,255,146,147,25,24,256,1796,34665,811,23],"class_list":{"0":"post-199611","1":"post","2":"type-post","3":"status-publish","4":"format-standard","5":"has-post-thumbnail","7":"category-famosos","8":"tag-casa-real-espau00f1ola","9":"tag-celebrities","10":"tag-entertainment","11":"tag-entretenimiento","12":"tag-es","13":"tag-espana","14":"tag-famosos","15":"tag-oviedo","16":"tag-premios-princesa-de-asturias","17":"tag-princesa-leonor","18":"tag-spain"},"share_on_mastodon":{"url":"https:\/\/pubeurope.com\/@es\/115433075287654584","error":""},"_links":{"self":[{"href":"https:\/\/www.europesays.com\/es\/wp-json\/wp\/v2\/posts\/199611","targetHints":{"allow":["GET"]}}],"collection":[{"href":"https:\/\/www.europesays.com\/es\/wp-json\/wp\/v2\/posts"}],"about":[{"href":"https:\/\/www.europesays.com\/es\/wp-json\/wp\/v2\/types\/post"}],"author":[{"embeddable":true,"href":"https:\/\/www.europesays.com\/es\/wp-json\/wp\/v2\/users\/2"}],"replies":[{"embeddable":true,"href":"https:\/\/www.europesays.com\/es\/wp-json\/wp\/v2\/comments?post=199611"}],"version-history":[{"count":0,"href":"https:\/\/www.europesays.com\/es\/wp-json\/wp\/v2\/posts\/199611\/revisions"}],"wp:featuredmedia":[{"embeddable":true,"href":"https:\/\/www.europesays.com\/es\/wp-json\/wp\/v2\/media\/199612"}],"wp:attachment":[{"href":"https:\/\/www.europesays.com\/es\/wp-json\/wp\/v2\/media?parent=199611"}],"wp:term":[{"taxonomy":"category","embeddable":true,"href":"https:\/\/www.europesays.com\/es\/wp-json\/wp\/v2\/categories?post=199611"},{"taxonomy":"post_tag","embeddable":true,"href":"https:\/\/www.europesays.com\/es\/wp-json\/wp\/v2\/tags?post=199611"}],"curies":[{"name":"wp","href":"https:\/\/api.w.org\/{rel}","templated":true}]}}