{"id":199887,"date":"2025-10-25T09:18:09","date_gmt":"2025-10-25T09:18:09","guid":{"rendered":"https:\/\/www.europesays.com\/es\/199887\/"},"modified":"2025-10-25T09:18:09","modified_gmt":"2025-10-25T09:18:09","slug":"oviedo-reabre-el-velodromo-luis-balague-despues-de-tres-meses-de-obras","status":"publish","type":"post","link":"https:\/\/www.europesays.com\/es\/199887\/","title":{"rendered":"Oviedo reabre el vel\u00f3dromo Luis Balagu\u00e9 despu\u00e9s de tres meses de obras"},"content":{"rendered":"<p class=\"ft-text ft-helper-closenews\">Oviedo pisa el acelerador para tener todas sus instalaciones deportivas en perfecto estado de revista de cara a un pr\u00f3ximo a\u00f1o que se prev\u00e9 especial. <strong>El vel\u00f3dromo Luis Balagu\u00e9, ubicado en las instalaciones del complejo municipal Tensi, acaba de reabrir sus puertas tras tres meses de obras de rehabilitaci\u00f3n<\/strong> ejecutadas por la concejal\u00eda de Infraestructuras, en coordinaci\u00f3n con el \u00e1rea de Deportes del Ayuntamiento. La actuaci\u00f3n, concluida hace una semana, ha supuesto una inversi\u00f3n de 84.000 euros y se enmarca en el plan de modernizaci\u00f3n de equipamientos municipales que el Consistorio impulsa con vistas a la designaci\u00f3n de la capital como Ciudad Europea del Deporte 2026.<\/p>\n<p class=\"ft-text\"><strong>La reci\u00e9n culminada ha permitido recuperar la funcionalidad de una pista que presentaba un notable deterioro tras a\u00f1os de uso<\/strong>. Se ha procedido a la sustituci\u00f3n del pavimento, una limpieza en profundidad, la renovaci\u00f3n de la superficie de rodadura y su pintura completa, logrando un acabado duradero y adaptado a las exigencias t\u00e9cnicas de la pr\u00e1ctica ciclista.<\/p>\n<p class=\"ft-text\">El vel\u00f3dromo, de car\u00e1cter descubierto, cuenta con una cuerda de 333,33 metros y superficie de hormig\u00f3n pulido, y permanecer\u00e1 abierto a clubes, escuelas y deportistas federados, adem\u00e1s de acoger entrenamientos y competiciones. <strong>La instalaci\u00f3n hab\u00eda permanecido cerrada desde el mes de julio, periodo durante el cual tambi\u00e9n se intervinieron las zonas de acceso y las gradas y espacios habilitados para los espectadores<\/strong>.<\/p>\n<p class=\"ft-text\">El equipo de gobierno liderado por <strong>Alfredo Canteli<\/strong> contin\u00faa avanzando en las actuaciones de mejora del vel\u00f3dromo municipal con el objetivo de ofrecer unas instalaciones m\u00e1s seguras, modernas y funcionales para deportistas y usuarios. Los trabajos actualmente ejecutados \u2013centrados en la pista\u2013 se complementar\u00e1n en pr\u00f3ximas fases con la renovaci\u00f3n de las gradas, que tienen una capacidad para 150 personas, y de las vallas perimetrales, lo que permitir\u00e1 dar una imagen m\u00e1s actual y cuidada al conjunto del recinto. <strong>Estas mejoras \u00abno solo incrementar\u00e1n la seguridad y la est\u00e9tica, sino tambi\u00e9n la comodidad de los espectadores y deportistas\u00bb, seg\u00fan el Consistorio<\/strong>.<\/p>\n<p class=\"ft-text\">En sucesivas intervenciones, el Consistorio prev\u00e9, adem\u00e1s, la construcci\u00f3n de nuevos vestuarios de uso espec\u00edfico para el vel\u00f3dromo, completando as\u00ed la modernizaci\u00f3n integral de una instalaci\u00f3n que volver\u00e1 a ser referencia para el ciclismo asturiano. Con estas actuaciones, el Ayuntamiento reafirma su compromiso con la mejora de las infraestructuras deportivas locales y con el fomento de la pr\u00e1ctica del deporte en condiciones \u00f3ptimas para toda la ciudadan\u00eda.<\/p>\n<p class=\"ft-text\"><strong>El recinto lleva el nombre de Luis Balagu\u00e9 (Oviedo, 1944\u20132021), ciclista profesional entre 1969 y 1977, que milit\u00f3 en equipos como Bic, Werner, La Casera, Super Ser y Teka, y que destac\u00f3 como gran escalador y fiel gregario de Jacques Anquetil y Luis Oca\u00f1a<\/strong>. En su palmar\u00e9s figuran victorias de etapa en la Vuelta a los Valles Mineros, la Vuelta a La Rioja y la Vuelta a Espa\u00f1a, donde protagoniz\u00f3 en 1972 una de las escapadas m\u00e1s memorables de la ronda, de 259 kil\u00f3metros entre Manresa y Zaragoza, a\u00fan r\u00e9cord de la prueba.<\/p>\n<p class=\"ft-text\">Con la reapertura del vel\u00f3dromo y las mejoras previstas, el Ayuntamiento pretende recuperar la vitalidad deportiva del complejo deportivo municipal Tensi y reforzar el papel de Oviedo como capital del deporte asturiano. Asimismo permite que tres equipos locales de patinaje afectados por el cierre puedan recuperar su espacio de entrenamiento.<\/p>\n<p data-close=\"closedContent\" class=\"subscribeHideForDisplay\">Suscr\u00edbete para seguir leyendo<\/p>\n","protected":false},"excerpt":{"rendered":"Oviedo pisa el acelerador para tener todas sus instalaciones deportivas en perfecto estado de revista de cara a&hellip;\n","protected":false},"author":2,"featured_media":199888,"comment_status":"","ping_status":"","sticky":false,"template":"","format":"standard","meta":{"footnotes":""},"categories":[273],"tags":[1250,55059,313,2838,14761,312,168,25,24,7820,474,1796,18936,23,167,39427],"class_list":{"0":"post-199887","1":"post","2":"type-post","3":"status-publish","4":"format-standard","5":"has-post-thumbnail","7":"category-ciclismo","8":"tag-ayuntamiento","9":"tag-balague","10":"tag-ciclismo","11":"tag-ciclistas","12":"tag-consistorio","13":"tag-cycling","14":"tag-deportes","15":"tag-es","16":"tag-espana","17":"tag-luis","18":"tag-obras","19":"tag-oviedo","20":"tag-reabre","21":"tag-spain","22":"tag-sports","23":"tag-velodromo"},"share_on_mastodon":{"url":"https:\/\/pubeurope.com\/@es\/115434062012628462","error":""},"_links":{"self":[{"href":"https:\/\/www.europesays.com\/es\/wp-json\/wp\/v2\/posts\/199887","targetHints":{"allow":["GET"]}}],"collection":[{"href":"https:\/\/www.europesays.com\/es\/wp-json\/wp\/v2\/posts"}],"about":[{"href":"https:\/\/www.europesays.com\/es\/wp-json\/wp\/v2\/types\/post"}],"author":[{"embeddable":true,"href":"https:\/\/www.europesays.com\/es\/wp-json\/wp\/v2\/users\/2"}],"replies":[{"embeddable":true,"href":"https:\/\/www.europesays.com\/es\/wp-json\/wp\/v2\/comments?post=199887"}],"version-history":[{"count":0,"href":"https:\/\/www.europesays.com\/es\/wp-json\/wp\/v2\/posts\/199887\/revisions"}],"wp:featuredmedia":[{"embeddable":true,"href":"https:\/\/www.europesays.com\/es\/wp-json\/wp\/v2\/media\/199888"}],"wp:attachment":[{"href":"https:\/\/www.europesays.com\/es\/wp-json\/wp\/v2\/media?parent=199887"}],"wp:term":[{"taxonomy":"category","embeddable":true,"href":"https:\/\/www.europesays.com\/es\/wp-json\/wp\/v2\/categories?post=199887"},{"taxonomy":"post_tag","embeddable":true,"href":"https:\/\/www.europesays.com\/es\/wp-json\/wp\/v2\/tags?post=199887"}],"curies":[{"name":"wp","href":"https:\/\/api.w.org\/{rel}","templated":true}]}}