{"id":19990,"date":"2025-08-02T04:59:07","date_gmt":"2025-08-02T04:59:07","guid":{"rendered":"https:\/\/www.europesays.com\/es\/19990\/"},"modified":"2025-08-02T04:59:07","modified_gmt":"2025-08-02T04:59:07","slug":"un-fichaje-que-gusta-en-heliopolis","status":"publish","type":"post","link":"https:\/\/www.europesays.com\/es\/19990\/","title":{"rendered":"Un fichaje que gusta en Heli\u00f3polis"},"content":{"rendered":"<p class=\"parrafo\">El Betis sigue dando pasos en el mercado. Junto con el Atl\u00e9tico de Madrid, es el equipo m\u00e1s activo en el mismo. <strong>Ya ha incorporado a siete jugadores tras la llegada de Valent\u00edn G\u00f3mez<\/strong>. Ha renovado la porter\u00eda con \u00c1lvaro Valles y Pau L\u00f3pez, ha firmado el regreso de Junior para el lateral izquierdo y del citado central argentino para completar la zaga tras ejercer tambi\u00e9n la opci\u00f3n de compra por Natan y ha reforzado el ataque con Riquelme y un Gonzalo Petit que podr\u00eda salir cedido. <strong>Ahora, el octavo est\u00e1 a punto de aterrizar en Sevilla<\/strong>.<\/p>\n<p class=\"parrafo\"><strong>Nelson Deossa ha sido la gran apuesta de la direcci\u00f3n deportiva verdiblanca<\/strong>. Manu Fajardo y Ram\u00f3n Alarc\u00f3n viajaron a M\u00e9xico, como prueba de la importancia de la negociaci\u00f3n, para cerrar un fichaje deseado para el centro del campo del conjunto de Pellegrini. El t\u00e9cnico chileno ha perdido a dos hombres importantes. Cardoso era el eje del Betis y William Carvalho, con sus m\u00e1s y sus menos, siempre ha sido un futbolista de mucha calidad. El colombiano rompe un poco con la din\u00e1mica de fichajes a un precio bajo -con compra de porcentajes- o libres que tan bien est\u00e1n trabajando en Heli\u00f3polis, ya que costar\u00e1 un fijo de algo m\u00e1s de <strong>11 millones de euros<\/strong> y unos pluses de algo menos de <strong>dos millones. <\/strong><\/p>\n<p><a class=\"elementos-rel-t2\" href=\"https:\/\/www.estadiodeportivo.com\/futbol\/betis\/los-detalles-finales-gran-apuesta-por-deossa-minero-precio-oro-20250730-506079.html\" title=\"Los detalles finales de la gran apuesta por Deossa, un ex minero a precio de oro\" rel=\"nofollow noopener\" target=\"_blank\">Los detalles finales de la gran apuesta por Deossa, un ex minero a precio de oro<img decoding=\"async\" src=\"https:\/\/www.europesays.com\/es\/wp-content\/uploads\/2025\/08\/bb57eae7-699d-49af-b74d-ac2b9ef23a56_320x180.jpeg\" alt=\"Los detalles finales de la gran apuesta por Deossa, un ex minero a precio de oro\"\/><\/a><a class=\"elementos-rel-t2\" href=\"https:\/\/www.estadiodeportivo.com\/futbol\/betis\/las-opciones-para-completar-sala-maquinas-nombres-plazos-opciones-dinero-caja-20250801-506316.html\" title=\"Las opciones para completar la &#039;sala de m\u00e1quinas&#039;: nombres, plazos, opciones, dinero en caja...\" rel=\"nofollow noopener\" target=\"_blank\">Las opciones para completar la &#8216;sala de m\u00e1quinas&#8217;: nombres, plazos, opciones, dinero en caja&#8230;<img decoding=\"async\" src=\"https:\/\/www.europesays.com\/es\/wp-content\/uploads\/2025\/08\/5c7d9794-8b53-45c5-b46c-b3b6517d54df_320x180.jpeg\" alt=\"Las opciones para completar la 'sala de m\u00e1quinas': nombres, plazos, opciones, dinero en caja...\"\/><\/a><a class=\"elementos-rel-t2\" href=\"https:\/\/www.estadiodeportivo.com\/futbol\/betis\/proximo-fichaje-del-betis-tras-cerrar-deossa-20250801-506216.html\" title=\"El pr\u00f3ximo fichaje del Betis tras cerrar a Deossa\" rel=\"nofollow noopener\" target=\"_blank\">El pr\u00f3ximo fichaje del Betis tras cerrar a Deossa<img decoding=\"async\" src=\"https:\/\/www.europesays.com\/es\/wp-content\/uploads\/2025\/08\/d44ec5b9-e8c4-411d-b70f-c10f2694b9bf_320x180.jpeg\" alt=\"El pr\u00f3ximo fichaje del Betis tras cerrar a Deossa\"\/><\/a><\/p>\n<p class=\"parrafo\">El centrocampista de M\u00e1rmato dej\u00f3 una gran imagen en el Mundial de Clubes con Monterrey y eso hizo crecer su valor en el mercado. <strong>Pese al inter\u00e9s de m\u00e1s equipos, el colombiano ten\u00eda clara su intenci\u00f3n de fichar por el Betis y llegar a Europa<\/strong>. El hecho de no tener un sueldo alto es lo que ha permitido al conjunto verdiblanco invertir una buena cantidad de dinero en \u00e9l. Pero como este fichaje se sale un poco de la l\u00ednea que marcan los gerentes del club de La Palmera, en Estadio Deportivo hemos querido preguntar en nuestra encuesta Helvetia a la afici\u00f3n b\u00e9tica por su parecer sobre el fichaje y la fuerte inversi\u00f3n por \u00e9l.<\/p>\n<p><img decoding=\"async\" src=\"https:\/\/www.europesays.com\/es\/wp-content\/uploads\/2025\/08\/a8eebaba-2fa5-4f81-9bc0-fdb2a1bda388_785x202.jpeg\" loading=\"lazy\"\/><\/p>\n<p class=\"parrafo\">La hinchada verdiblanca ha respondido con una afirmaci\u00f3n arrolladora. <strong>El 78,5% de los votantes han elegido la opci\u00f3n del &#8216;s\u00ed&#8217; a la pregunta sobre si le parece bien la fuerte inversi\u00f3n por el centrocampista<\/strong>. Est\u00e1 claro que el fichaje ilusiona a la afici\u00f3n del Real Betis y tienen esperanzas puestas en su incorporaci\u00f3n. El conjunto verdiblanco ha hecho con este fichaje eso que tantas veces se le pide a los clubes de dejar el dinero en el campo. <strong>Tan s\u00f3lo el 21,5% no hubieran apostado tanto por el colombiano<\/strong>.<\/p>\n","protected":false},"excerpt":{"rendered":"El Betis sigue dando pasos en el mercado. Junto con el Atl\u00e9tico de Madrid, es el equipo m\u00e1s&hellip;\n","protected":false},"author":2,"featured_media":19991,"comment_status":"","ping_status":"","sticky":false,"template":"","format":"standard","meta":{"footnotes":""},"categories":[93],"tags":[168,25,24,284,285,282,288,286,23,167],"class_list":{"0":"post-19990","1":"post","2":"type-post","3":"status-publish","4":"format-standard","5":"has-post-thumbnail","7":"category-deportes","8":"tag-deportes","9":"tag-es","10":"tag-espana","11":"tag-estadio-deportivo","12":"tag-fichajes","13":"tag-futbol","14":"tag-laliga","15":"tag-real-betis-balompie","16":"tag-spain","17":"tag-sports"},"share_on_mastodon":{"url":"","error":""},"_links":{"self":[{"href":"https:\/\/www.europesays.com\/es\/wp-json\/wp\/v2\/posts\/19990","targetHints":{"allow":["GET"]}}],"collection":[{"href":"https:\/\/www.europesays.com\/es\/wp-json\/wp\/v2\/posts"}],"about":[{"href":"https:\/\/www.europesays.com\/es\/wp-json\/wp\/v2\/types\/post"}],"author":[{"embeddable":true,"href":"https:\/\/www.europesays.com\/es\/wp-json\/wp\/v2\/users\/2"}],"replies":[{"embeddable":true,"href":"https:\/\/www.europesays.com\/es\/wp-json\/wp\/v2\/comments?post=19990"}],"version-history":[{"count":0,"href":"https:\/\/www.europesays.com\/es\/wp-json\/wp\/v2\/posts\/19990\/revisions"}],"wp:featuredmedia":[{"embeddable":true,"href":"https:\/\/www.europesays.com\/es\/wp-json\/wp\/v2\/media\/19991"}],"wp:attachment":[{"href":"https:\/\/www.europesays.com\/es\/wp-json\/wp\/v2\/media?parent=19990"}],"wp:term":[{"taxonomy":"category","embeddable":true,"href":"https:\/\/www.europesays.com\/es\/wp-json\/wp\/v2\/categories?post=19990"},{"taxonomy":"post_tag","embeddable":true,"href":"https:\/\/www.europesays.com\/es\/wp-json\/wp\/v2\/tags?post=19990"}],"curies":[{"name":"wp","href":"https:\/\/api.w.org\/{rel}","templated":true}]}}