{"id":199900,"date":"2025-10-25T09:30:09","date_gmt":"2025-10-25T09:30:09","guid":{"rendered":"https:\/\/www.europesays.com\/es\/199900\/"},"modified":"2025-10-25T09:30:09","modified_gmt":"2025-10-25T09:30:09","slug":"muere-la-actriz-isabelle-tate-a-los-23-anos-de-edad","status":"publish","type":"post","link":"https:\/\/www.europesays.com\/es\/199900\/","title":{"rendered":"Muere la actriz Isabelle Tate a los 23 a\u00f1os de edad"},"content":{"rendered":"<p class=\"c-paragraph\">La actriz estadounidense <b>Isabelle Tate<\/b> ha muerto a los 23 a\u00f1os de edad. La int\u00e9rprete, conocida por su papel en la serie 9-1-1: Nashville, que emite en Estados Unidos la cadena ABC, falleci\u00f3 el pasado 19, y ahora se han conocido los detalles del suceso.<\/p>\n<p class=\"c-paragraph\">Tal y como recoge la revista <a href=\"https:\/\/people.com\/9-1-1-nashville-star-isabelle-tate-cause-of-death-11836079\" rel=\"nofollow noreferrer noopener\" title=\"9-1-1: Nashville Star Isabelle Tate&#039;s Cause of Death Announced After She Died at 23\" target=\"_blank\">People<\/a>,\u00a0Tate acababa de graduarse de la Universidad Estatal de Middle Tennessee y hab\u00eda conseguido<b> su primer papel como actriz <\/b>en 9-1-1: Nashville antes de morir.<\/p>\n<p class=\"c-paragraph\">El jueves 23 de octubre, la agencia de talentos de Tate, The McCray Agency, anunci\u00f3 en una historia de Instagram que la actriz falleci\u00f3 a causa de una rara enfermedad llamada<b> s\u00edndrome de Charcot-Marie-Tooth.<\/b><\/p>\n<p class=\"c-paragraph\">Seg\u00fan la Asociaci\u00f3n Charcot-Marie-Tooth (CMTA), es una enfermedad <b>multisist\u00e9mica y multiorg\u00e1nica<\/b> poco frecuente que causa s\u00edntomas progresivos y cr\u00f3nicos, como debilidad y atrofia muscular en brazos y piernas, p\u00e9rdida sensorial y otras complicaciones.<\/p>\n<p class=\"c-paragraph\">Estos s\u00edntomas suelen provocar dificultades para <b>mantener el equilibrio, caminar<\/b>, usar las manos y realizar otras actividades cotidianas.<\/p>\n<p class=\"c-paragraph\">La agencia de actores McCray public\u00f3 en Instagram: \u00abNos entristece profundamente y nos duele profundamente compartir que <b>Isabelle Tate falleci\u00f3 el 19 de octubre. <\/b>Ten\u00eda 23 a\u00f1os\u00bb.<\/p>\n<p class=\"c-paragraph\">La joven apareci\u00f3 en el episodio piloto de 9-1-1: Nashville.\u00a0Interpretaba a Julie, quien estaba en silla de ruedas y asist\u00eda a un espect\u00e1culo de striptease cuando el personaje interpretado por <b>Hunter McVey<\/b>, Blue, le prestaba especial atenci\u00f3n.\u00a0<\/p>\n<p class=\"c-paragraph\">McVey declar\u00f3 a People que estaba \u00abconmocionado\u00bb al enterarse de la muerte de Tate y ofreci\u00f3 \u00aboraciones por su familia\u00bb. \u00abNo conoc\u00eda a Isabelle antes de filmar, pero no podr\u00eda haber pedido a <b>alguien mejor con quien trabajar <\/b>en uno de mis primeros d\u00edas en el set\u00bb, dijo.<\/p>\n","protected":false},"excerpt":{"rendered":"La actriz estadounidense Isabelle Tate ha muerto a los 23 a\u00f1os de edad. La int\u00e9rprete, conocida por su&hellip;\n","protected":false},"author":2,"featured_media":199901,"comment_status":"","ping_status":"","sticky":false,"template":"","format":"standard","meta":{"footnotes":""},"categories":[91],"tags":[6456,146,147,25,24,18061,4417,8938,23,55068],"class_list":{"0":"post-199900","1":"post","2":"type-post","3":"status-publish","4":"format-standard","5":"has-post-thumbnail","7":"category-entretenimiento","8":"tag-actriz","9":"tag-entertainment","10":"tag-entretenimiento","11":"tag-es","12":"tag-espana","13":"tag-isabelle","14":"tag-los","15":"tag-muere","16":"tag-spain","17":"tag-tate"},"share_on_mastodon":{"url":"https:\/\/pubeurope.com\/@es\/115434109423716773","error":""},"_links":{"self":[{"href":"https:\/\/www.europesays.com\/es\/wp-json\/wp\/v2\/posts\/199900","targetHints":{"allow":["GET"]}}],"collection":[{"href":"https:\/\/www.europesays.com\/es\/wp-json\/wp\/v2\/posts"}],"about":[{"href":"https:\/\/www.europesays.com\/es\/wp-json\/wp\/v2\/types\/post"}],"author":[{"embeddable":true,"href":"https:\/\/www.europesays.com\/es\/wp-json\/wp\/v2\/users\/2"}],"replies":[{"embeddable":true,"href":"https:\/\/www.europesays.com\/es\/wp-json\/wp\/v2\/comments?post=199900"}],"version-history":[{"count":0,"href":"https:\/\/www.europesays.com\/es\/wp-json\/wp\/v2\/posts\/199900\/revisions"}],"wp:featuredmedia":[{"embeddable":true,"href":"https:\/\/www.europesays.com\/es\/wp-json\/wp\/v2\/media\/199901"}],"wp:attachment":[{"href":"https:\/\/www.europesays.com\/es\/wp-json\/wp\/v2\/media?parent=199900"}],"wp:term":[{"taxonomy":"category","embeddable":true,"href":"https:\/\/www.europesays.com\/es\/wp-json\/wp\/v2\/categories?post=199900"},{"taxonomy":"post_tag","embeddable":true,"href":"https:\/\/www.europesays.com\/es\/wp-json\/wp\/v2\/tags?post=199900"}],"curies":[{"name":"wp","href":"https:\/\/api.w.org\/{rel}","templated":true}]}}