{"id":199916,"date":"2025-10-25T09:41:11","date_gmt":"2025-10-25T09:41:11","guid":{"rendered":"https:\/\/www.europesays.com\/es\/199916\/"},"modified":"2025-10-25T09:41:11","modified_gmt":"2025-10-25T09:41:11","slug":"el-asedio-a-los-calatravos-ya-recorre-la-provincia","status":"publish","type":"post","link":"https:\/\/www.europesays.com\/es\/199916\/","title":{"rendered":"El Asedio a los Calatravos ya recorre la provincia"},"content":{"rendered":"<p>A las 8.15 horas desde el pabell\u00edn Ifedi de Ciudad Real ha partido el Desaf\u00edo\u00a0Sport-Bike Ciudad Real Asedio a los Calatravos, una ruta cicloturista que en su primera edici\u00f3n ha contado con 716 inscritos, procedentes de diferentes puntos de Espa\u00f1a. Esta ruta consta de 188 kil\u00f3metros, con un desnivel acumulado de 1.400 metros, pasando por los municipios de Miguelturra, Pozuelo, Almagro, Bola\u00f1os, Gran\u00e1tula, Calzada, Villanueva de San Carlos, Argamasilla de Calatrava, Villamayor, Cabezarados, Los Pozuelos, Alcolea, Poblete y regreso a Ciudad Real, con la meta ubicada en la Avenida de los Reyes Cat\u00f3licos, junto al Quijote Arena. Se espera a los primeros corredores cerca de las 13.30 horas. All\u00ed ser\u00e1 donde los corredores puedan ducharse, y desde all\u00ed funcionar\u00e1 de manera constante el tren tur\u00edstico del Ayuntamiento, que podr\u00e1 trasladar a participantes y acompa\u00f1antes y aficionados de esa zona hasta el Ifedi, donde ya funcionan otros servicios, desde este viernes, como &#8216;food truck&#8217;, m\u00fasica, carpas y expositores de marcas comerciales y negocios locales, adem\u00e1s de ofrecerse unas migas elaboradas por la Asociaci\u00f3n de Pe\u00f1as.<\/p>\n<p>El pelot\u00f3n ha ido controlado a una velocidad m\u00e1xima de 35 kms\/h durante unos kil\u00f3metros, y luego velocidad libre. Habr\u00e1\u00a0un tramo diez kil\u00f3metros cronometrados (desde el 145 a 155) en los que se pondr\u00e1 en juego el Premio Fusi\u00f3n \u00d3ptica para los tres primeros de cada categor\u00eda y g\u00e9nero. La llegada a meta est\u00e1 prevista a partir de las 13.30 horas.<\/p>\n<p>Adem\u00e1s de las administraciones p\u00fablicas, la organizaci\u00f3n cuenta con el apoyo de la Asociaci\u00f3n para el Desarrollo del Campo de Calatrava y numerosas firmas comerciales, entre ellas La Tribuna, que ejerce como medio oficial de la prueba en el marco de los actos de celebraci\u00f3n de su 35 aniversario.<\/p>\n<p><img decoding=\"async\" loading=\"lazy\" src=\"https:\/\/www.europesays.com\/es\/wp-content\/uploads\/2025\/10\/AB16F888-0A27-4187-A811419A3DE010D7.JPG\" alt=\"El Asedio a los Calatravos ya recorre la provincia\" border=\"0\"\/>El Asedio a los Calatravos ya recorre la provincia<\/p>\n<p>Entre las autoridades que han asistido a la salida han estado Carlos Yuste, director general de Deportes de la Junta, y el concejal de Deportes, Pau Beltr\u00e1n, as\u00ed como Eva Mar\u00eda Mas\u00edas, concejala en el Ayuntamiento de Ciudad Real. Este inicio de la ruta se ha producido sin ning\u00fan tipo de incidencias.<\/p>\n<p>Beltr\u00e1n ha destacado el impacto positivo que para la capital tiene un evento de estas caracter\u00edsticas \u00abcon gente que viene a vernos, a disfrutar de nuestra gastronom\u00eda, a conocer nuestra ciudad\u00bb desde numerosas provincias. \u00abCreo que es algo muy bueno para Ciudad Real\u00bb, motivo por el que ha mostrado su deseo de que la prueba pueda consolidarse en los pr\u00f3ximos a\u00f1os con nuevas ediciones.<\/p>\n<p>El edil ha agradecido la implicaci\u00f3n de los voluntarios, de los integrantes de Protecci\u00f3n Civil, Polic\u00eda Local y Nacional y Guardia Civil que a lo largo de la jornada se vuelcan para que pueda celebrarse con normalidad. Beltr\u00e1n ha calificado como un \u00abrotundo \u00e9xito\u00bb la capacidad de convocatoria que ha tenido esta primera edici\u00f3n del \u00abAsedio a los Calatravos\u00bb.<\/p>\n<p><img decoding=\"async\" loading=\"lazy\" src=\"https:\/\/www.europesays.com\/es\/wp-content\/uploads\/2025\/10\/975A05B8-5B7F-4AD2-BE94C0E38110CCF3.JPG\" alt=\"El Asedio a los Calatravos ya recorre la provincia\" border=\"0\"\/>El Asedio a los Calatravos ya recorre la provincia<\/p>\n<p>Por su parte, el director general de Juventud y Deportes, Carlos Yuste, ha destacado que se trata de \u00abun evento que contribuye a dinamizar la econom\u00eda local y a promocionar el territorio desde el punto de vista tur\u00edstico y deportivo\u00bb.<\/p>\n<p>En este sentido, Yuste ha puesto en valor la importancia del Desaf\u00edo Sport-Bike Ciudad Real porque \u00abno s\u00f3lo fomentan la pr\u00e1ctica del deporte y la vida saludable, sino que contribuye de manera directa a dinamizar la econom\u00eda local, atraer visitantes y dar a conocer el patrimonio cultural, hist\u00f3rico y natural del Campo de Calatrava.<\/p>\n<p>Precisamente por ello, el director general augura que esta prueba \u00abnace con vocaci\u00f3n de continuidad y crecimiento\u00bb.<\/p>\n<p><img decoding=\"async\" loading=\"lazy\" src=\"https:\/\/www.europesays.com\/es\/wp-content\/uploads\/2025\/10\/072ACF6D-A798-4B52-BD4DE1C7FCF036EC.JPG\" alt=\"El Asedio a los Calatravos ya recorre la provincia\" border=\"0\"\/>El Asedio a los Calatravos ya recorre la provincia<\/p>\n<p>Un objetivo compartido con el Ejecutivo castellanomanchego, que ha destinado m\u00e1s de 400.000 euros en la promoci\u00f3n del ciclismo en la comunidad aut\u00f3noma en un a\u00f1o en el que la regi\u00f3n ha sido sede de grandes citas, entre ellas, el Campeonato de Espa\u00f1a de Deporte Escolar (CESA 2025), la primera edici\u00f3n de la Vuelta Ciclista a Castilla?La Mancha LEADER y eventos cicloturistas de gran relevancia como la Tit\u00e1n de La Mancha, la Gran Fondo Sierra de Albacete o la Prueba Ciclista Hermanos Herrada.<\/p>\n<p>El impacto econ\u00f3mico de pruebas similares indica que cada participante puede generar un gasto medio adicional en alojamientos, restauraci\u00f3n, transporte y comercio local, lo que se traduce en un importante retorno directo para el territorio. \u00abEstos eventos son promoci\u00f3n tur\u00edstica activa. Quien viene, disfruta y vuelve, y eso es clave para el desarrollo de nuestros pueblos\u00bb, ha apuntado Carlos Yuste.<\/p>\n<p>M\u00e1s fotos:<img decoding=\"async\" loading=\"lazy\" src=\"https:\/\/www.europesays.com\/es\/wp-content\/uploads\/2025\/10\/A73155A9-3DE1-473D-A2CFEFE363824681.JPG\" alt=\"El Asedio a los Calatravos ya recorre la provincia\" border=\"0\"\/>El Asedio a los Calatravos ya recorre la provincia<img decoding=\"async\" loading=\"lazy\" src=\"https:\/\/www.europesays.com\/es\/wp-content\/uploads\/2025\/10\/D13FAC0C-A122-42FF-90946912641D7EFC.JPG\" alt=\"El Asedio a los Calatravos ya recorre la provincia\" border=\"0\"\/>El Asedio a los Calatravos ya recorre la provincia<\/p>\n<p>Finalmente, el director general de Juventud y Deportes ha felicitado a la organizaci\u00f3n del Desaf\u00edo Sport-Bike Ciudad Real, a entidades colaboradoras, patrocinadores y a todas las personas voluntarias implicadas en la puesta en marcha de esta prueba, destacando que \u00abel esfuerzo compartido permite que Castilla?La Mancha siga consolid\u00e1ndose como un referente en el impulso del deporte sostenible vinculado al territorio y abierto a la participaci\u00f3n\u00bb.<\/p>\n","protected":false},"excerpt":{"rendered":"A las 8.15 horas desde el pabell\u00edn Ifedi de Ciudad Real ha partido el Desaf\u00edo\u00a0Sport-Bike Ciudad Real Asedio&hellip;\n","protected":false},"author":2,"featured_media":199917,"comment_status":"","ping_status":"","sticky":false,"template":"","format":"standard","meta":{"footnotes":""},"categories":[273],"tags":[4865,1653,1948,54024,24014,313,1940,312,168,25,24,10247,10245,29410,19423,4092,23,167,4664],"class_list":{"0":"post-199916","1":"post","2":"type-post","3":"status-publish","4":"format-standard","5":"has-post-thumbnail","7":"category-ciclismo","8":"tag-administraciones-publicas","9":"tag-almagro","10":"tag-argamasilla-de-calatrava","11":"tag-avenida-reyes-catolicos","12":"tag-campo-de-calatrava","13":"tag-ciclismo","14":"tag-ciudad-real","15":"tag-cycling","16":"tag-deportes","17":"tag-es","18":"tag-espana","19":"tag-los-pozuelos-de-calatrava","20":"tag-miguelturra","21":"tag-poblete","22":"tag-pozuelo","23":"tag-quijote-arena","24":"tag-spain","25":"tag-sports","26":"tag-turismo"},"share_on_mastodon":{"url":"https:\/\/pubeurope.com\/@es\/115434152605061160","error":""},"_links":{"self":[{"href":"https:\/\/www.europesays.com\/es\/wp-json\/wp\/v2\/posts\/199916","targetHints":{"allow":["GET"]}}],"collection":[{"href":"https:\/\/www.europesays.com\/es\/wp-json\/wp\/v2\/posts"}],"about":[{"href":"https:\/\/www.europesays.com\/es\/wp-json\/wp\/v2\/types\/post"}],"author":[{"embeddable":true,"href":"https:\/\/www.europesays.com\/es\/wp-json\/wp\/v2\/users\/2"}],"replies":[{"embeddable":true,"href":"https:\/\/www.europesays.com\/es\/wp-json\/wp\/v2\/comments?post=199916"}],"version-history":[{"count":0,"href":"https:\/\/www.europesays.com\/es\/wp-json\/wp\/v2\/posts\/199916\/revisions"}],"wp:featuredmedia":[{"embeddable":true,"href":"https:\/\/www.europesays.com\/es\/wp-json\/wp\/v2\/media\/199917"}],"wp:attachment":[{"href":"https:\/\/www.europesays.com\/es\/wp-json\/wp\/v2\/media?parent=199916"}],"wp:term":[{"taxonomy":"category","embeddable":true,"href":"https:\/\/www.europesays.com\/es\/wp-json\/wp\/v2\/categories?post=199916"},{"taxonomy":"post_tag","embeddable":true,"href":"https:\/\/www.europesays.com\/es\/wp-json\/wp\/v2\/tags?post=199916"}],"curies":[{"name":"wp","href":"https:\/\/api.w.org\/{rel}","templated":true}]}}