{"id":199918,"date":"2025-10-25T09:43:10","date_gmt":"2025-10-25T09:43:10","guid":{"rendered":"https:\/\/www.europesays.com\/es\/199918\/"},"modified":"2025-10-25T09:43:10","modified_gmt":"2025-10-25T09:43:10","slug":"el-fichaje-bajito-que-queria-cubells-sigue-maravillando-en-la-euroliga","status":"publish","type":"post","link":"https:\/\/www.europesays.com\/es\/199918\/","title":{"rendered":"El fichaje &#8216;bajito&#8217; que quer\u00eda Cubells sigue maravillando en la Euroliga"},"content":{"rendered":"<p class=\"ft-text\">Al igual que sucedi\u00f3 en la primera etapa de Joan Laporta como presidente del Bar\u00e7a, <a class=\"ft-link ft-link--decoration\" href=\"https:\/\/www.sport.es\/es\/noticias\/barca\/baloncesto\/preguntas-deberia-contestar-cubells-mala-118680476\" rel=\"nofollow noopener\" target=\"_blank\"><strong>el abogado Josep Cubells se hizo cargo en 2021 del baloncesto azulgrana<\/strong><\/a><strong> <\/strong>y pocas figuras habr\u00e1n estado m\u00e1s cuestionadas y criticadas por sus palabras y por sus hechos.<\/p>\n<p class=\"ft-text\">Sin embargo, <strong>el pasado verano el directivo azulgrana dej\u00f3 caer un jugador muy interesante<\/strong> de cara al mercado de fichajes y lo cierto es que se ha convertido en la gran sensaci\u00f3n de la Euroliga, con una actuaci\u00f3n extraordinaria en las seis jornadas disputadas.<\/p>\n<p class=\"ft-text\">El baloncesto europeo premia a los equipos que re\u00fanen a los mejores jugadores que no son un objetivo de la NBA o a quienes emprenden el camino de vuelta y regresan al Viejo Continente, <a class=\"ft-link ft-link--decoration\" href=\"https:\/\/www.sport.es\/es\/noticias\/baloncesto\/euroliga\/oficial-vezenkov-vuelve-olympiacos-sacude-106054423\" rel=\"nofollow noopener\" target=\"_blank\"><strong>como Sasha Vezenkov (Olympiacos)<\/strong><\/a><strong>, Walter Tavares (Real Madrid) o Kendrick Nunn (PAO)<\/strong>.<\/p>\n<p><img decoding=\"async\" src=\"https:\/\/www.europesays.com\/es\/wp-content\/uploads\/2025\/10\/460b41b4-0b04-4808-acac-4289b07df00c_alta-libre-aspect-ratio_default_0.jpg\" width=\"1200\" height=\"675\" alt=\"A Josep Cubells le gusta mucho Nadir Hifi\" class=\"ft-helper-img-rd\" loading=\"lazy\" hasdataaida=\"true\"\/><\/p>\n<p class=\"ft-helper-fontColor-quaternary ft-helper-fontSize-body-S ft-helper-spacer-t-xxs\">A Josep Cubells le gusta mucho Nadir Hifi  \/ DANI BARBEITO<\/p>\n<p class=\"ft-text\"><a class=\"ft-link ft-link--decoration\" href=\"https:\/\/www.sport.es\/es\/noticias\/baloncesto\/nadir-hifi-sentencia-baskonia-paris-122664544\" rel=\"nofollow noopener\" target=\"_blank\"><strong>La opci\u00f3n de Nadir Hifi<\/strong><\/a><strong> estaba muy bien lanzado<\/strong>. A sus 23 a\u00f1os, el escolta nacido en Estrasburgo y con nacionalidad francesa y argelina no ha dejado de dar pasos adelante desde que en 2023 se enrol\u00f3 en el Paris Basketball, procedente del modesto Le Portel de Primera gala.<\/p>\n<p class=\"ft-text\">El internacional &#8216;bleu&#8217; tiene un <strong>h\u00e1ndicap de cara a un futuro en la NBA: la altura. Con apenas 1,85 metros<\/strong>, las puertas para un escolta parecen tan cerradas <a class=\"ft-link ft-link--decoration\" href=\"https:\/\/www.sport.es\/es\/noticias\/baloncesto\/mejor-jugador-euroliga-da-calabazas-116681532\" rel=\"nofollow noopener\" target=\"_blank\">como para su excompa\u00f1ero de equipo TJ Shorts<\/a>, quien ahora brilla en el Panathinaikos con tan solo 175 cent\u00edmetros de altura.<\/p>\n<p class=\"ft-text\">En su debut en la Euroliga <a class=\"ft-link ft-link--decoration\" href=\"https:\/\/www.sport.es\/es\/noticias\/deportes\/juegos-olimpicos\/francia-resiste-alemania-meterse-final-106763584\" rel=\"nofollow noopener\" target=\"_blank\">tras pasar de puntillas por los Juegos de Par\u00eds<\/a>, el curso pasado promedi\u00f3 <strong>15,1 puntos (34,2% de acierto en triples), 2,8 rebotes y +10,6<\/strong> de valoraci\u00f3n. Sin duda, unas cifras m\u00e1s que notables para un jugador que ten\u00eda entonces 22 a\u00f1os.<\/p>\n<p class=\"ft-text\">Lo de esta Euroliga es de traca. <strong>Nadir Hifi es el m\u00e1ximo anotador con 23,2 puntos de media<\/strong> (39,6% en triples), 4,2 asistencias (16\u00ba). Y es el tercero m\u00e1s valorado con +21,5, tras el exazulgrana Vezenkov (+25) y del estadounidense-nigeriano Jordan Nwora con 23,7 (Estrella Roja).<\/p>\n<p class=\"ft-text\">El talentoso jugador franc\u00e9s es canela en rama y Cubells estuvo muy vivo al apuntar su nombre, pero <strong>la direcci\u00f3n deportiva opt\u00f3 por <\/strong><a class=\"ft-link ft-link--decoration\" href=\"https:\/\/www.sport.es\/es\/noticias\/barca\/baloncesto\/verdades-myles-cale-ofrecer-energia-122862146\" rel=\"nofollow noopener\" target=\"_blank\">un perfil m\u00e1s f\u00edsico como Myles Cale<\/a> en una posici\u00f3n en la que ya estaban Kevin Punter, Dar\u00edo Brizuela y Nico Laprovittola (si no juega como base).<\/p>\n<p class=\"ft-text\">\u00bfY qu\u00e9 ha cambiado? Pues que <strong>Hifi est\u00e1 jugando de base en una sabia decisi\u00f3n de Francesco Tabellin<\/strong>i, sucesor en el banquillo de Tiago Splitter. Ah\u00ed su altura lo penaliza menos y&#8230; la NBA no ser\u00eda una quimera.<\/p>\n","protected":false},"excerpt":{"rendered":"Al igual que sucedi\u00f3 en la primera etapa de Joan Laporta como presidente del Bar\u00e7a, el abogado Josep&hellip;\n","protected":false},"author":2,"featured_media":199919,"comment_status":"","ping_status":"","sticky":false,"template":"","format":"standard","meta":{"footnotes":""},"categories":[269],"tags":[299,2296,298,9020,168,25,24,55069,55070,4819,23,167],"class_list":{"0":"post-199918","1":"post","2":"type-post","3":"status-publish","4":"format-standard","5":"has-post-thumbnail","7":"category-baloncesto","8":"tag-baloncesto","9":"tag-barca","10":"tag-basketball","11":"tag-cubells","12":"tag-deportes","13":"tag-es","14":"tag-espana","15":"tag-hifi","16":"tag-nadir-hifi","17":"tag-penarroya","18":"tag-spain","19":"tag-sports"},"share_on_mastodon":{"url":"https:\/\/pubeurope.com\/@es\/115434160832461269","error":""},"_links":{"self":[{"href":"https:\/\/www.europesays.com\/es\/wp-json\/wp\/v2\/posts\/199918","targetHints":{"allow":["GET"]}}],"collection":[{"href":"https:\/\/www.europesays.com\/es\/wp-json\/wp\/v2\/posts"}],"about":[{"href":"https:\/\/www.europesays.com\/es\/wp-json\/wp\/v2\/types\/post"}],"author":[{"embeddable":true,"href":"https:\/\/www.europesays.com\/es\/wp-json\/wp\/v2\/users\/2"}],"replies":[{"embeddable":true,"href":"https:\/\/www.europesays.com\/es\/wp-json\/wp\/v2\/comments?post=199918"}],"version-history":[{"count":0,"href":"https:\/\/www.europesays.com\/es\/wp-json\/wp\/v2\/posts\/199918\/revisions"}],"wp:featuredmedia":[{"embeddable":true,"href":"https:\/\/www.europesays.com\/es\/wp-json\/wp\/v2\/media\/199919"}],"wp:attachment":[{"href":"https:\/\/www.europesays.com\/es\/wp-json\/wp\/v2\/media?parent=199918"}],"wp:term":[{"taxonomy":"category","embeddable":true,"href":"https:\/\/www.europesays.com\/es\/wp-json\/wp\/v2\/categories?post=199918"},{"taxonomy":"post_tag","embeddable":true,"href":"https:\/\/www.europesays.com\/es\/wp-json\/wp\/v2\/tags?post=199918"}],"curies":[{"name":"wp","href":"https:\/\/api.w.org\/{rel}","templated":true}]}}